{"id":3904,"date":"2020-06-19T14:35:05","date_gmt":"2020-06-19T17:35:05","guid":{"rendered":"http:\/\/www.santaritadopassaquatro.sp.gov.br\/portal\/?p=3904"},"modified":"2020-06-19T14:35:05","modified_gmt":"2020-06-19T17:35:05","slug":"dengue-recua-em-maio-e-junho-mas-continua-sendo-preocupacao","status":"publish","type":"post","link":"https:\/\/www.santaritadopassaquatro.sp.gov.br\/portal\/dengue-recua-em-maio-e-junho-mas-continua-sendo-preocupacao\/","title":{"rendered":"Dengue recua em maio e junho, mas continua sendo preocupa\u00e7\u00e3o"},"content":{"rendered":"<p><strong><em>Ao todo, munic\u00edpio registra 474 casos positivos; crescimento em maio e junho \u00e9 menor que dos meses anteriores <\/em><\/strong><\/p>\n<p>&nbsp;<\/p>\n<figure id=\"attachment_3906\" aria-describedby=\"caption-attachment-3906\" style=\"width: 221px\" class=\"wp-caption alignleft\"><img decoding=\"async\" class=\"wp-image-3906 size-medium\" src=\"http:\/\/www.santaritadopassaquatro.sp.gov.br\/portal\/wp-content\/uploads\/2020\/06\/saude_dengue-221x300.jpg\" alt=\"\" width=\"221\" height=\"300\" srcset=\"https:\/\/www.santaritadopassaquatro.sp.gov.br\/portal\/wp-content\/uploads\/2020\/06\/saude_dengue-221x300.jpg 221w, https:\/\/www.santaritadopassaquatro.sp.gov.br\/portal\/wp-content\/uploads\/2020\/06\/saude_dengue.jpg 590w\" sizes=\"(max-width: 221px) 100vw, 221px\" \/><figcaption id=\"caption-attachment-3906\" class=\"wp-caption-text\"><span style=\"font-size: 8pt; color: #999999;\"><em><strong>Equipe de Controle de Vetores realizando a nebuliza\u00e7\u00e3o contra a dengue na cidade (Arquivo\/Divulga\u00e7\u00e3o)<\/strong><\/em><\/span><\/figcaption><\/figure>\n<p>A incid\u00eancia da dengue em Santa Rita do Passa Quatro vem sendo menor nos \u00faltimos dois meses, em rela\u00e7\u00e3o aos anteriores. Nos primeiros quatro meses de 2020, os casos positivos estiveram em ascend\u00eancia constante, partindo de 25 registrados em janeiro, para 137 em abril. Maio registrou 76 e junho, at\u00e9 esta quinta-feira (18\/6) estava com 24 casos positivos. No total do ano, at\u00e9 esta data, foram notificadas 585 suspeitas, com 474 resultados positivos e 98 negativos.<\/p>\n<p>Os n\u00fameros de 2020 s\u00f3 n\u00e3o superam a epidemia de 2015, um ano de 2015 foi at\u00edpico, quando o munic\u00edpio registou 805 casos apenas no primeiro semestre, entre eles, um \u00f3bito em fun\u00e7\u00e3o de complica\u00e7\u00f5es causadas pela doen\u00e7a.<\/p>\n<p>Neste ano, o avan\u00e7o s\u00f3 n\u00e3o \u00e9 maior gra\u00e7as ao empenho do Departamento Municipal de Sa\u00fade, especialmente da Equipe de Controle de Vetores.\u00a0 Mas a doen\u00e7a continua sendo uma preocupa\u00e7\u00e3o, especialmente diante da pandemia de Covid-19 (novo coronav\u00edrus).<\/p>\n<p>Apesar da redu\u00e7\u00e3o a equipe de Controle de Vetores continua com trabalho intenso de preven\u00e7\u00e3o e combate ao mosquito <em>Aedes aegypti, <\/em>o principal vetor da doen\u00e7a. A orienta\u00e7\u00e3o \u00e9 de que os moradores deixem os agentes entrarem nas resid\u00eancias para uma atua\u00e7\u00e3o mais eficiente. O trabalho vai desde a orienta\u00e7\u00e3o e preven\u00e7\u00e3o at\u00e9 o combate o combate efetivo, com o chamado bloqueio ativo e nebuliza\u00e7\u00e3o.<\/p>\n<p>Qualquer recipiente que possa acumular \u00e1gua pode ser um poss\u00edvel criadouro do mosquito. \u00c9 importante que alguns cuidados sejam tomados, como: lavar bebedouros de animais; n\u00e3o ter pratinhos em vasos de plantas; eliminar qualquer tipo de local que acumule \u00e1gua. H\u00e1 uma grande preocupa\u00e7\u00e3o com rela\u00e7\u00e3o as calhas tamb\u00e9m, que s\u00e3o locais de dif\u00edcil acesso.<\/p>\n<p>Os sintomas da dengue s\u00e3o febre alta (39\u00b0 a 40\u00b0C), dores de cabe\u00e7a, cansa\u00e7o, dor muscular e nas articula\u00e7\u00f5es, indisposi\u00e7\u00e3o, enjoos, v\u00f4mitos, entre outros. No caso da dengue hemorr\u00e1gica, pode aparecer sangramento de pequenos vasos da pele e outros \u00f3rg\u00e3os e ainda tonturas por causa da queda na press\u00e3o arterial.<\/p>\n<p>Se algum sintoma for identificado, a pessoa deve procurar por uma das Unidades B\u00e1sicas de Sa\u00fade (Postinhos) ou a Santa Casa, que est\u00e1 montando uma sala exclusiva de atendimento, com a triagem de poss\u00edveis casos. A dengue pode levar a morte.<\/p>\n<p>&nbsp;<\/p>\n<p><strong>ERRATA<\/strong><\/p>\n<p>No in\u00edcio do m\u00eas de junho, foi divulgado que o munic\u00edpio registrava 570 casos positivos de dengue em 2020, o n\u00famero por\u00e9m refere-se ao total de notificados, n\u00e3o necessariamente confirmados em exames.<\/p>\n<p>&nbsp;<\/p>\n<p><strong>\u00a0<\/strong><\/p>\n","protected":false},"excerpt":{"rendered":"<p>Ao todo, munic\u00edpio registra 474 casos positivos; crescimento em maio e junho \u00e9 menor que dos meses anteriores &nbsp; A<\/p>\n","protected":false},"author":1,"featured_media":3730,"comment_status":"closed","ping_status":"open","sticky":false,"template":"","format":"standard","meta":{"footnotes":""},"categories":[40,52,58],"tags":[],"class_list":["post-3904","post","type-post","status-publish","format-standard","has-post-thumbnail","hentry","category-covid-19","category-latest","category-health"],"_links":{"self":[{"href":"https:\/\/www.santaritadopassaquatro.sp.gov.br\/portal\/wp-json\/wp\/v2\/posts\/3904","targetHints":{"allow":["GET"]}}],"collection":[{"href":"https:\/\/www.santaritadopassaquatro.sp.gov.br\/portal\/wp-json\/wp\/v2\/posts"}],"about":[{"href":"https:\/\/www.santaritadopassaquatro.sp.gov.br\/portal\/wp-json\/wp\/v2\/types\/post"}],"author":[{"embeddable":true,"href":"https:\/\/www.santaritadopassaquatro.sp.gov.br\/portal\/wp-json\/wp\/v2\/users\/1"}],"replies":[{"embeddable":true,"href":"https:\/\/www.santaritadopassaquatro.sp.gov.br\/portal\/wp-json\/wp\/v2\/comments?post=3904"}],"version-history":[{"count":1,"href":"https:\/\/www.santaritadopassaquatro.sp.gov.br\/portal\/wp-json\/wp\/v2\/posts\/3904\/revisions"}],"predecessor-version":[{"id":3907,"href":"https:\/\/www.santaritadopassaquatro.sp.gov.br\/portal\/wp-json\/wp\/v2\/posts\/3904\/revisions\/3907"}],"wp:featuredmedia":[{"embeddable":true,"href":"https:\/\/www.santaritadopassaquatro.sp.gov.br\/portal\/wp-json\/wp\/v2\/media\/3730"}],"wp:attachment":[{"href":"https:\/\/www.santaritadopassaquatro.sp.gov.br\/portal\/wp-json\/wp\/v2\/media?parent=3904"}],"wp:term":[{"taxonomy":"category","embeddable":true,"href":"https:\/\/www.santaritadopassaquatro.sp.gov.br\/portal\/wp-json\/wp\/v2\/categories?post=3904"},{"taxonomy":"post_tag","embeddable":true,"href":"https:\/\/www.santaritadopassaquatro.sp.gov.br\/portal\/wp-json\/wp\/v2\/tags?post=3904"}],"curies":[{"name":"wp","href":"https:\/\/api.w.org\/{rel}","templated":true}]}}