{"id":3909,"date":"2020-06-19T14:38:02","date_gmt":"2020-06-19T17:38:02","guid":{"rendered":"http:\/\/www.santaritadopassaquatro.sp.gov.br\/portal\/?p=3909"},"modified":"2020-06-19T14:38:02","modified_gmt":"2020-06-19T17:38:02","slug":"covid-19-novo-decreto-estabelece-novas-regras-para-os-proximos-15-dias-me-santa-rita","status":"publish","type":"post","link":"https:\/\/www.santaritadopassaquatro.sp.gov.br\/portal\/covid-19-novo-decreto-estabelece-novas-regras-para-os-proximos-15-dias-me-santa-rita\/","title":{"rendered":"COVID-19:\u00a0Novo Decreto estabelece novas regras para os pr\u00f3ximos 15 dias me Santa Rita  \u00a0"},"content":{"rendered":"<p>&nbsp;<\/p>\n<p><strong><em>Publicado na \u00faltima segunda-feira (15\/6) no Di\u00e1rio Oficial Eletr\u00f4nico do Munic\u00edpio estabelece medidas restritivas de funcionamento de estabelecimentos comerciais <\/em><\/strong><\/p>\n<p><strong><em>\u00a0<\/em><\/strong><\/p>\n<figure id=\"attachment_3911\" aria-describedby=\"caption-attachment-3911\" style=\"width: 300px\" class=\"wp-caption alignleft\"><img decoding=\"async\" class=\"wp-image-3911 size-medium\" src=\"http:\/\/www.santaritadopassaquatro.sp.gov.br\/portal\/wp-content\/uploads\/2020\/06\/Reuniao_primeiro_decreto-300x200.jpg\" alt=\"\" width=\"300\" height=\"200\" srcset=\"https:\/\/www.santaritadopassaquatro.sp.gov.br\/portal\/wp-content\/uploads\/2020\/06\/Reuniao_primeiro_decreto-300x200.jpg 300w, https:\/\/www.santaritadopassaquatro.sp.gov.br\/portal\/wp-content\/uploads\/2020\/06\/Reuniao_primeiro_decreto-768x512.jpg 768w, https:\/\/www.santaritadopassaquatro.sp.gov.br\/portal\/wp-content\/uploads\/2020\/06\/Reuniao_primeiro_decreto-1024x683.jpg 1024w\" sizes=\"(max-width: 300px) 100vw, 300px\" \/><figcaption id=\"caption-attachment-3911\" class=\"wp-caption-text\"><span style=\"font-size: 8pt; color: #999999;\"><em><strong>Prefeito e representantes da ACE, comerciantes, Santa Casa e PM em reuni\u00e3o, in\u00edcio da pandemia para elaborar o primeiro decreto (Arquivo\/AssCom\/Divulga\u00e7\u00e3o)<\/strong><\/em><\/span><\/figcaption><\/figure>\n<p>O prefeito de Santa Rita do Passa Quatro Leandro Luciano dos Santos editou novo decreto na \u00faltima segunda-feira (15\/6) determinando medidas restritivas de funcionamento de estabelecimentos comerciais no munic\u00edpio. As medidas visam conter o avan\u00e7o do novo coronav\u00edrus, causador da doen\u00e7a Covid-19. O munic\u00edpio tem 25 casos confirmados da doen\u00e7a, de acordo com a Vigil\u00e2ncia Epidemiol\u00f3gica Estadual, desde o in\u00edcio da pandeia, at\u00e9 o final da \u00faltima quarta-feira (18\/3). Do total, 15 j\u00e1 se recuperaram, um \u00f3bito foi registrado, outros sete pacientes seguem em isolamento domiciliar e um segue internado no Grip\u00e1rio da Santa Casa.<\/p>\n<figure id=\"attachment_3910\" aria-describedby=\"caption-attachment-3910\" style=\"width: 300px\" class=\"wp-caption alignright\"><img decoding=\"async\" class=\"wp-image-3910 size-medium\" src=\"http:\/\/www.santaritadopassaquatro.sp.gov.br\/portal\/wp-content\/uploads\/2020\/06\/Prefeito_entrevista_EPTV-300x200.jpg\" alt=\"\" width=\"300\" height=\"200\" srcset=\"https:\/\/www.santaritadopassaquatro.sp.gov.br\/portal\/wp-content\/uploads\/2020\/06\/Prefeito_entrevista_EPTV-300x200.jpg 300w, https:\/\/www.santaritadopassaquatro.sp.gov.br\/portal\/wp-content\/uploads\/2020\/06\/Prefeito_entrevista_EPTV-768x512.jpg 768w, https:\/\/www.santaritadopassaquatro.sp.gov.br\/portal\/wp-content\/uploads\/2020\/06\/Prefeito_entrevista_EPTV-1024x683.jpg 1024w\" sizes=\"(max-width: 300px) 100vw, 300px\" \/><figcaption id=\"caption-attachment-3910\" class=\"wp-caption-text\"><span style=\"font-size: 8pt; color: #999999;\"><em><strong>Em entrevista para a EPTV, o prefeito explicou as novas normas (AssCom\/Divulga\u00e7\u00e3o)<\/strong><\/em><\/span><\/figcaption><\/figure>\n<p>O Decreto Municipal n\u00ba 2.930, que disp\u00f5e sobre as a\u00e7\u00f5es controladas das medidas de isolamento em atividades consideradas n\u00e3o essenciais, foi elaborado com informa\u00e7\u00f5es t\u00e9cnicas do Departamento Municipal de Sa\u00fade, Santa Casa e Comit\u00ea de Enfrentamento ao Coronav\u00edrus, baseadas na situa\u00e7\u00e3o atual do munic\u00edpio.<\/p>\n<p>Este \u00e9 o quarto decreto editado, desde o in\u00edcio da pandemia. O primeiro foi publicado no dia 21 de mar\u00e7o, ap\u00f3s reuni\u00e3o realizada com a Associa\u00e7\u00e3o Comercial de Empresarial (ACE), comerciantes de diversos setores, m\u00e9dicos, Santa Casa e Pol\u00edcia Militar.<\/p>\n<p>Tamb\u00e9m na segunda-feira, o prefeito concedeu entrevista ao vivo para a EPTV Central, no jornal do meio dia, e gravou reportagem que foi veiculada a noite, no mesmo dia, explicando as novas regras.<\/p>\n<p>O decreto pode ser conferido na \u00edntegra na edi\u00e7\u00e3o 279 do Di\u00e1rio Oficial Eletr\u00f4nico <a href=\"https:\/\/imprensaoficialmunicipal.com.br\/santa_rita_do_passa_quatro\">(clique aqui).<\/a><\/p>\n<p><strong>\u00a0<\/strong><\/p>\n<p>&nbsp;<\/p>\n<p>&nbsp;<\/p>\n<p>&nbsp;<\/p>\n","protected":false},"excerpt":{"rendered":"<p>&nbsp; Publicado na \u00faltima segunda-feira (15\/6) no Di\u00e1rio Oficial Eletr\u00f4nico do Munic\u00edpio estabelece medidas restritivas de funcionamento de estabelecimentos comerciais<\/p>\n","protected":false},"author":1,"featured_media":3910,"comment_status":"closed","ping_status":"open","sticky":false,"template":"","format":"standard","meta":{"footnotes":""},"categories":[44,40,58],"tags":[],"class_list":["post-3909","post","type-post","status-publish","format-standard","has-post-thumbnail","hentry","category-cidades","category-covid-19","category-health"],"_links":{"self":[{"href":"https:\/\/www.santaritadopassaquatro.sp.gov.br\/portal\/wp-json\/wp\/v2\/posts\/3909","targetHints":{"allow":["GET"]}}],"collection":[{"href":"https:\/\/www.santaritadopassaquatro.sp.gov.br\/portal\/wp-json\/wp\/v2\/posts"}],"about":[{"href":"https:\/\/www.santaritadopassaquatro.sp.gov.br\/portal\/wp-json\/wp\/v2\/types\/post"}],"author":[{"embeddable":true,"href":"https:\/\/www.santaritadopassaquatro.sp.gov.br\/portal\/wp-json\/wp\/v2\/users\/1"}],"replies":[{"embeddable":true,"href":"https:\/\/www.santaritadopassaquatro.sp.gov.br\/portal\/wp-json\/wp\/v2\/comments?post=3909"}],"version-history":[{"count":1,"href":"https:\/\/www.santaritadopassaquatro.sp.gov.br\/portal\/wp-json\/wp\/v2\/posts\/3909\/revisions"}],"predecessor-version":[{"id":3912,"href":"https:\/\/www.santaritadopassaquatro.sp.gov.br\/portal\/wp-json\/wp\/v2\/posts\/3909\/revisions\/3912"}],"wp:featuredmedia":[{"embeddable":true,"href":"https:\/\/www.santaritadopassaquatro.sp.gov.br\/portal\/wp-json\/wp\/v2\/media\/3910"}],"wp:attachment":[{"href":"https:\/\/www.santaritadopassaquatro.sp.gov.br\/portal\/wp-json\/wp\/v2\/media?parent=3909"}],"wp:term":[{"taxonomy":"category","embeddable":true,"href":"https:\/\/www.santaritadopassaquatro.sp.gov.br\/portal\/wp-json\/wp\/v2\/categories?post=3909"},{"taxonomy":"post_tag","embeddable":true,"href":"https:\/\/www.santaritadopassaquatro.sp.gov.br\/portal\/wp-json\/wp\/v2\/tags?post=3909"}],"curies":[{"name":"wp","href":"https:\/\/api.w.org\/{rel}","templated":true}]}}