{"id":3913,"date":"2020-06-19T14:41:08","date_gmt":"2020-06-19T17:41:08","guid":{"rendered":"http:\/\/www.santaritadopassaquatro.sp.gov.br\/portal\/?p=3913"},"modified":"2020-06-19T14:41:08","modified_gmt":"2020-06-19T17:41:08","slug":"historia-comeca-a-restauracao-do-museu-zequinha-de-abreu","status":"publish","type":"post","link":"https:\/\/www.santaritadopassaquatro.sp.gov.br\/portal\/historia-comeca-a-restauracao-do-museu-zequinha-de-abreu\/","title":{"rendered":"HIST\u00d3RIA\u00a0Come\u00e7a a restaura\u00e7\u00e3o do museu Zequinha de Abreu  \u00a0"},"content":{"rendered":"<p>&nbsp;<\/p>\n<p><strong><em>Projeto foi um dos 140 selecionados, entre 800 inscritos em edital do Fundo Estadual de Defesa dos Interesses Difusos<\/em><\/strong><\/p>\n<p>&nbsp;<\/p>\n<figure id=\"attachment_3914\" aria-describedby=\"caption-attachment-3914\" style=\"width: 300px\" class=\"wp-caption alignleft\"><img decoding=\"async\" class=\"wp-image-3914 size-medium\" src=\"http:\/\/www.santaritadopassaquatro.sp.gov.br\/portal\/wp-content\/uploads\/2020\/06\/Restauracao_Museu_foto01_edit-300x200.jpg\" alt=\"\" width=\"300\" height=\"200\" srcset=\"https:\/\/www.santaritadopassaquatro.sp.gov.br\/portal\/wp-content\/uploads\/2020\/06\/Restauracao_Museu_foto01_edit-300x200.jpg 300w, https:\/\/www.santaritadopassaquatro.sp.gov.br\/portal\/wp-content\/uploads\/2020\/06\/Restauracao_Museu_foto01_edit-768x512.jpg 768w, https:\/\/www.santaritadopassaquatro.sp.gov.br\/portal\/wp-content\/uploads\/2020\/06\/Restauracao_Museu_foto01_edit-1024x682.jpg 1024w, https:\/\/www.santaritadopassaquatro.sp.gov.br\/portal\/wp-content\/uploads\/2020\/06\/Restauracao_Museu_foto01_edit.jpg 1976w\" sizes=\"(max-width: 300px) 100vw, 300px\" \/><figcaption id=\"caption-attachment-3914\" class=\"wp-caption-text\"><span style=\"color: #999999; font-size: 8pt;\"><em><strong>Prefeito e diretor de Turismo e Cultura, com representantes da empresa que est\u00e3o restaurando o Museu (AssCom\/Divulga\u00e7\u00e3o)<\/strong><\/em><\/span><\/figcaption><\/figure>\n<p>Considerado um dos cart\u00f5es postais de Santa Rita do Passa Quatro, a antiga esta\u00e7\u00e3o ferrovi\u00e1ria da Companhia Paulista, que atualmente abriga o Museu Zequinha de Abreu, teve suas obras de restaura\u00e7\u00e3o iniciadas esta semana. O local \u00e9 tombado como patrim\u00f4nio hist\u00f3rico pelo Condephaat (Conselho de Defesa do Patrim\u00f4nio Hist\u00f3rico, Arqueol\u00f3gico, Art\u00edstico e Tur\u00edstico), e est\u00e1 recebendo cerca de R$ 1 milh\u00e3o em investimentos, atrav\u00e9s de conv\u00eanio com a Secretaria de Estado da Justi\u00e7a e Cidadania, com recursos do Fundo Estadual de Defesa dos Interesses Difusos (FID).<\/p>\n<figure id=\"attachment_3915\" aria-describedby=\"caption-attachment-3915\" style=\"width: 300px\" class=\"wp-caption alignright\"><img decoding=\"async\" class=\"wp-image-3915 size-medium\" src=\"http:\/\/www.santaritadopassaquatro.sp.gov.br\/portal\/wp-content\/uploads\/2020\/06\/Restauracao_Museu_foto02_edit-300x200.jpg\" alt=\"\" width=\"300\" height=\"200\" srcset=\"https:\/\/www.santaritadopassaquatro.sp.gov.br\/portal\/wp-content\/uploads\/2020\/06\/Restauracao_Museu_foto02_edit-300x200.jpg 300w, https:\/\/www.santaritadopassaquatro.sp.gov.br\/portal\/wp-content\/uploads\/2020\/06\/Restauracao_Museu_foto02_edit-768x512.jpg 768w, https:\/\/www.santaritadopassaquatro.sp.gov.br\/portal\/wp-content\/uploads\/2020\/06\/Restauracao_Museu_foto02_edit-1024x682.jpg 1024w, https:\/\/www.santaritadopassaquatro.sp.gov.br\/portal\/wp-content\/uploads\/2020\/06\/Restauracao_Museu_foto02_edit.jpg 1976w\" sizes=\"(max-width: 300px) 100vw, 300px\" \/><figcaption id=\"caption-attachment-3915\" class=\"wp-caption-text\"><span style=\"font-size: 8pt; color: #999999;\"><em><strong> O local j\u00e1 est\u00e1 isolado para in\u00edcio das obras (AssCom\/Divulga\u00e7\u00e3o)<\/strong><\/em><\/span><\/figcaption><\/figure>\n<p style=\"text-align: left;\">O conv\u00eanio foi assinado pelo prefeito Leandro Luciano dos Santos, ap\u00f3s aprova\u00e7\u00e3o do \u00a0\u00a0projeto elaborado pelo Departamento Municipal de Obras e Infraestrutura, com aprova\u00e7\u00e3o do Condephaat, ap\u00f3s an\u00e1lise dos aspectos hist\u00f3ricos e seu grande valor cultural.<\/p>\n<p>O FID \u00e9 um fundo mantido por a\u00e7\u00f5es civis p\u00fablicas destinado ao ressarcimento \u00e0 coletividade, dos danos causados ao meio ambiente, ao consumidor, a bens e direitos de valor art\u00edstico, est\u00e9tico, hist\u00f3rico, tur\u00edstico e paisag\u00edstico, no Estado de S\u00e3o Paulo. O projeto do Museu foi um dos 140 aprovados, entre cerca de 800 inscritos no FID, e Santa Rita esteve entre os 15 primeiros munic\u00edpios beneficiados.<\/p>\n<p>Por se tratar de uma obra de restaura\u00e7\u00e3o, puderam participar do processo de licita\u00e7\u00e3o apenas empresas especializadas. A empresa vencedora foi a A3 Atelier de Arte Aplicada Ltda. \u2013 ME, de S\u00e3o Joaquim da Barra (SP).<\/p>\n<p>Esta semana, o prefeito esteve visitando o in\u00edcio das obras. Se acordo com a empresa, grande parte da m\u00e3o-de-obra ser\u00e1 contratada do pr\u00f3prio munic\u00edpio, garantindo que parte desse recurso vai girar na economia local.<\/p>\n<p>\u201cForam muitos anos de luta para chegar a este objetivo, que muitos benef\u00edcios trar\u00e1 a nossa cultura e turismo\u201d, disse o prefeito. \u201cAssim, estamos contribuindo n\u00e3o s\u00f3 com a nossa cultura, mas tamb\u00e9m com a gera\u00e7\u00e3o de renda para nossa popula\u00e7\u00e3o e em breve a contribui\u00e7\u00e3o ser\u00e1 ainda maior, atraindo turistas para a nossa Est\u00e2ncia, estimulando a nossa economia e contando nossa hist\u00f3ria\u201d, concluiu.<\/p>\n<p>&nbsp;<\/p>\n<p>&nbsp;<\/p>\n<p>&nbsp;<\/p>\n<p><em>\u00a0<\/em><\/p>\n<p>&nbsp;<\/p>\n<p>&nbsp;<\/p>\n<p>&nbsp;<\/p>\n","protected":false},"excerpt":{"rendered":"<p>&nbsp; Projeto foi um dos 140 selecionados, entre 800 inscritos em edital do Fundo Estadual de Defesa dos Interesses Difusos<\/p>\n","protected":false},"author":1,"featured_media":3916,"comment_status":"closed","ping_status":"open","sticky":false,"template":"","format":"standard","meta":{"footnotes":""},"categories":[46,52,60],"tags":[],"class_list":["post-3913","post","type-post","status-publish","format-standard","has-post-thumbnail","hentry","category-cultura","category-latest","category-turismo"],"_links":{"self":[{"href":"https:\/\/www.santaritadopassaquatro.sp.gov.br\/portal\/wp-json\/wp\/v2\/posts\/3913","targetHints":{"allow":["GET"]}}],"collection":[{"href":"https:\/\/www.santaritadopassaquatro.sp.gov.br\/portal\/wp-json\/wp\/v2\/posts"}],"about":[{"href":"https:\/\/www.santaritadopassaquatro.sp.gov.br\/portal\/wp-json\/wp\/v2\/types\/post"}],"author":[{"embeddable":true,"href":"https:\/\/www.santaritadopassaquatro.sp.gov.br\/portal\/wp-json\/wp\/v2\/users\/1"}],"replies":[{"embeddable":true,"href":"https:\/\/www.santaritadopassaquatro.sp.gov.br\/portal\/wp-json\/wp\/v2\/comments?post=3913"}],"version-history":[{"count":0,"href":"https:\/\/www.santaritadopassaquatro.sp.gov.br\/portal\/wp-json\/wp\/v2\/posts\/3913\/revisions"}],"wp:featuredmedia":[{"embeddable":true,"href":"https:\/\/www.santaritadopassaquatro.sp.gov.br\/portal\/wp-json\/wp\/v2\/media\/3916"}],"wp:attachment":[{"href":"https:\/\/www.santaritadopassaquatro.sp.gov.br\/portal\/wp-json\/wp\/v2\/media?parent=3913"}],"wp:term":[{"taxonomy":"category","embeddable":true,"href":"https:\/\/www.santaritadopassaquatro.sp.gov.br\/portal\/wp-json\/wp\/v2\/categories?post=3913"},{"taxonomy":"post_tag","embeddable":true,"href":"https:\/\/www.santaritadopassaquatro.sp.gov.br\/portal\/wp-json\/wp\/v2\/tags?post=3913"}],"curies":[{"name":"wp","href":"https:\/\/api.w.org\/{rel}","templated":true}]}}