{"id":3918,"date":"2020-06-19T14:43:34","date_gmt":"2020-06-19T17:43:34","guid":{"rendered":"http:\/\/www.santaritadopassaquatro.sp.gov.br\/portal\/?p=3918"},"modified":"2020-06-19T14:43:34","modified_gmt":"2020-06-19T17:43:34","slug":"revitalizacao-do-predio-da-antiga-delegacia-sera-entregue-na-proxima-semana","status":"publish","type":"post","link":"https:\/\/www.santaritadopassaquatro.sp.gov.br\/portal\/revitalizacao-do-predio-da-antiga-delegacia-sera-entregue-na-proxima-semana\/","title":{"rendered":"Revitaliza\u00e7\u00e3o do pr\u00e9dio da antiga Delegacia ser\u00e1 entregue na pr\u00f3xima semana"},"content":{"rendered":"<p><strong><em>Com recursos de conv\u00eanio com o governo federal, local se torna Centro Cultural e Museu Jos\u00e9 Spadon <\/em><\/strong><\/p>\n<p><em>\u00a0<\/em><\/p>\n<figure id=\"attachment_3919\" aria-describedby=\"caption-attachment-3919\" style=\"width: 300px\" class=\"wp-caption alignleft\"><img decoding=\"async\" class=\"wp-image-3919 size-medium\" src=\"http:\/\/www.santaritadopassaquatro.sp.gov.br\/portal\/wp-content\/uploads\/2020\/06\/Delegacia_foto01_Prefeito-300x200.jpg\" alt=\"\" width=\"300\" height=\"200\" srcset=\"https:\/\/www.santaritadopassaquatro.sp.gov.br\/portal\/wp-content\/uploads\/2020\/06\/Delegacia_foto01_Prefeito-300x200.jpg 300w, https:\/\/www.santaritadopassaquatro.sp.gov.br\/portal\/wp-content\/uploads\/2020\/06\/Delegacia_foto01_Prefeito-768x512.jpg 768w, https:\/\/www.santaritadopassaquatro.sp.gov.br\/portal\/wp-content\/uploads\/2020\/06\/Delegacia_foto01_Prefeito-1024x683.jpg 1024w\" sizes=\"(max-width: 300px) 100vw, 300px\" \/><figcaption id=\"caption-attachment-3919\" class=\"wp-caption-text\"><span style=\"font-size: 8pt; color: #999999;\"><em><strong>O prefeito em visita \u00e0s obras de restaura\u00e7\u00e3o da antiga delegacia, local que ir\u00e1 que ser\u00e1 entregue na pr\u00f3xima semana (AssCom\/Divulga\u00e7\u00e3o)<\/strong><\/em><\/span><\/figcaption><\/figure>\n<p>Santa Rita do Passa Quatro est\u00e1 prestes a concluir um dos maiores investimentos no resgate de sua hist\u00f3ria, com a revitaliza\u00e7\u00e3o de um dos seus mais antigos pr\u00e9dios e a transforma\u00e7\u00e3o de uma triste cadeia p\u00fablica, em um alegre centro cultural.<\/p>\n<p>Ap\u00f3s um investimento de cerca de R$ 800 mil, atrav\u00e9s de conv\u00eanio com o Governo Federal, o pr\u00e9dio com quase de 130 anos, bem no centro da cidade, foi totalmente revitalizado para abrigar o Centro Cultural e Museu Jos\u00e9 Spadon.<\/p>\n<p>O local chama a aten\u00e7\u00e3o pela sua beleza e grandeza, mas tamb\u00e9m preocupava pelo seu estado de abandono, que durou cerca de 20 anos. A antiga delegacia de pol\u00edcia e cadeia p\u00fablica, ao lado da Pra\u00e7a Zequinha de Abreu e pr\u00f3xima ao Santu\u00e1rio de Santa Rita de C\u00e1ssia, se torna mais um atrativo na bela Est\u00e2ncia Clim\u00e1tica.<\/p>\n<figure id=\"attachment_3920\" aria-describedby=\"caption-attachment-3920\" style=\"width: 300px\" class=\"wp-caption alignright\"><img decoding=\"async\" class=\"wp-image-3920 size-medium\" src=\"http:\/\/www.santaritadopassaquatro.sp.gov.br\/portal\/wp-content\/uploads\/2020\/06\/Delegacia_foto02_fundos-300x200.jpg\" alt=\"\" width=\"300\" height=\"200\" srcset=\"https:\/\/www.santaritadopassaquatro.sp.gov.br\/portal\/wp-content\/uploads\/2020\/06\/Delegacia_foto02_fundos-300x200.jpg 300w, https:\/\/www.santaritadopassaquatro.sp.gov.br\/portal\/wp-content\/uploads\/2020\/06\/Delegacia_foto02_fundos-768x512.jpg 768w, https:\/\/www.santaritadopassaquatro.sp.gov.br\/portal\/wp-content\/uploads\/2020\/06\/Delegacia_foto02_fundos-1024x683.jpg 1024w\" sizes=\"(max-width: 300px) 100vw, 300px\" \/><figcaption id=\"caption-attachment-3920\" class=\"wp-caption-text\"><span style=\"font-size: 8pt; color: #999999;\"><em><strong>Exterior do pr\u00e9dio centen\u00e1rio, restaurado ap\u00f3s 20 anos desde que foi completamente desativado (AssCom\/Divulga\u00e7\u00e3o)<\/strong><\/em><\/span><\/figcaption><\/figure>\n<p>A entrega \u00e0 popula\u00e7\u00e3o deve acontecer na pr\u00f3xima semana, em cerim\u00f4nia restrita, respeitando os protocolos de seguran\u00e7a, em fun\u00e7\u00e3o da pandemia de Covid-19, provocada pelo novo coronav\u00edrus.<\/p>\n<p>Muito aguardada pela popula\u00e7\u00e3o local, a obra seguiu projeto elaborado pelo Departamento Municipal de Obras e Infraestrutura, com apoio do Departamento de Cultura e Turismo. Os recursos, destinados atrav\u00e9s da Caixa Econ\u00f4mica Federal, em conv\u00eanio com o Minist\u00e9rio do Turismo, foram conquistados pelo prefeito, Leandro Luciano dos Santos, com apoio do deputado federal Carlos Sampaio (PSDB).<\/p>\n<p>O local tem 675 metros quadrados e recebe, al\u00e9m de um novo museu, biblioteca e um espa\u00e7o para realiza\u00e7\u00e3o de eventos educacionais e culturais. As obras foram realizadas pela Construmeta Constru\u00e7\u00e3o Civil, vencedora do processo licitat\u00f3rio.<\/p>\n<p>Em estado de abandono desde sua desativa\u00e7\u00e3o, o pr\u00e9dio se tornou um transtorno para a vizinhan\u00e7a. Ap\u00f3s um intenso trabalho do governo municipal, finalmente o local p\u00f4de receber uma destina\u00e7\u00e3o, isso porque a Fazenda P\u00fablica do Estado concedeu \u00e0 Prefeitura a permiss\u00e3o de uso do im\u00f3vel por tempo indeterminado. Autoriza\u00e7\u00e3o assinada pelo ent\u00e3o governador Geraldo Alckmin, por meio do Decreto 60.626, de 3 de julho de 2014.<\/p>\n<p>Al\u00e9m de museu e centro cultural, o local tamb\u00e9m ir\u00e1 abrigar um caf\u00e9 e um espa\u00e7o receptivo tur\u00edstico.<\/p>\n<p>&nbsp;<\/p>\n<p><strong>HIST\u00d3RIA<\/strong><\/p>\n<p>Com as obras iniciada em outubro de 1885, quando Santa Rita ainda era uma vila, o pr\u00e9dio da inaugurado em 6 de mar\u00e7o de 1891. A princ\u00edpio, o local abrigou a C\u00e2mara Municipal (ent\u00e3o chamada de Intend\u00eancia), a Cadeia P\u00fablica e o F\u00f3rum, a partir de 1892, quando foi criada a Comarca. A Cadeia P\u00fablica permaneceu desde a sua inaugura\u00e7\u00e3o em 6 de mar\u00e7o de 1891, at\u00e9 a d\u00e9cada de 1980. As atividades do pr\u00e9dio foram totalmente encerradas, in\u00edcio dos anos 2000, quando a sede da Pol\u00edcia Civil, foi transferida para o local atual, na Av. Pe. Pio Corso.<\/p>\n<p>&nbsp;<\/p>\n<p>&nbsp;<\/p>\n<p>&nbsp;<\/p>\n<p><em>\u00a0<\/em><\/p>\n<p><em>\u00a0<\/em><\/p>\n<p>&nbsp;<\/p>\n<p>&nbsp;<\/p>\n","protected":false},"excerpt":{"rendered":"<p>Com recursos de conv\u00eanio com o governo federal, local se torna Centro Cultural e Museu Jos\u00e9 Spadon \u00a0 Santa Rita<\/p>\n","protected":false},"author":1,"featured_media":3920,"comment_status":"closed","ping_status":"open","sticky":false,"template":"","format":"standard","meta":{"footnotes":""},"categories":[46,52,60],"tags":[],"class_list":["post-3918","post","type-post","status-publish","format-standard","has-post-thumbnail","hentry","category-cultura","category-latest","category-turismo"],"_links":{"self":[{"href":"https:\/\/www.santaritadopassaquatro.sp.gov.br\/portal\/wp-json\/wp\/v2\/posts\/3918","targetHints":{"allow":["GET"]}}],"collection":[{"href":"https:\/\/www.santaritadopassaquatro.sp.gov.br\/portal\/wp-json\/wp\/v2\/posts"}],"about":[{"href":"https:\/\/www.santaritadopassaquatro.sp.gov.br\/portal\/wp-json\/wp\/v2\/types\/post"}],"author":[{"embeddable":true,"href":"https:\/\/www.santaritadopassaquatro.sp.gov.br\/portal\/wp-json\/wp\/v2\/users\/1"}],"replies":[{"embeddable":true,"href":"https:\/\/www.santaritadopassaquatro.sp.gov.br\/portal\/wp-json\/wp\/v2\/comments?post=3918"}],"version-history":[{"count":0,"href":"https:\/\/www.santaritadopassaquatro.sp.gov.br\/portal\/wp-json\/wp\/v2\/posts\/3918\/revisions"}],"wp:featuredmedia":[{"embeddable":true,"href":"https:\/\/www.santaritadopassaquatro.sp.gov.br\/portal\/wp-json\/wp\/v2\/media\/3920"}],"wp:attachment":[{"href":"https:\/\/www.santaritadopassaquatro.sp.gov.br\/portal\/wp-json\/wp\/v2\/media?parent=3918"}],"wp:term":[{"taxonomy":"category","embeddable":true,"href":"https:\/\/www.santaritadopassaquatro.sp.gov.br\/portal\/wp-json\/wp\/v2\/categories?post=3918"},{"taxonomy":"post_tag","embeddable":true,"href":"https:\/\/www.santaritadopassaquatro.sp.gov.br\/portal\/wp-json\/wp\/v2\/tags?post=3918"}],"curies":[{"name":"wp","href":"https:\/\/api.w.org\/{rel}","templated":true}]}}