{"id":3927,"date":"2020-06-26T14:33:20","date_gmt":"2020-06-26T17:33:20","guid":{"rendered":"http:\/\/www.santaritadopassaquatro.sp.gov.br\/portal\/?p=3927"},"modified":"2020-06-26T14:33:20","modified_gmt":"2020-06-26T17:33:20","slug":"vacinacao-contra-gripe-termina-nesta-terca-feira","status":"publish","type":"post","link":"https:\/\/www.santaritadopassaquatro.sp.gov.br\/portal\/vacinacao-contra-gripe-termina-nesta-terca-feira\/","title":{"rendered":"Vacina\u00e7\u00e3o contra gripe termina nesta ter\u00e7a-feira"},"content":{"rendered":"<p><strong><em>Campanha acontece no Centro de Sa\u00fade II e PAS CAIC para todos os grupos de risco<\/em><\/strong><\/p>\n<p><strong><em>\u00a0<\/em><\/strong><\/p>\n<figure id=\"attachment_3647\" aria-describedby=\"caption-attachment-3647\" style=\"width: 321px\" class=\"wp-caption alignleft\"><img decoding=\"async\" class=\"wp-image-3647 \" src=\"http:\/\/www.santaritadopassaquatro.sp.gov.br\/portal\/wp-content\/uploads\/2020\/03\/Vacina_drive_thru-300x200.jpg\" alt=\"\" width=\"321\" height=\"214\" srcset=\"https:\/\/www.santaritadopassaquatro.sp.gov.br\/portal\/wp-content\/uploads\/2020\/03\/Vacina_drive_thru-300x200.jpg 300w, https:\/\/www.santaritadopassaquatro.sp.gov.br\/portal\/wp-content\/uploads\/2020\/03\/Vacina_drive_thru-768x512.jpg 768w, https:\/\/www.santaritadopassaquatro.sp.gov.br\/portal\/wp-content\/uploads\/2020\/03\/Vacina_drive_thru-1024x683.jpg 1024w\" sizes=\"(max-width: 321px) 100vw, 321px\" \/><figcaption id=\"caption-attachment-3647\" class=\"wp-caption-text\"><span style=\"font-size: 8pt; color: #999999;\"><em><strong>P\u00fablico sendo vacinado no sistema drive thru, logo no in\u00edcio da campanha (Arquivo\/AssCom\/Divulga\u00e7\u00e3o)<\/strong><\/em><\/span><\/figcaption><\/figure>\n<p>A Campanha Nacional de Vacina\u00e7\u00e3o contra a Gripe termina nesta ter\u00e7a-feira (30\/6), para todos os grupos de risco. Em Santa Rita do Passa Quatro, a campanha segue no Centro de Sa\u00fade II (rua In\u00e1cio Ribeiro, 438) e PAS do CAIC, de segunda a sexta-feira. No Centro de Sa\u00fade, a vacina\u00e7\u00e3o ocorre das 7h \u00e0s 13 horas. No PAS do CAIC, o hor\u00e1rio \u00e9 das 8h \u00e0s 11h e das 13h \u00e0s 14h30, ambos de segunda a sexta-feira.<\/p>\n<p>Campanha iniciou no \u00faltimo dia 23 de ma\u00e7o e, de acordo com o Departamento Municipal de Sa\u00fade, quase 9 mil pessoas foram vacinadas no munic\u00edpio at\u00e9 agora. As vacinas tamb\u00e9m s\u00e3o aplicadas pelas equipes do PSF Miguel Bello, no Jardim S\u00e3o Luiz e adjac\u00eancias, e PSF Dulce Rodrigues de Campos, em Santa Cruz da Estrela.<\/p>\n<p>A vacina contra a gripe n\u00e3o protege contra o novo coronav\u00edrus, mas, sim, contra tipos de influenza (fam\u00edlia \u00e0 qual pertence o H1N1). E justamente por isso pode ajudar no diagn\u00f3stico por elimina\u00e7\u00e3o dos profissionais de sa\u00fade com suspeita de covid-19.<\/p>\n<p>&nbsp;<\/p>\n<p>&nbsp;<\/p>\n","protected":false},"excerpt":{"rendered":"<p>Campanha acontece no Centro de Sa\u00fade II e PAS CAIC para todos os grupos de risco \u00a0 A Campanha Nacional<\/p>\n","protected":false},"author":1,"featured_media":3571,"comment_status":"closed","ping_status":"open","sticky":false,"template":"","format":"standard","meta":{"footnotes":""},"categories":[40,52,58],"tags":[],"class_list":["post-3927","post","type-post","status-publish","format-standard","has-post-thumbnail","hentry","category-covid-19","category-latest","category-health"],"_links":{"self":[{"href":"https:\/\/www.santaritadopassaquatro.sp.gov.br\/portal\/wp-json\/wp\/v2\/posts\/3927","targetHints":{"allow":["GET"]}}],"collection":[{"href":"https:\/\/www.santaritadopassaquatro.sp.gov.br\/portal\/wp-json\/wp\/v2\/posts"}],"about":[{"href":"https:\/\/www.santaritadopassaquatro.sp.gov.br\/portal\/wp-json\/wp\/v2\/types\/post"}],"author":[{"embeddable":true,"href":"https:\/\/www.santaritadopassaquatro.sp.gov.br\/portal\/wp-json\/wp\/v2\/users\/1"}],"replies":[{"embeddable":true,"href":"https:\/\/www.santaritadopassaquatro.sp.gov.br\/portal\/wp-json\/wp\/v2\/comments?post=3927"}],"version-history":[{"count":1,"href":"https:\/\/www.santaritadopassaquatro.sp.gov.br\/portal\/wp-json\/wp\/v2\/posts\/3927\/revisions"}],"predecessor-version":[{"id":3928,"href":"https:\/\/www.santaritadopassaquatro.sp.gov.br\/portal\/wp-json\/wp\/v2\/posts\/3927\/revisions\/3928"}],"wp:featuredmedia":[{"embeddable":true,"href":"https:\/\/www.santaritadopassaquatro.sp.gov.br\/portal\/wp-json\/wp\/v2\/media\/3571"}],"wp:attachment":[{"href":"https:\/\/www.santaritadopassaquatro.sp.gov.br\/portal\/wp-json\/wp\/v2\/media?parent=3927"}],"wp:term":[{"taxonomy":"category","embeddable":true,"href":"https:\/\/www.santaritadopassaquatro.sp.gov.br\/portal\/wp-json\/wp\/v2\/categories?post=3927"},{"taxonomy":"post_tag","embeddable":true,"href":"https:\/\/www.santaritadopassaquatro.sp.gov.br\/portal\/wp-json\/wp\/v2\/tags?post=3927"}],"curies":[{"name":"wp","href":"https:\/\/api.w.org\/{rel}","templated":true}]}}