{"id":3931,"date":"2020-06-26T14:36:28","date_gmt":"2020-06-26T17:36:28","guid":{"rendered":"http:\/\/www.santaritadopassaquatro.sp.gov.br\/portal\/?p=3931"},"modified":"2020-06-26T14:36:28","modified_gmt":"2020-06-26T17:36:28","slug":"reformado-pas-jose-rodrigues-palhares-volta-a-atender-a-populacao","status":"publish","type":"post","link":"https:\/\/www.santaritadopassaquatro.sp.gov.br\/portal\/reformado-pas-jose-rodrigues-palhares-volta-a-atender-a-populacao\/","title":{"rendered":"Reformado, PAS Jos\u00e9 Rodrigues Palhares volta a atender a popula\u00e7\u00e3o"},"content":{"rendered":"<p><strong><em>Entrega aconteceu no \u00faltimo 22 de maio, dia anivers\u00e1rio da cidade, por\u00e9m a transi\u00e7\u00e3o foi gradual por conta da pandemia<\/em><\/strong><\/p>\n<p><strong><em>\u00a0<\/em><\/strong><\/p>\n<figure id=\"attachment_3809\" aria-describedby=\"caption-attachment-3809\" style=\"width: 300px\" class=\"wp-caption alignleft\"><img decoding=\"async\" class=\"wp-image-3809 size-medium\" src=\"http:\/\/www.santaritadopassaquatro.sp.gov.br\/portal\/wp-content\/uploads\/2020\/05\/postinha_aerea-300x168.jpg\" alt=\"\" width=\"300\" height=\"168\" srcset=\"https:\/\/www.santaritadopassaquatro.sp.gov.br\/portal\/wp-content\/uploads\/2020\/05\/postinha_aerea-300x168.jpg 300w, https:\/\/www.santaritadopassaquatro.sp.gov.br\/portal\/wp-content\/uploads\/2020\/05\/postinha_aerea-768x431.jpg 768w, https:\/\/www.santaritadopassaquatro.sp.gov.br\/portal\/wp-content\/uploads\/2020\/05\/postinha_aerea-1024x575.jpg 1024w, https:\/\/www.santaritadopassaquatro.sp.gov.br\/portal\/wp-content\/uploads\/2020\/05\/postinha_aerea-800x445.jpg 800w\" sizes=\"(max-width: 300px) 100vw, 300px\" \/><figcaption id=\"caption-attachment-3809\" class=\"wp-caption-text\"><span style=\"font-size: 8pt; color: #999999;\"><em><strong>O postinho j\u00e1 reformado e entregue \u00e0 popula\u00e7\u00e3o neste dia de anivers\u00e1rio da cidade (Sun7Films\/Divulga\u00e7\u00e3o)<\/strong><\/em><\/span><\/figcaption><\/figure>\n<p>Ap\u00f3s ser totalmente reformado, o Posto de Assist\u00eancia \u00e0 Sa\u00fade (PAS) Jos\u00e9 Rodrigues Palhares Filho, voltou a atender a popula\u00e7\u00e3o de Santa Rita do Passa Quatro, durante esta semana. Conhecido como \u201cPostinho\u201d, o local foi entregue, com suas obras conclu\u00eddas, no \u00faltimo dia 22 de maio, quando o munic\u00edpio completou 160 anos de funda\u00e7\u00e3o.<\/p>\n<p>Em fun\u00e7\u00e3o da pandemia de Covid-19, a inaugura\u00e7\u00e3o aconteceu com restri\u00e7\u00e3o na presen\u00e7a de convidados e respeitando os protocolos de seguran\u00e7a estabelecidos pelo Departamento Municipal de Sa\u00fade, seguindo orienta\u00e7\u00f5es do Minist\u00e9rio da Sa\u00fade e da OMS (Organiza\u00e7\u00e3o Mundial da Sa\u00fade), para evitar aglomera\u00e7\u00e3o.<\/p>\n<p>O PAS foi totalmente reformado, em parceria com a iniciativa privada, atrav\u00e9s da empresa I9 Bens, da cidade Americana, que est\u00e1 realizando um empreendimento imobili\u00e1rio no munic\u00edpio e atendeu prontamente \u00e0 solicita\u00e7\u00e3o do prefeito Leandro Luciano dos Santos para realiza\u00e7\u00e3o da obra.<\/p>\n<figure id=\"attachment_3932\" aria-describedby=\"caption-attachment-3932\" style=\"width: 300px\" class=\"wp-caption alignright\"><img decoding=\"async\" class=\"wp-image-3932 size-medium\" src=\"http:\/\/www.santaritadopassaquatro.sp.gov.br\/portal\/wp-content\/uploads\/2020\/06\/postinho_foto04_recepcao-300x200.jpg\" alt=\"\" width=\"300\" height=\"200\" srcset=\"https:\/\/www.santaritadopassaquatro.sp.gov.br\/portal\/wp-content\/uploads\/2020\/06\/postinho_foto04_recepcao-300x200.jpg 300w, https:\/\/www.santaritadopassaquatro.sp.gov.br\/portal\/wp-content\/uploads\/2020\/06\/postinho_foto04_recepcao-768x512.jpg 768w, https:\/\/www.santaritadopassaquatro.sp.gov.br\/portal\/wp-content\/uploads\/2020\/06\/postinho_foto04_recepcao-1024x683.jpg 1024w\" sizes=\"(max-width: 300px) 100vw, 300px\" \/><figcaption id=\"caption-attachment-3932\" class=\"wp-caption-text\"><span style=\"font-size: 8pt; color: #999999;\"><em><strong>\u00c1rea de recep\u00e7\u00e3o dos pacientes, umas das amplia\u00e7\u00f5es na unidade de sa\u00fade totalmente reformada (AssCom\/Divulga\u00e7\u00e3o)<\/strong><\/em><\/span><\/figcaption><\/figure>\n<p>A unidade localizada no Jd. Cel. Victor Meirelles, foi ampliada, recebendo uma nova \u00e1rea de recep\u00e7\u00e3o para o p\u00fablico, solucionando um antigo problema, dos pacientes que esperavam pelo atendimento do lado de fora do pr\u00e9dio.<\/p>\n<p>O local tamb\u00e9m recebeu novos pisos e revestimentos, nova pintura, recupera\u00e7\u00e3o total dos telhado e calhas, visando solucionar problemas de infiltra\u00e7\u00e3o. O pr\u00e9dio tamb\u00e9m foi adaptado para proporcionar acessibilidade a portadores de necessidades especiais, com portas mais amplas, de 110 cm, no lugar das de 80 cm, al\u00e9m de corredores mais largos e rampas de acesso.<\/p>\n<p>Durante o per\u00edodo das obras, os pacientes do PAS Jos\u00e9 Rodrigues Palhares foram atendidos na UBS (Unidade B\u00e1sica de Sa\u00fade) Pedro Franco de Oliveira. O retorno para o postinho reformado aconteceu de forma gradual, j\u00e1 que n\u00e3o poderia ocorrer interrup\u00e7\u00e3o do atendimento durante a pandemia. Ap\u00f3s a mudan\u00e7a, a UBS do Jardim Lagoinha est\u00e1 sendo readaptada para oferecer atendimento b\u00e1sicos aos moradores do bairro e imedia\u00e7\u00f5es.<\/p>\n<p>&nbsp;<\/p>\n<p><strong>ATENDIMENTO<\/strong><\/p>\n<p>O PAS Jos\u00e9 Rodrigues Palhares oferece ao p\u00fablico nove especialidades m\u00e9dicas: cl\u00ednico geral, otorrinolaringologia, ortopedia, cardiologia, urologia, ginecologia, obstetr\u00edcia, nutricionista e ultrassonografia.<\/p>\n<p>O hor\u00e1rio de funcionamento \u00e9 de segunda a sexta-feira, das 7h \u00e0s 16 horas, mas a abertura ocorre j\u00e1 \u00e0s 6 horas, para que o p\u00fablico possa aguardar na sala de espera e n\u00e3o mais na rua, como acontecia antes da reforma.<\/p>\n<p>&nbsp;<\/p>\n<p>&nbsp;<\/p>\n<p>&nbsp;<\/p>\n","protected":false},"excerpt":{"rendered":"<p>Entrega aconteceu no \u00faltimo 22 de maio, dia anivers\u00e1rio da cidade, por\u00e9m a transi\u00e7\u00e3o foi gradual por conta da pandemia<\/p>\n","protected":false},"author":1,"featured_media":3932,"comment_status":"closed","ping_status":"open","sticky":false,"template":"","format":"standard","meta":{"footnotes":""},"categories":[40,52,58],"tags":[],"class_list":["post-3931","post","type-post","status-publish","format-standard","has-post-thumbnail","hentry","category-covid-19","category-latest","category-health"],"_links":{"self":[{"href":"https:\/\/www.santaritadopassaquatro.sp.gov.br\/portal\/wp-json\/wp\/v2\/posts\/3931","targetHints":{"allow":["GET"]}}],"collection":[{"href":"https:\/\/www.santaritadopassaquatro.sp.gov.br\/portal\/wp-json\/wp\/v2\/posts"}],"about":[{"href":"https:\/\/www.santaritadopassaquatro.sp.gov.br\/portal\/wp-json\/wp\/v2\/types\/post"}],"author":[{"embeddable":true,"href":"https:\/\/www.santaritadopassaquatro.sp.gov.br\/portal\/wp-json\/wp\/v2\/users\/1"}],"replies":[{"embeddable":true,"href":"https:\/\/www.santaritadopassaquatro.sp.gov.br\/portal\/wp-json\/wp\/v2\/comments?post=3931"}],"version-history":[{"count":1,"href":"https:\/\/www.santaritadopassaquatro.sp.gov.br\/portal\/wp-json\/wp\/v2\/posts\/3931\/revisions"}],"predecessor-version":[{"id":3933,"href":"https:\/\/www.santaritadopassaquatro.sp.gov.br\/portal\/wp-json\/wp\/v2\/posts\/3931\/revisions\/3933"}],"wp:featuredmedia":[{"embeddable":true,"href":"https:\/\/www.santaritadopassaquatro.sp.gov.br\/portal\/wp-json\/wp\/v2\/media\/3932"}],"wp:attachment":[{"href":"https:\/\/www.santaritadopassaquatro.sp.gov.br\/portal\/wp-json\/wp\/v2\/media?parent=3931"}],"wp:term":[{"taxonomy":"category","embeddable":true,"href":"https:\/\/www.santaritadopassaquatro.sp.gov.br\/portal\/wp-json\/wp\/v2\/categories?post=3931"},{"taxonomy":"post_tag","embeddable":true,"href":"https:\/\/www.santaritadopassaquatro.sp.gov.br\/portal\/wp-json\/wp\/v2\/tags?post=3931"}],"curies":[{"name":"wp","href":"https:\/\/api.w.org\/{rel}","templated":true}]}}