{"id":3934,"date":"2020-06-26T14:41:52","date_gmt":"2020-06-26T17:41:52","guid":{"rendered":"http:\/\/www.santaritadopassaquatro.sp.gov.br\/portal\/?p=3934"},"modified":"2020-06-26T14:41:52","modified_gmt":"2020-06-26T17:41:52","slug":"pandemia-muda-formato-do-festival-de-tradicoes-italianas-em-2020","status":"publish","type":"post","link":"https:\/\/www.santaritadopassaquatro.sp.gov.br\/portal\/pandemia-muda-formato-do-festival-de-tradicoes-italianas-em-2020\/","title":{"rendered":"Pandemia muda formato do Festival de Tradi\u00e7\u00f5es Italianas em 2020"},"content":{"rendered":"<p><strong>\u00a0<\/strong><strong><em>Evento chega a sua 28\u00aa edi\u00e7\u00e3o com restri\u00e7\u00f5es de aglomera\u00e7\u00e3o de pessoas e homenagem ao seu criador o prefeito Barbuinho<\/em><\/strong><\/p>\n<p>&nbsp;<\/p>\n<p style=\"text-align: left;\">\u00a0<img decoding=\"async\" class=\"size-medium wp-image-3938 alignleft\" src=\"http:\/\/www.santaritadopassaquatro.sp.gov.br\/portal\/wp-content\/uploads\/2020\/06\/105455556_2683512461972092_6261315747528276408_o-249x300.jpg\" alt=\"\" width=\"249\" height=\"300\" srcset=\"https:\/\/www.santaritadopassaquatro.sp.gov.br\/portal\/wp-content\/uploads\/2020\/06\/105455556_2683512461972092_6261315747528276408_o-249x300.jpg 249w, https:\/\/www.santaritadopassaquatro.sp.gov.br\/portal\/wp-content\/uploads\/2020\/06\/105455556_2683512461972092_6261315747528276408_o-768x927.jpg 768w, https:\/\/www.santaritadopassaquatro.sp.gov.br\/portal\/wp-content\/uploads\/2020\/06\/105455556_2683512461972092_6261315747528276408_o-849x1024.jpg 849w, https:\/\/www.santaritadopassaquatro.sp.gov.br\/portal\/wp-content\/uploads\/2020\/06\/105455556_2683512461972092_6261315747528276408_o.jpg 1240w\" sizes=\"(max-width: 249px) 100vw, 249px\" \/>A pandemia da Covid-19, doen\u00e7a provocada pelo novo coronav\u00edrus, provocou mudan\u00e7as no modo vida das pessoas em todo mundo. Nos \u00faltimos meses, as pessoas est\u00e3o tendo que se acostumar com as novas rotinas, tanto na vida pessoal, social e profissional. Entre as a\u00e7\u00f5es afetadas pela pandemia est\u00e1 o Festival de Tradi\u00e7\u00f5es Italianas, o evento mais tradicional de Santa Rita do Passa Quatro.<\/p>\n<figure id=\"attachment_3937\" aria-describedby=\"caption-attachment-3937\" style=\"width: 300px\" class=\"wp-caption alignright\"><img decoding=\"async\" class=\"wp-image-3937 size-medium\" src=\"http:\/\/www.santaritadopassaquatro.sp.gov.br\/portal\/wp-content\/uploads\/2020\/06\/festa_italiana_prefeito_barbuinho-300x205.jpg\" alt=\"\" width=\"300\" height=\"205\" srcset=\"https:\/\/www.santaritadopassaquatro.sp.gov.br\/portal\/wp-content\/uploads\/2020\/06\/festa_italiana_prefeito_barbuinho-300x205.jpg 300w, https:\/\/www.santaritadopassaquatro.sp.gov.br\/portal\/wp-content\/uploads\/2020\/06\/festa_italiana_prefeito_barbuinho-768x526.jpg 768w, https:\/\/www.santaritadopassaquatro.sp.gov.br\/portal\/wp-content\/uploads\/2020\/06\/festa_italiana_prefeito_barbuinho-1024x701.jpg 1024w, https:\/\/www.santaritadopassaquatro.sp.gov.br\/portal\/wp-content\/uploads\/2020\/06\/festa_italiana_prefeito_barbuinho-130x90.jpg 130w, https:\/\/www.santaritadopassaquatro.sp.gov.br\/portal\/wp-content\/uploads\/2020\/06\/festa_italiana_prefeito_barbuinho.jpg 1649w\" sizes=\"(max-width: 300px) 100vw, 300px\" \/><figcaption id=\"caption-attachment-3937\" class=\"wp-caption-text\"><span style=\"font-size: 8pt; color: #999999;\"><em><strong>O ex-prefeito Barbuinho, idealizador do evento, que ser\u00e1 homenageado este ano (Arquivo\/AssCom\/Divulga\u00e7\u00e3o)<\/strong><\/em><\/span><\/figcaption><\/figure>\n<p>A 28\u00aa edi\u00e7\u00e3o do festival ter\u00e1 mudan\u00e7as em seu formato tradicional, em fun\u00e7\u00e3o da pandeia. Com o impedimento de promover eventos que geral aglomera\u00e7\u00e3o, o Departamento Municipal de Cultura e Turismo pensou em uma alternativa para manter a tradi\u00e7\u00e3o, que al\u00e9m de celebrar a cultura do munic\u00edpio, incentivar o turismo, ainda colabora com entidades assistenciais locais, que normalmente mant\u00e9m as barracas de bebidas e comidas t\u00edpicas.<\/p>\n<figure id=\"attachment_3935\" aria-describedby=\"caption-attachment-3935\" style=\"width: 300px\" class=\"wp-caption alignleft\"><img decoding=\"async\" class=\"wp-image-3935 size-medium\" src=\"http:\/\/www.santaritadopassaquatro.sp.gov.br\/portal\/wp-content\/uploads\/2020\/06\/Festa_Italiana2018_banda_Via_Roma-300x200.jpg\" alt=\"\" width=\"300\" height=\"200\" srcset=\"https:\/\/www.santaritadopassaquatro.sp.gov.br\/portal\/wp-content\/uploads\/2020\/06\/Festa_Italiana2018_banda_Via_Roma-300x200.jpg 300w, https:\/\/www.santaritadopassaquatro.sp.gov.br\/portal\/wp-content\/uploads\/2020\/06\/Festa_Italiana2018_banda_Via_Roma-768x512.jpg 768w, https:\/\/www.santaritadopassaquatro.sp.gov.br\/portal\/wp-content\/uploads\/2020\/06\/Festa_Italiana2018_banda_Via_Roma-1024x683.jpg 1024w\" sizes=\"(max-width: 300px) 100vw, 300px\" \/><figcaption id=\"caption-attachment-3935\" class=\"wp-caption-text\"><span style=\"font-size: 8pt; color: #999999;\"><em><strong>A banda Via Roma, que far\u00e1 a live do 28\u00ba Festival de Tradi\u00e7\u00f5es Italianas, \u00a0no pr\u00f3ximo dia 9 de julho (Arquivo\/AssCom\/Divulga\u00e7\u00e3o)<\/strong><\/em><\/span><\/figcaption><\/figure>\n<p>No novo formato, o 28\u00ba Festival de Tradi\u00e7\u00f5es Italianas ir\u00e1 acontecer em dois momentos e sem a presen\u00e7a do p\u00fablico. No pr\u00f3ximo dia 9 de julho, quinta-feira, ser\u00e1 realizada uma <em>live<\/em> com a banda Via Roma, que ir\u00e1 apresentar seu repert\u00f3rio t\u00edpico, a partir das 19h30.<\/p>\n<p>A transmiss\u00e3o ser\u00e1 no perfil no Facebook e Canal no Youtube do Departamento de Cultura. OS endere\u00e7os para acesso s\u00e3o facebook.com\/culturaeturismodepto e youtube.com\/culturaeturismodepto. Todas as medidas de seguran\u00e7a e conscientiza\u00e7\u00e3o ser\u00e3o tomadas durante a realiza\u00e7\u00e3o do evento.<\/p>\n<p>Tamb\u00e9m na live as entidades participantes ir\u00e3o fazer a apresenta\u00e7\u00e3o dos seus trabalhos e o lan\u00e7amento pratos que ser\u00e3o servidos posteriormente. No dia 8 de agosto, s\u00e1bado, acontecem as retiradas ou entregas dos pratos por sistema <em>take-out, drive thru ou delivery<\/em>. No ato da compra dos pratos ser\u00e1 informado a forma de retida de cada Institui\u00e7\u00e3o.<\/p>\n<p>As institui\u00e7\u00f5es participantes ser\u00e3o: Lar S\u00e3o Vicente de Paulo, Projeto Maria, Par\u00f3quia S\u00e3o Jos\u00e9 Oper\u00e1rio, Associa\u00e7\u00e3o Jequitib\u00e1 (CAIS) e Lar Dom Luis Carbulotto.<\/p>\n<p>&nbsp;<\/p>\n<p><strong>HOMENAGEM <\/strong><\/p>\n<p>O Festival de Tradi\u00e7\u00f5es Italianas \u00e9 uma festa caracter\u00edstica do munic\u00edpio santa-ritense, pois homenageia os imigrantes europeus que aqui chegaram no s\u00e9culo passado e, com seu trabalho, colaboraram com o desenvolvimento e a cultura local.<\/p>\n<p>Este ano, o evento tamb\u00e9m ir\u00e1 prestar uma homenagem especial a um de seus idealizares, o prefeito Jos\u00e9 Roberto Barbuio, conhecido como Barbuinho, falecido recentemente. O Festival Italiano foi criado durante sua gest\u00e3o, em 1993.<\/p>\n<p><strong>\u00a0<\/strong><\/p>\n<p>&nbsp;<\/p>\n<p>&nbsp;<\/p>\n<p>&nbsp;<\/p>\n","protected":false},"excerpt":{"rendered":"<p>\u00a0Evento chega a sua 28\u00aa edi\u00e7\u00e3o com restri\u00e7\u00f5es de aglomera\u00e7\u00e3o de pessoas e homenagem ao seu criador o prefeito Barbuinho<\/p>\n","protected":false},"author":1,"featured_media":3936,"comment_status":"closed","ping_status":"open","sticky":false,"template":"","format":"standard","meta":{"footnotes":""},"categories":[40,46,52,60],"tags":[],"class_list":["post-3934","post","type-post","status-publish","format-standard","has-post-thumbnail","hentry","category-covid-19","category-cultura","category-latest","category-turismo"],"_links":{"self":[{"href":"https:\/\/www.santaritadopassaquatro.sp.gov.br\/portal\/wp-json\/wp\/v2\/posts\/3934","targetHints":{"allow":["GET"]}}],"collection":[{"href":"https:\/\/www.santaritadopassaquatro.sp.gov.br\/portal\/wp-json\/wp\/v2\/posts"}],"about":[{"href":"https:\/\/www.santaritadopassaquatro.sp.gov.br\/portal\/wp-json\/wp\/v2\/types\/post"}],"author":[{"embeddable":true,"href":"https:\/\/www.santaritadopassaquatro.sp.gov.br\/portal\/wp-json\/wp\/v2\/users\/1"}],"replies":[{"embeddable":true,"href":"https:\/\/www.santaritadopassaquatro.sp.gov.br\/portal\/wp-json\/wp\/v2\/comments?post=3934"}],"version-history":[{"count":1,"href":"https:\/\/www.santaritadopassaquatro.sp.gov.br\/portal\/wp-json\/wp\/v2\/posts\/3934\/revisions"}],"predecessor-version":[{"id":3939,"href":"https:\/\/www.santaritadopassaquatro.sp.gov.br\/portal\/wp-json\/wp\/v2\/posts\/3934\/revisions\/3939"}],"wp:featuredmedia":[{"embeddable":true,"href":"https:\/\/www.santaritadopassaquatro.sp.gov.br\/portal\/wp-json\/wp\/v2\/media\/3936"}],"wp:attachment":[{"href":"https:\/\/www.santaritadopassaquatro.sp.gov.br\/portal\/wp-json\/wp\/v2\/media?parent=3934"}],"wp:term":[{"taxonomy":"category","embeddable":true,"href":"https:\/\/www.santaritadopassaquatro.sp.gov.br\/portal\/wp-json\/wp\/v2\/categories?post=3934"},{"taxonomy":"post_tag","embeddable":true,"href":"https:\/\/www.santaritadopassaquatro.sp.gov.br\/portal\/wp-json\/wp\/v2\/tags?post=3934"}],"curies":[{"name":"wp","href":"https:\/\/api.w.org\/{rel}","templated":true}]}}