{"id":3951,"date":"2020-07-07T16:20:57","date_gmt":"2020-07-07T19:20:57","guid":{"rendered":"http:\/\/www.santaritadopassaquatro.sp.gov.br\/portal\/?p=3951"},"modified":"2020-07-07T16:20:57","modified_gmt":"2020-07-07T19:20:57","slug":"covid-19-judiciario-ministerio-publico-e-executivo-se-reunem-para-debater-proximas-acoes","status":"publish","type":"post","link":"https:\/\/www.santaritadopassaquatro.sp.gov.br\/portal\/covid-19-judiciario-ministerio-publico-e-executivo-se-reunem-para-debater-proximas-acoes\/","title":{"rendered":"COVID-19: Judici\u00e1rio, Minist\u00e9rio P\u00fablico e Executivo se re\u00fanem para debater pr\u00f3ximas a\u00e7\u00f5es  \u00a0"},"content":{"rendered":"<p><strong><em>Reuni\u00e3o aconteceu esta semana no gabinete do prefeito Leandro Luciano dos Santos<\/em><\/strong><\/p>\n<p><strong><em>\u00a0<\/em><\/strong><\/p>\n<figure id=\"attachment_3952\" aria-describedby=\"caption-attachment-3952\" style=\"width: 300px\" class=\"wp-caption alignleft\"><img decoding=\"async\" class=\"wp-image-3952 size-medium\" src=\"http:\/\/www.santaritadopassaquatro.sp.gov.br\/portal\/wp-content\/uploads\/2020\/07\/reuniao_civid_MP_judiciario-300x200.jpg\" alt=\"\" width=\"300\" height=\"200\" srcset=\"https:\/\/www.santaritadopassaquatro.sp.gov.br\/portal\/wp-content\/uploads\/2020\/07\/reuniao_civid_MP_judiciario-300x200.jpg 300w, https:\/\/www.santaritadopassaquatro.sp.gov.br\/portal\/wp-content\/uploads\/2020\/07\/reuniao_civid_MP_judiciario-768x512.jpg 768w, https:\/\/www.santaritadopassaquatro.sp.gov.br\/portal\/wp-content\/uploads\/2020\/07\/reuniao_civid_MP_judiciario-1024x683.jpg 1024w\" sizes=\"(max-width: 300px) 100vw, 300px\" \/><figcaption id=\"caption-attachment-3952\" class=\"wp-caption-text\"><span style=\"font-size: 8pt; color: #999999;\"><strong><em>Presentes na reuni\u00e3o entre Judici\u00e1rio, Minist\u00e9rio P\u00fablico e Executivo na \u00faltima quarta-feira, na prefeitura (AssCom\/Divulga\u00e7\u00e3o)<\/em><\/strong><\/span><\/figcaption><\/figure>\n<p>O prefeito de Santa Rita do Passa Quatro, Leandro Luciano dos Santos, recebeu na \u00faltima quarta-feira (1\/7), representantes do poder Judici\u00e1rio e Minist\u00e9rio P\u00fablico para uma reuni\u00e3o com objetivo de tratar sobre as novas a\u00e7\u00f5es que ser\u00e3o tomadas no munic\u00edpio para enfrentamento da Covid-19, doen\u00e7a provocada pelo novo coronav\u00edrus.<\/p>\n<p>Al\u00e9m do prefeito, estiveram presentes a ju\u00edza da Comarca, Dra. N\u00e9lia Aparecida Toledo de Azevedo, o promotor de justi\u00e7a Dr. \u00c9lio Daldegan J\u00fanior, a diretora do Departamento Municipal de Sa\u00fade, Rosileia Carolina Prearo Pelegrin Perrone, e Respons\u00e1vel pela Vigil\u00e2ncia Sanit\u00e1ria Municipal e Tania Mara De Gobbi Azevedo.<\/p>\n<p>Na reuni\u00e3o foram discutidas a\u00e7\u00f5es de preven\u00e7\u00e3o e controle contra o novo coronav\u00edrus, em v\u00e1rios segmentos. Na ocasi\u00e3o, o Departamento de Sa\u00fade e o setor de Vigil\u00e2ncia Sanit\u00e1ria informaram os dados sobre a real situa\u00e7\u00e3o do munic\u00edpio frente a pandemia, e as a\u00e7\u00f5es tomadas sempre com orienta\u00e7\u00e3o do setor m\u00e9dico, atrav\u00e9s da Santa Casa e ocupa\u00e7\u00e3o de leitos no Grip\u00e1rio, al\u00e9m do Comit\u00ea de Enfrentamento ao Covid-19.<\/p>\n<p>Ficou definido que a partir de segunda-feira, ser\u00e3o analisados os n\u00fameros da pandemia e definidas a novas medidas que ser\u00e3o tomadas no munic\u00edpio. \u201c\u00c9 importante dizer, como as an\u00e1lises s\u00e3o dia a dia, e essa semana com a colabora\u00e7\u00e3o de todos tivemos um resultado muito positivo\u201d, disse o prefeito.<\/p>\n<p>&nbsp;<\/p>\n<p><strong>N\u00daMEROS<\/strong><\/p>\n<p>At\u00e9 esta quinta-feira (2\/7), Santa Rita contava com 52 casos confirmados, sendo dois \u00f3bitos e 42 recuperados. Oito pacientes aguardam resultados de exames PCR, sete em isolamento domiciliar e um internado em outra cidade.<\/p>\n<p>&nbsp;<\/p>\n<p>&nbsp;<\/p>\n<p>&nbsp;<\/p>\n","protected":false},"excerpt":{"rendered":"<p>Reuni\u00e3o aconteceu esta semana no gabinete do prefeito Leandro Luciano dos Santos \u00a0 O prefeito de Santa Rita do Passa<\/p>\n","protected":false},"author":1,"featured_media":3952,"comment_status":"closed","ping_status":"open","sticky":false,"template":"","format":"standard","meta":{"footnotes":""},"categories":[44,40],"tags":[],"class_list":["post-3951","post","type-post","status-publish","format-standard","has-post-thumbnail","hentry","category-cidades","category-covid-19"],"_links":{"self":[{"href":"https:\/\/www.santaritadopassaquatro.sp.gov.br\/portal\/wp-json\/wp\/v2\/posts\/3951","targetHints":{"allow":["GET"]}}],"collection":[{"href":"https:\/\/www.santaritadopassaquatro.sp.gov.br\/portal\/wp-json\/wp\/v2\/posts"}],"about":[{"href":"https:\/\/www.santaritadopassaquatro.sp.gov.br\/portal\/wp-json\/wp\/v2\/types\/post"}],"author":[{"embeddable":true,"href":"https:\/\/www.santaritadopassaquatro.sp.gov.br\/portal\/wp-json\/wp\/v2\/users\/1"}],"replies":[{"embeddable":true,"href":"https:\/\/www.santaritadopassaquatro.sp.gov.br\/portal\/wp-json\/wp\/v2\/comments?post=3951"}],"version-history":[{"count":1,"href":"https:\/\/www.santaritadopassaquatro.sp.gov.br\/portal\/wp-json\/wp\/v2\/posts\/3951\/revisions"}],"predecessor-version":[{"id":3953,"href":"https:\/\/www.santaritadopassaquatro.sp.gov.br\/portal\/wp-json\/wp\/v2\/posts\/3951\/revisions\/3953"}],"wp:featuredmedia":[{"embeddable":true,"href":"https:\/\/www.santaritadopassaquatro.sp.gov.br\/portal\/wp-json\/wp\/v2\/media\/3952"}],"wp:attachment":[{"href":"https:\/\/www.santaritadopassaquatro.sp.gov.br\/portal\/wp-json\/wp\/v2\/media?parent=3951"}],"wp:term":[{"taxonomy":"category","embeddable":true,"href":"https:\/\/www.santaritadopassaquatro.sp.gov.br\/portal\/wp-json\/wp\/v2\/categories?post=3951"},{"taxonomy":"post_tag","embeddable":true,"href":"https:\/\/www.santaritadopassaquatro.sp.gov.br\/portal\/wp-json\/wp\/v2\/tags?post=3951"}],"curies":[{"name":"wp","href":"https:\/\/api.w.org\/{rel}","templated":true}]}}