{"id":3954,"date":"2020-07-07T16:22:58","date_gmt":"2020-07-07T19:22:58","guid":{"rendered":"http:\/\/www.santaritadopassaquatro.sp.gov.br\/portal\/?p=3954"},"modified":"2020-07-07T16:22:58","modified_gmt":"2020-07-07T19:22:58","slug":"prefeitura-recebe-trator-zero-quilometro-em-convenio-com-a-estado-e-uniao","status":"publish","type":"post","link":"https:\/\/www.santaritadopassaquatro.sp.gov.br\/portal\/prefeitura-recebe-trator-zero-quilometro-em-convenio-com-a-estado-e-uniao\/","title":{"rendered":"Prefeitura recebe trator zero quil\u00f4metro em conv\u00eanio com a Estado e Uni\u00e3o"},"content":{"rendered":"<p><strong><em>M\u00e1quina foi entregue nesta quinta-feira e ser\u00e1 utilizada na manuten\u00e7\u00e3o do munic\u00edpio<\/em><\/strong><\/p>\n<p><strong><em>\u00a0<\/em><\/strong><\/p>\n<figure id=\"attachment_3956\" aria-describedby=\"caption-attachment-3956\" style=\"width: 300px\" class=\"wp-caption alignleft\"><img decoding=\"async\" class=\"wp-image-3956 size-medium\" src=\"http:\/\/www.santaritadopassaquatro.sp.gov.br\/portal\/wp-content\/uploads\/2020\/07\/trator01-300x200.jpg\" alt=\"\" width=\"300\" height=\"200\" srcset=\"https:\/\/www.santaritadopassaquatro.sp.gov.br\/portal\/wp-content\/uploads\/2020\/07\/trator01-300x200.jpg 300w, https:\/\/www.santaritadopassaquatro.sp.gov.br\/portal\/wp-content\/uploads\/2020\/07\/trator01-768x512.jpg 768w, https:\/\/www.santaritadopassaquatro.sp.gov.br\/portal\/wp-content\/uploads\/2020\/07\/trator01-1024x683.jpg 1024w\" sizes=\"(max-width: 300px) 100vw, 300px\" \/><figcaption id=\"caption-attachment-3956\" class=\"wp-caption-text\"><span style=\"font-size: 8pt; color: #999999;\"><em><strong>O prefeito e o Sr. Br\u00e1s que comemorou 45 anos de servi\u00e7o p\u00fablico, com o trator recebido (AssCom\/Divulga\u00e7\u00e3o)<\/strong><\/em><\/span><\/figcaption><\/figure>\n<p>Santa Rita do Passa Quatro, recebeu na \u00faltima quinta-feira (2\/7), um trator zero quil\u00f4metro atrav\u00e9s de conv\u00eanio entre Minist\u00e9rio da Agricultura, Secretaria de Estado de Agricultura e Abastecimento, atrav\u00e9s da Coordenadoria de Desenvolvimento Rural Sustent\u00e1vel (CDRS) e a Prefeitura Municipal.<\/p>\n<p>O benef\u00edcio foi conquistado pelo prefeito Leandro Luciano dos Santos, junto a bancada do Estado de S\u00e3o Paulo na C\u00e2mara dos Deputados em Bras\u00edlia. Ap\u00f3s efetuar documenta\u00e7\u00e3o e seguro, o trator ser\u00e1 utilizado pela prefeitura na manuten\u00e7\u00e3o do munic\u00edpio.<\/p>\n<p>\u201c\u00c9 um verdadeiro presente para o setor do Sr. Br\u00e1s Arantes, que comemora 45 anos de servi\u00e7os p\u00fablico\u201d, disse o prefeito. \u201cSer\u00e1 fundamental para a manuten\u00e7\u00e3o dos mais de 750 quil\u00f4metros quadrados de \u00e1rea rural do nosso munic\u00edpio\u201d, concluiu.<\/p>\n<p>&nbsp;<\/p>\n<p>&nbsp;<\/p>\n<p>&nbsp;<\/p>\n","protected":false},"excerpt":{"rendered":"<p>M\u00e1quina foi entregue nesta quinta-feira e ser\u00e1 utilizada na manuten\u00e7\u00e3o do munic\u00edpio \u00a0 Santa Rita do Passa Quatro, recebeu na<\/p>\n","protected":false},"author":1,"featured_media":3955,"comment_status":"closed","ping_status":"open","sticky":false,"template":"","format":"standard","meta":{"footnotes":""},"categories":[44,48,52],"tags":[],"class_list":["post-3954","post","type-post","status-publish","format-standard","has-post-thumbnail","hentry","category-cidades","category-featured","category-latest"],"_links":{"self":[{"href":"https:\/\/www.santaritadopassaquatro.sp.gov.br\/portal\/wp-json\/wp\/v2\/posts\/3954","targetHints":{"allow":["GET"]}}],"collection":[{"href":"https:\/\/www.santaritadopassaquatro.sp.gov.br\/portal\/wp-json\/wp\/v2\/posts"}],"about":[{"href":"https:\/\/www.santaritadopassaquatro.sp.gov.br\/portal\/wp-json\/wp\/v2\/types\/post"}],"author":[{"embeddable":true,"href":"https:\/\/www.santaritadopassaquatro.sp.gov.br\/portal\/wp-json\/wp\/v2\/users\/1"}],"replies":[{"embeddable":true,"href":"https:\/\/www.santaritadopassaquatro.sp.gov.br\/portal\/wp-json\/wp\/v2\/comments?post=3954"}],"version-history":[{"count":0,"href":"https:\/\/www.santaritadopassaquatro.sp.gov.br\/portal\/wp-json\/wp\/v2\/posts\/3954\/revisions"}],"wp:featuredmedia":[{"embeddable":true,"href":"https:\/\/www.santaritadopassaquatro.sp.gov.br\/portal\/wp-json\/wp\/v2\/media\/3955"}],"wp:attachment":[{"href":"https:\/\/www.santaritadopassaquatro.sp.gov.br\/portal\/wp-json\/wp\/v2\/media?parent=3954"}],"wp:term":[{"taxonomy":"category","embeddable":true,"href":"https:\/\/www.santaritadopassaquatro.sp.gov.br\/portal\/wp-json\/wp\/v2\/categories?post=3954"},{"taxonomy":"post_tag","embeddable":true,"href":"https:\/\/www.santaritadopassaquatro.sp.gov.br\/portal\/wp-json\/wp\/v2\/tags?post=3954"}],"curies":[{"name":"wp","href":"https:\/\/api.w.org\/{rel}","templated":true}]}}