{"id":3971,"date":"2020-07-07T16:31:43","date_gmt":"2020-07-07T19:31:43","guid":{"rendered":"http:\/\/www.santaritadopassaquatro.sp.gov.br\/portal\/?p=3971"},"modified":"2020-07-07T16:31:43","modified_gmt":"2020-07-07T19:31:43","slug":"centro-cultural-e-museu-jose-spadon-foi-entregue-no-ultimo-sabado","status":"publish","type":"post","link":"https:\/\/www.santaritadopassaquatro.sp.gov.br\/portal\/centro-cultural-e-museu-jose-spadon-foi-entregue-no-ultimo-sabado\/","title":{"rendered":"Centro Cultural e Museu Jos\u00e9 Spadon foi entregue no \u00faltimo s\u00e1bado"},"content":{"rendered":"<p><strong><em>Local funciona no pr\u00e9dio totalmente revitalizado da antiga Delegacia, no Centro da Cidade <\/em><\/strong><\/p>\n<p><em>\u00a0<\/em><\/p>\n<figure id=\"attachment_3975\" aria-describedby=\"caption-attachment-3975\" style=\"width: 300px\" class=\"wp-caption alignleft\"><img decoding=\"async\" class=\"wp-image-3975 size-medium\" src=\"http:\/\/www.santaritadopassaquatro.sp.gov.br\/portal\/wp-content\/uploads\/2020\/07\/entrega_delegacia04-300x169.jpg\" alt=\"\" width=\"300\" height=\"169\" srcset=\"https:\/\/www.santaritadopassaquatro.sp.gov.br\/portal\/wp-content\/uploads\/2020\/07\/entrega_delegacia04-300x169.jpg 300w, https:\/\/www.santaritadopassaquatro.sp.gov.br\/portal\/wp-content\/uploads\/2020\/07\/entrega_delegacia04-768x432.jpg 768w, https:\/\/www.santaritadopassaquatro.sp.gov.br\/portal\/wp-content\/uploads\/2020\/07\/entrega_delegacia04-1024x576.jpg 1024w, https:\/\/www.santaritadopassaquatro.sp.gov.br\/portal\/wp-content\/uploads\/2020\/07\/entrega_delegacia04.jpg 1920w\" sizes=\"(max-width: 300px) 100vw, 300px\" \/><figcaption id=\"caption-attachment-3975\" class=\"wp-caption-text\"><span style=\"font-size: 8pt; color: #999999;\"><em><strong>Participantes do evento de inaugura\u00e7\u00e3o do pr\u00e9dio da antiga delegacia, que foi totalmente revitalizada (AssCom\/Divulga\u00e7\u00e3o)<\/strong><\/em><\/span><\/figcaption><\/figure>\n<p>Um pr\u00e9dio hist\u00f3rico, com cerca de 130 anos, desativado h\u00e1 duas d\u00e9cadas, totalmente revitalizado e volta a embelezar o centro de Santa Rita do Passa Quatro. No \u00faltimo s\u00e1bado (27\/6) foi entregue \u00e0 popula\u00e7\u00e3o o Centro Cultural e Museu Jos\u00e9 Spadon. Em cerim\u00f4nia restrita, respeitando os protocolos de seguran\u00e7a, em fun\u00e7\u00e3o da pandemia de Covid-19, o evento reuniu autoridades do munic\u00edpio familiares do homenageado.<\/p>\n<p><img decoding=\"async\" class=\"alignnone size-medium wp-image-3974 alignright\" src=\"http:\/\/www.santaritadopassaquatro.sp.gov.br\/portal\/wp-content\/uploads\/2020\/07\/entrega_delegacia03-300x200.jpg\" alt=\"\" width=\"300\" height=\"200\" srcset=\"https:\/\/www.santaritadopassaquatro.sp.gov.br\/portal\/wp-content\/uploads\/2020\/07\/entrega_delegacia03-300x200.jpg 300w, https:\/\/www.santaritadopassaquatro.sp.gov.br\/portal\/wp-content\/uploads\/2020\/07\/entrega_delegacia03-768x512.jpg 768w, https:\/\/www.santaritadopassaquatro.sp.gov.br\/portal\/wp-content\/uploads\/2020\/07\/entrega_delegacia03-1024x683.jpg 1024w\" sizes=\"(max-width: 300px) 100vw, 300px\" \/>Entre os presentes, estiveram o prefeito Leandro Luciano dos Santos, a vice-prefeita Maria Rita Mondim de Oliveira, o presidente da C\u00e2mara Municipal, Paulo Cesar Missiatto, o vereador Kleber Alessandro Borotto, tamb\u00e9m membro da Associa\u00e7\u00e3o Amigos do Museu, o diretor do Departamento Municipal de Cultura e Turismo, Antonio Arnardo Reatto dos Santos, al\u00e9m de filhos e netos do homenageado e funcion\u00e1rio da empresa respons\u00e1vel pela obra.<\/p>\n<p><img decoding=\"async\" class=\"alignnone size-medium wp-image-3973 alignleft\" src=\"http:\/\/www.santaritadopassaquatro.sp.gov.br\/portal\/wp-content\/uploads\/2020\/07\/entrega_delegacia02-300x200.jpg\" alt=\"\" width=\"300\" height=\"200\" srcset=\"https:\/\/www.santaritadopassaquatro.sp.gov.br\/portal\/wp-content\/uploads\/2020\/07\/entrega_delegacia02-300x200.jpg 300w, https:\/\/www.santaritadopassaquatro.sp.gov.br\/portal\/wp-content\/uploads\/2020\/07\/entrega_delegacia02-768x512.jpg 768w, https:\/\/www.santaritadopassaquatro.sp.gov.br\/portal\/wp-content\/uploads\/2020\/07\/entrega_delegacia02-1024x683.jpg 1024w\" sizes=\"(max-width: 300px) 100vw, 300px\" \/>Trata-se em um dos maiores investimentos no resgate de sua hist\u00f3ria, com a revitaliza\u00e7\u00e3o de um dos seus mais antigos pr\u00e9dios e a transforma\u00e7\u00e3o de uma triste cadeia p\u00fablica, em um alegre centro cultural. Com investimento de cerca de R$ 800, o pr\u00e9dio inaugurado em 1.891, foi totalmente recuperado.<\/p>\n<p>O local chama a aten\u00e7\u00e3o pela sua beleza e grandeza, mas tamb\u00e9m preocupava pelo seu estado de abandono, que durou cerca de 20 anos. A antiga delegacia de pol\u00edcia e cadeia p\u00fablica, ao lado da Pra\u00e7a Zequinha de Abreu e pr\u00f3xima ao Santu\u00e1rio de Santa Rita de C\u00e1ssia, se torna mais um atrativo na Est\u00e2ncia Tur\u00edstica.<\/p>\n<p><img decoding=\"async\" class=\"alignnone size-medium wp-image-3972 alignright\" src=\"http:\/\/www.santaritadopassaquatro.sp.gov.br\/portal\/wp-content\/uploads\/2020\/07\/entrega_delegacia01-300x200.jpg\" alt=\"\" width=\"300\" height=\"200\" srcset=\"https:\/\/www.santaritadopassaquatro.sp.gov.br\/portal\/wp-content\/uploads\/2020\/07\/entrega_delegacia01-300x200.jpg 300w, https:\/\/www.santaritadopassaquatro.sp.gov.br\/portal\/wp-content\/uploads\/2020\/07\/entrega_delegacia01-768x512.jpg 768w, https:\/\/www.santaritadopassaquatro.sp.gov.br\/portal\/wp-content\/uploads\/2020\/07\/entrega_delegacia01-1024x683.jpg 1024w\" sizes=\"(max-width: 300px) 100vw, 300px\" \/>Muito aguardada pela popula\u00e7\u00e3o local, a obra seguiu projeto elaborado pelo Departamento Municipal de Obras e Infraestrutura, com apoio do Departamento de Cultura e Turismo. Os recursos, destinados atrav\u00e9s da Caixa Econ\u00f4mica Federal, em conv\u00eanio com o Minist\u00e9rio do Turismo.<\/p>\n<p>O local tem 675 metros quadrados e recebe, al\u00e9m de um novo museu, biblioteca e um espa\u00e7o para realiza\u00e7\u00e3o de eventos educacionais e culturais. As obras foram realizadas pela Construmeta Constru\u00e7\u00e3o Civil, vencedora do processo licitat\u00f3rio.<\/p>\n<p>Em estado de abandono desde sua desativa\u00e7\u00e3o, o pr\u00e9dio se tornou um transtorno para a vizinhan\u00e7a. Ap\u00f3s um intenso trabalho do governo municipal, finalmente o local p\u00f4de receber uma destina\u00e7\u00e3o, isso porque a Fazenda P\u00fablica do Estado concedeu \u00e0 Prefeitura a permiss\u00e3o de uso do im\u00f3vel por tempo indeterminado. Autoriza\u00e7\u00e3o assinada pelo ent\u00e3o governador Geraldo Alckmin, por meio do Decreto 60.626, de 3 de julho de 2014.<\/p>\n<p>O local tamb\u00e9m ir\u00e1 abrigar um caf\u00e9 e um espa\u00e7o receptivo tur\u00edstico.<\/p>\n<p>&nbsp;<\/p>\n<p><strong>HIST\u00d3RIA<\/strong><\/p>\n<p>Com as obras iniciada em outubro de 1885, quando Santa Rita ainda era uma vila, o pr\u00e9dio da inaugurado em 6 de mar\u00e7o de 1891. A princ\u00edpio, o local abrigou a C\u00e2mara Municipal (ent\u00e3o chamada de Intend\u00eancia), a Cadeia P\u00fablica e o F\u00f3rum, a partir de 1892, quando foi criada a Comarca. A Cadeia P\u00fablica permaneceu desde a sua inaugura\u00e7\u00e3o em 6 de mar\u00e7o de 1891, at\u00e9 a d\u00e9cada de 1980. As atividades do pr\u00e9dio foram totalmente encerradas, in\u00edcio dos anos 2000, quando a sede da Pol\u00edcia Civil, foi transferida para o local atual, na Av. Pe. Pio Corso.<\/p>\n<p>&nbsp;<\/p>\n<p>&nbsp;<\/p>\n<p><em>\u00a0<\/em><\/p>\n<p><em>\u00a0<\/em><\/p>\n<p>&nbsp;<\/p>\n<p>&nbsp;<\/p>\n","protected":false},"excerpt":{"rendered":"<p>Local funciona no pr\u00e9dio totalmente revitalizado da antiga Delegacia, no Centro da Cidade \u00a0 Um pr\u00e9dio hist\u00f3rico, com cerca de<\/p>\n","protected":false},"author":1,"featured_media":3976,"comment_status":"closed","ping_status":"open","sticky":false,"template":"","format":"standard","meta":{"footnotes":""},"categories":[44,46,52],"tags":[],"class_list":["post-3971","post","type-post","status-publish","format-standard","has-post-thumbnail","hentry","category-cidades","category-cultura","category-latest"],"_links":{"self":[{"href":"https:\/\/www.santaritadopassaquatro.sp.gov.br\/portal\/wp-json\/wp\/v2\/posts\/3971","targetHints":{"allow":["GET"]}}],"collection":[{"href":"https:\/\/www.santaritadopassaquatro.sp.gov.br\/portal\/wp-json\/wp\/v2\/posts"}],"about":[{"href":"https:\/\/www.santaritadopassaquatro.sp.gov.br\/portal\/wp-json\/wp\/v2\/types\/post"}],"author":[{"embeddable":true,"href":"https:\/\/www.santaritadopassaquatro.sp.gov.br\/portal\/wp-json\/wp\/v2\/users\/1"}],"replies":[{"embeddable":true,"href":"https:\/\/www.santaritadopassaquatro.sp.gov.br\/portal\/wp-json\/wp\/v2\/comments?post=3971"}],"version-history":[{"count":0,"href":"https:\/\/www.santaritadopassaquatro.sp.gov.br\/portal\/wp-json\/wp\/v2\/posts\/3971\/revisions"}],"wp:featuredmedia":[{"embeddable":true,"href":"https:\/\/www.santaritadopassaquatro.sp.gov.br\/portal\/wp-json\/wp\/v2\/media\/3976"}],"wp:attachment":[{"href":"https:\/\/www.santaritadopassaquatro.sp.gov.br\/portal\/wp-json\/wp\/v2\/media?parent=3971"}],"wp:term":[{"taxonomy":"category","embeddable":true,"href":"https:\/\/www.santaritadopassaquatro.sp.gov.br\/portal\/wp-json\/wp\/v2\/categories?post=3971"},{"taxonomy":"post_tag","embeddable":true,"href":"https:\/\/www.santaritadopassaquatro.sp.gov.br\/portal\/wp-json\/wp\/v2\/tags?post=3971"}],"curies":[{"name":"wp","href":"https:\/\/api.w.org\/{rel}","templated":true}]}}