{"id":3978,"date":"2020-07-07T16:36:43","date_gmt":"2020-07-07T19:36:43","guid":{"rendered":"http:\/\/www.santaritadopassaquatro.sp.gov.br\/portal\/?p=3978"},"modified":"2020-07-07T16:36:43","modified_gmt":"2020-07-07T19:36:43","slug":"28o-festival-de-tradicoes-italianas-live-com-a-banda-via-roma-e-entidades-acontece-na-proxima-quinta-feira","status":"publish","type":"post","link":"https:\/\/www.santaritadopassaquatro.sp.gov.br\/portal\/28o-festival-de-tradicoes-italianas-live-com-a-banda-via-roma-e-entidades-acontece-na-proxima-quinta-feira\/","title":{"rendered":"28\u00ba FESTIVAL DE TRADI\u00c7\u00d5ES ITALIANAS:\u00a0Live com a banda Via Roma e entidades acontece na pr\u00f3xima quinta-feira"},"content":{"rendered":"<p><strong><em>Pandemia muda formato da festa, por restri\u00e7\u00f5es de aglomera\u00e7\u00e3o de pessoas; evento tamb\u00e9m ter\u00e1 homenagem ao seu criador, o prefeito Barbuinho<\/em><\/strong><\/p>\n<p>&nbsp;<\/p>\n<figure id=\"attachment_3979\" aria-describedby=\"caption-attachment-3979\" style=\"width: 300px\" class=\"wp-caption alignleft\"><img decoding=\"async\" class=\"wp-image-3979 size-medium\" src=\"http:\/\/www.santaritadopassaquatro.sp.gov.br\/portal\/wp-content\/uploads\/2020\/07\/Festa_Italiana2018_banda_Via_Roma-300x200.jpg\" alt=\"\" width=\"300\" height=\"200\" srcset=\"https:\/\/www.santaritadopassaquatro.sp.gov.br\/portal\/wp-content\/uploads\/2020\/07\/Festa_Italiana2018_banda_Via_Roma-300x200.jpg 300w, https:\/\/www.santaritadopassaquatro.sp.gov.br\/portal\/wp-content\/uploads\/2020\/07\/Festa_Italiana2018_banda_Via_Roma-768x512.jpg 768w, https:\/\/www.santaritadopassaquatro.sp.gov.br\/portal\/wp-content\/uploads\/2020\/07\/Festa_Italiana2018_banda_Via_Roma-1024x683.jpg 1024w\" sizes=\"(max-width: 300px) 100vw, 300px\" \/><figcaption id=\"caption-attachment-3979\" class=\"wp-caption-text\"><span style=\"font-size: 8pt; color: #999999;\"><em><strong>A banda Via Roma, que far\u00e1 a live do 28\u00ba Festival de Tradi\u00e7\u00f5es Italianas, \u00a0no pr\u00f3ximo dia 9 de julho (Arquivo\/AssCom\/Divulga\u00e7\u00e3o)<\/strong><\/em><\/span><\/figcaption><\/figure>\n<p>Em novo formato, a 28\u00aa edi\u00e7\u00e3o do Festival de Tradi\u00e7\u00f5es Italianas de Santa Rita do Passa Quatro ser\u00e1 realizada na pr\u00f3xima quinta-feira, 9 de julho, com <em>live<\/em> com a banda Via Roma, que ir\u00e1 apresentar seu repert\u00f3rio t\u00edpico, a partir das 19h30. Na mesma noite, as entidades ir\u00e3o apresentar um pouco de seu trabalho e os pratos que posteriormente ser\u00e3o servidos ao p\u00fablico. Todas as medidas de seguran\u00e7a e conscientiza\u00e7\u00e3o ser\u00e3o tomadas durante a realiza\u00e7\u00e3o do evento.<\/p>\n<p>A transmiss\u00e3o ser\u00e1 no perfil no Facebook e Canal no Youtube do Departamento de Cultura. Os endere\u00e7os para acesso s\u00e3o facebook.com\/culturaeturismodepto e youtube.com\/culturaeturismodepto.<\/p>\n<p>O evento mais tradicional do munic\u00edpio sofreu mudan\u00e7as em seu formato tradicional, em fun\u00e7\u00e3o da pandeia da Covid-19. Com o impedimento de promover eventos que geral aglomera\u00e7\u00e3o, o Departamento Municipal de Cultura e Turismo pensou em uma alternativa para manter a tradi\u00e7\u00e3o, que al\u00e9m de celebrar a cultura do munic\u00edpio, incentivar o turismo, ainda colabora com entidades assistenciais locais, que normalmente mant\u00e9m as barracas de bebidas e comidas t\u00edpicas.<\/p>\n<p>Em novo formato, o 28\u00ba Festival de Tradi\u00e7\u00f5es Italianas ir\u00e1 acontecer em dois momentos e sem a presen\u00e7a do p\u00fablico. Ap\u00f3s a <em>live<\/em> desta quinta quinta-feira, as entidades participantes ir\u00e3o servir os pratos oferecidos no dia 8 de agosto, s\u00e1bado, nos sistemas <em>take-out, drive thru ou delivery<\/em>. No ato da compra dos pratos ser\u00e1 informado a forma de retida de cada Institui\u00e7\u00e3o.<\/p>\n<p>As institui\u00e7\u00f5es participantes s\u00e3o: Lar S\u00e3o Vicente de Paulo, Projeto Maria, Par\u00f3quia S\u00e3o Jos\u00e9 Oper\u00e1rio, Associa\u00e7\u00e3o Jequitib\u00e1 (CAIS) e Lar Dom Luis Cabulotto.<\/p>\n<p>&nbsp;<\/p>\n<p><strong>HOMENAGEM <\/strong><\/p>\n<p>O Festival de Tradi\u00e7\u00f5es Italianas \u00e9 uma festa caracter\u00edstica do munic\u00edpio santa-ritense, pois homenageia os imigrantes europeus que aqui chegaram no s\u00e9culo passado e, com seu trabalho, colaboraram com o desenvolvimento e a cultura local.<\/p>\n<p>Este ano, o evento tamb\u00e9m ir\u00e1 prestar uma homenagem especial a um de seus idealizares, o prefeito Jos\u00e9 Roberto Barbuio, conhecido como Barbuinho, falecido recentemente. O Festival Italiano foi criado durante sua gest\u00e3o, em 1993.<\/p>\n<p><strong>\u00a0<\/strong><\/p>\n<p><strong>Foto: <\/strong><\/p>\n<p>&nbsp;<\/p>\n<p>&nbsp;<\/p>\n<p>&nbsp;<\/p>\n","protected":false},"excerpt":{"rendered":"<p>Pandemia muda formato da festa, por restri\u00e7\u00f5es de aglomera\u00e7\u00e3o de pessoas; evento tamb\u00e9m ter\u00e1 homenagem ao seu criador, o prefeito<\/p>\n","protected":false},"author":1,"featured_media":3980,"comment_status":"closed","ping_status":"open","sticky":false,"template":"","format":"standard","meta":{"footnotes":""},"categories":[46,52,60],"tags":[],"class_list":["post-3978","post","type-post","status-publish","format-standard","has-post-thumbnail","hentry","category-cultura","category-latest","category-turismo"],"_links":{"self":[{"href":"https:\/\/www.santaritadopassaquatro.sp.gov.br\/portal\/wp-json\/wp\/v2\/posts\/3978","targetHints":{"allow":["GET"]}}],"collection":[{"href":"https:\/\/www.santaritadopassaquatro.sp.gov.br\/portal\/wp-json\/wp\/v2\/posts"}],"about":[{"href":"https:\/\/www.santaritadopassaquatro.sp.gov.br\/portal\/wp-json\/wp\/v2\/types\/post"}],"author":[{"embeddable":true,"href":"https:\/\/www.santaritadopassaquatro.sp.gov.br\/portal\/wp-json\/wp\/v2\/users\/1"}],"replies":[{"embeddable":true,"href":"https:\/\/www.santaritadopassaquatro.sp.gov.br\/portal\/wp-json\/wp\/v2\/comments?post=3978"}],"version-history":[{"count":0,"href":"https:\/\/www.santaritadopassaquatro.sp.gov.br\/portal\/wp-json\/wp\/v2\/posts\/3978\/revisions"}],"wp:featuredmedia":[{"embeddable":true,"href":"https:\/\/www.santaritadopassaquatro.sp.gov.br\/portal\/wp-json\/wp\/v2\/media\/3980"}],"wp:attachment":[{"href":"https:\/\/www.santaritadopassaquatro.sp.gov.br\/portal\/wp-json\/wp\/v2\/media?parent=3978"}],"wp:term":[{"taxonomy":"category","embeddable":true,"href":"https:\/\/www.santaritadopassaquatro.sp.gov.br\/portal\/wp-json\/wp\/v2\/categories?post=3978"},{"taxonomy":"post_tag","embeddable":true,"href":"https:\/\/www.santaritadopassaquatro.sp.gov.br\/portal\/wp-json\/wp\/v2\/tags?post=3978"}],"curies":[{"name":"wp","href":"https:\/\/api.w.org\/{rel}","templated":true}]}}