{"id":3989,"date":"2020-07-13T09:30:54","date_gmt":"2020-07-13T12:30:54","guid":{"rendered":"http:\/\/www.santaritadopassaquatro.sp.gov.br\/portal\/?p=3989"},"modified":"2020-07-13T09:30:54","modified_gmt":"2020-07-13T12:30:54","slug":"o-conselho-tutelar-de-santa-rita-do-passa-quatro-comemorando-os-30-anos-do-eca","status":"publish","type":"post","link":"https:\/\/www.santaritadopassaquatro.sp.gov.br\/portal\/o-conselho-tutelar-de-santa-rita-do-passa-quatro-comemorando-os-30-anos-do-eca\/","title":{"rendered":"O Conselho Tutelar de Santa Rita do Passa Quatro, comemorando os 30 anos do ECA"},"content":{"rendered":"<p><strong><em>Estatuto nasceu da Constitui\u00e7\u00e3o Federal de 1988, em seu artigo 227<\/em><\/strong><\/p>\n<p>&nbsp;<\/p>\n<figure id=\"attachment_3990\" aria-describedby=\"caption-attachment-3990\" style=\"width: 300px\" class=\"wp-caption alignleft\"><img decoding=\"async\" class=\"wp-image-3990 size-medium\" src=\"http:\/\/www.santaritadopassaquatro.sp.gov.br\/portal\/wp-content\/uploads\/2020\/07\/Conselho_Tutelar_30_anos_ECA-300x225.jpg\" alt=\"\" width=\"300\" height=\"225\" srcset=\"https:\/\/www.santaritadopassaquatro.sp.gov.br\/portal\/wp-content\/uploads\/2020\/07\/Conselho_Tutelar_30_anos_ECA-300x225.jpg 300w, https:\/\/www.santaritadopassaquatro.sp.gov.br\/portal\/wp-content\/uploads\/2020\/07\/Conselho_Tutelar_30_anos_ECA.jpg 713w\" sizes=\"(max-width: 300px) 100vw, 300px\" \/><figcaption id=\"caption-attachment-3990\" class=\"wp-caption-text\"><span style=\"font-size: 8pt; color: #999999;\"><em><strong>Os conselheiros atuais do Conselho Tutelar de Santa Rita do Passa Quatro (Divulga\u00e7\u00e3o)<\/strong><\/em><\/span><\/figcaption><\/figure>\n<p>O Estatuto da Crian\u00e7a e do Adolescente, Lei 8069 de 13\/07\/90, est\u00e1 completando 30 anos de sua exist\u00eancia e contribuiu para que muitas mudan\u00e7as acontecessem, que \u00e9 o reconhecimento de direitos, e garantir que crian\u00e7as e adolescentes brasileiros, at\u00e9 ent\u00e3o reconhecidos como meros objetos de interven\u00e7\u00e3o do Estado e da fam\u00edlia passem a ser sujeitos de direitos. Hoje as crian\u00e7as s\u00e3o vistas como cidad\u00e3os em desenvolvimento e que precisam de prote\u00e7\u00e3o.<\/p>\n<p>O ECA \u00e9 um marco legal para a inf\u00e2ncia, porque estabeleceu a crian\u00e7a e ao adolescente\u00a0 direitos e deveres e previu claramente as atribui\u00e7\u00f5es do Estado da fam\u00edlia e da sociedade em rela\u00e7\u00e3o a prote\u00e7\u00e3o da crian\u00e7a e adolescente \u00e9\u00a0 extensivo a todos sem distin\u00e7\u00e3o de ra\u00e7a, etnia e condi\u00e7\u00f5es sociais. O ECA tamb\u00e9m foi importante para a cria\u00e7\u00e3o de Institui\u00e7\u00f5es, como Conselhos de Direitos e Conselhos Tutelares, para garantir e estabelecer pol\u00edticas b\u00e1sicas e especiais para a inf\u00e2ncia e juventude.<\/p>\n<p>\u201cCrian\u00e7a e Adolescentes- Prioridade Absoluta. \u00c9 o que queremos, e \u00e9 isso que defendemos\u201d. Conselheiros: Elaine C. Thomazi Zuliani, Miriam C.C. Pereira, Leide P. Lencione Lopes Silva, Denise Ap. Delgado Carniato e Carlos Alb. dos Santos.<\/p>\n<p>&nbsp;<\/p>\n<p>&nbsp;<\/p>\n<p><em>\u00a0<\/em><\/p>\n<p>&nbsp;<\/p>\n<p>&nbsp;<\/p>\n","protected":false},"excerpt":{"rendered":"<p>Estatuto nasceu da Constitui\u00e7\u00e3o Federal de 1988, em seu artigo 227 &nbsp; O Estatuto da Crian\u00e7a e do Adolescente, Lei<\/p>\n","protected":false},"author":1,"featured_media":3991,"comment_status":"closed","ping_status":"open","sticky":false,"template":"","format":"standard","meta":{"footnotes":""},"categories":[44,48],"tags":[],"class_list":["post-3989","post","type-post","status-publish","format-standard","has-post-thumbnail","hentry","category-cidades","category-featured"],"_links":{"self":[{"href":"https:\/\/www.santaritadopassaquatro.sp.gov.br\/portal\/wp-json\/wp\/v2\/posts\/3989","targetHints":{"allow":["GET"]}}],"collection":[{"href":"https:\/\/www.santaritadopassaquatro.sp.gov.br\/portal\/wp-json\/wp\/v2\/posts"}],"about":[{"href":"https:\/\/www.santaritadopassaquatro.sp.gov.br\/portal\/wp-json\/wp\/v2\/types\/post"}],"author":[{"embeddable":true,"href":"https:\/\/www.santaritadopassaquatro.sp.gov.br\/portal\/wp-json\/wp\/v2\/users\/1"}],"replies":[{"embeddable":true,"href":"https:\/\/www.santaritadopassaquatro.sp.gov.br\/portal\/wp-json\/wp\/v2\/comments?post=3989"}],"version-history":[{"count":0,"href":"https:\/\/www.santaritadopassaquatro.sp.gov.br\/portal\/wp-json\/wp\/v2\/posts\/3989\/revisions"}],"wp:featuredmedia":[{"embeddable":true,"href":"https:\/\/www.santaritadopassaquatro.sp.gov.br\/portal\/wp-json\/wp\/v2\/media\/3991"}],"wp:attachment":[{"href":"https:\/\/www.santaritadopassaquatro.sp.gov.br\/portal\/wp-json\/wp\/v2\/media?parent=3989"}],"wp:term":[{"taxonomy":"category","embeddable":true,"href":"https:\/\/www.santaritadopassaquatro.sp.gov.br\/portal\/wp-json\/wp\/v2\/categories?post=3989"},{"taxonomy":"post_tag","embeddable":true,"href":"https:\/\/www.santaritadopassaquatro.sp.gov.br\/portal\/wp-json\/wp\/v2\/tags?post=3989"}],"curies":[{"name":"wp","href":"https:\/\/api.w.org\/{rel}","templated":true}]}}