{"id":3993,"date":"2020-07-13T09:33:32","date_gmt":"2020-07-13T12:33:32","guid":{"rendered":"http:\/\/www.santaritadopassaquatro.sp.gov.br\/portal\/?p=3993"},"modified":"2020-07-13T09:33:32","modified_gmt":"2020-07-13T12:33:32","slug":"em-sp-prefeito-se-reune-com-secretario-de-estado-sobre-leitos-de-uti","status":"publish","type":"post","link":"https:\/\/www.santaritadopassaquatro.sp.gov.br\/portal\/em-sp-prefeito-se-reune-com-secretario-de-estado-sobre-leitos-de-uti\/","title":{"rendered":"Em SP, prefeito se re\u00fane com secret\u00e1rio de Estado sobre leitos de UTI"},"content":{"rendered":"<p><strong><em>Reuni\u00e3o aconteceu esta semana no pal\u00e1cio do Planalto, em S\u00e3o Paulo <\/em><\/strong><\/p>\n<p><strong><em>\u00a0<\/em><\/strong><\/p>\n<figure id=\"attachment_3995\" aria-describedby=\"caption-attachment-3995\" style=\"width: 300px\" class=\"wp-caption alignleft\"><img decoding=\"async\" class=\"wp-image-3995 size-medium\" src=\"http:\/\/www.santaritadopassaquatro.sp.gov.br\/portal\/wp-content\/uploads\/2020\/07\/pilha_vinholi_8julho-300x225.jpeg\" alt=\"\" width=\"300\" height=\"225\" srcset=\"https:\/\/www.santaritadopassaquatro.sp.gov.br\/portal\/wp-content\/uploads\/2020\/07\/pilha_vinholi_8julho-300x225.jpeg 300w, https:\/\/www.santaritadopassaquatro.sp.gov.br\/portal\/wp-content\/uploads\/2020\/07\/pilha_vinholi_8julho-768x576.jpeg 768w, https:\/\/www.santaritadopassaquatro.sp.gov.br\/portal\/wp-content\/uploads\/2020\/07\/pilha_vinholi_8julho-1024x768.jpeg 1024w, https:\/\/www.santaritadopassaquatro.sp.gov.br\/portal\/wp-content\/uploads\/2020\/07\/pilha_vinholi_8julho.jpeg 1280w\" sizes=\"(max-width: 300px) 100vw, 300px\" \/><figcaption id=\"caption-attachment-3995\" class=\"wp-caption-text\"><span style=\"font-size: 8pt; color: #999999;\"><em><strong>Os prefeitos de Santa Rita e Holambra na reuni\u00e3o entre com o secret\u00e1rio de Desenvolvimento Regional, em SP (Divulga\u00e7\u00e3o)<\/strong><\/em><\/span><\/figcaption><\/figure>\n<p>O prefeito de Santa Rita do Passa Quatro, Leandro Luciano dos Santos, esteve em S\u00e3o Paulo, na \u00faltima quarta-feira (8\/7), em reuni\u00e3o no Pal\u00e1cio dos Bandeirantes, sede do governo paulista. Acompanhado do prefeito de Holambra (SP), Fernando Fiori de Godoy, Leandro se reuniu com o secret\u00e1rio de Desenvolvimento Regional de SP, Marco Vinholi.<\/p>\n<p>A reuni\u00e3o teve como objetivo tratar sobre a solicita\u00e7\u00e3o de mais leitos em UTIs nas regi\u00f5es de Campinas e Ribeir\u00e3o Preto. De acordo com o prefeito, o governo de SP pode instalar hospitais de campanha e realizar a contrata\u00e7\u00e3o da rede particular para atender pacientes do SUS na DRS Ribeir\u00e3o Preto, a qual nossa Santa Rita tamb\u00e9m faz parte. \u201cAssim seguimos trabalhando em combate a pandemia, sempre pensando na sa\u00fade das pessoas e no desenvolvimento da nossa regi\u00e3o\u201d, disse o prefeito. \u201cNos momentos de dificuldade, a humildade e o bom relacionamento com o governo do Estado, conseguimos ajudar milhares e pessoas\u201d, concluiu.<\/p>\n<p>&nbsp;<\/p>\n<p>&nbsp;<\/p>\n<p>&nbsp;<\/p>\n","protected":false},"excerpt":{"rendered":"<p>Reuni\u00e3o aconteceu esta semana no pal\u00e1cio do Planalto, em S\u00e3o Paulo \u00a0 O prefeito de Santa Rita do Passa Quatro,<\/p>\n","protected":false},"author":1,"featured_media":3994,"comment_status":"closed","ping_status":"open","sticky":false,"template":"","format":"standard","meta":{"footnotes":""},"categories":[40,52],"tags":[],"class_list":["post-3993","post","type-post","status-publish","format-standard","has-post-thumbnail","hentry","category-covid-19","category-latest"],"_links":{"self":[{"href":"https:\/\/www.santaritadopassaquatro.sp.gov.br\/portal\/wp-json\/wp\/v2\/posts\/3993","targetHints":{"allow":["GET"]}}],"collection":[{"href":"https:\/\/www.santaritadopassaquatro.sp.gov.br\/portal\/wp-json\/wp\/v2\/posts"}],"about":[{"href":"https:\/\/www.santaritadopassaquatro.sp.gov.br\/portal\/wp-json\/wp\/v2\/types\/post"}],"author":[{"embeddable":true,"href":"https:\/\/www.santaritadopassaquatro.sp.gov.br\/portal\/wp-json\/wp\/v2\/users\/1"}],"replies":[{"embeddable":true,"href":"https:\/\/www.santaritadopassaquatro.sp.gov.br\/portal\/wp-json\/wp\/v2\/comments?post=3993"}],"version-history":[{"count":1,"href":"https:\/\/www.santaritadopassaquatro.sp.gov.br\/portal\/wp-json\/wp\/v2\/posts\/3993\/revisions"}],"predecessor-version":[{"id":3996,"href":"https:\/\/www.santaritadopassaquatro.sp.gov.br\/portal\/wp-json\/wp\/v2\/posts\/3993\/revisions\/3996"}],"wp:featuredmedia":[{"embeddable":true,"href":"https:\/\/www.santaritadopassaquatro.sp.gov.br\/portal\/wp-json\/wp\/v2\/media\/3994"}],"wp:attachment":[{"href":"https:\/\/www.santaritadopassaquatro.sp.gov.br\/portal\/wp-json\/wp\/v2\/media?parent=3993"}],"wp:term":[{"taxonomy":"category","embeddable":true,"href":"https:\/\/www.santaritadopassaquatro.sp.gov.br\/portal\/wp-json\/wp\/v2\/categories?post=3993"},{"taxonomy":"post_tag","embeddable":true,"href":"https:\/\/www.santaritadopassaquatro.sp.gov.br\/portal\/wp-json\/wp\/v2\/tags?post=3993"}],"curies":[{"name":"wp","href":"https:\/\/api.w.org\/{rel}","templated":true}]}}