{"id":4009,"date":"2020-07-17T15:14:37","date_gmt":"2020-07-17T18:14:37","guid":{"rendered":"http:\/\/www.santaritadopassaquatro.sp.gov.br\/portal\/?p=4009"},"modified":"2020-07-17T15:14:37","modified_gmt":"2020-07-17T18:14:37","slug":"segunda-fase-da-vacinacao-contra-o-sarampo-ate-fim-de-agosto","status":"publish","type":"post","link":"https:\/\/www.santaritadopassaquatro.sp.gov.br\/portal\/segunda-fase-da-vacinacao-contra-o-sarampo-ate-fim-de-agosto\/","title":{"rendered":"Segunda fase da vacina\u00e7\u00e3o contra o sarampo at\u00e9 fim de agosto"},"content":{"rendered":"<p><strong><em>Campanha <\/em><\/strong><strong><em>no Centro de Sa\u00fade e CAIC <\/em><\/strong><strong><em>\u00e9 destinada a pessoais de seis meses a 49 anos, que nunca tomaram ou receberam apenas uma dose da vacina<\/em><\/strong><\/p>\n<p><strong><em>\u00a0<\/em><\/strong><\/p>\n<p><img decoding=\"async\" class=\"alignnone size-medium wp-image-3289 alignleft\" src=\"http:\/\/www.santaritadopassaquatro.sp.gov.br\/portal\/wp-content\/uploads\/2020\/02\/sarampo-300x198.jpg\" alt=\"\" width=\"300\" height=\"198\" srcset=\"https:\/\/www.santaritadopassaquatro.sp.gov.br\/portal\/wp-content\/uploads\/2020\/02\/sarampo-300x198.jpg 300w, https:\/\/www.santaritadopassaquatro.sp.gov.br\/portal\/wp-content\/uploads\/2020\/02\/sarampo.jpg 452w\" sizes=\"(max-width: 300px) 100vw, 300px\" \/>Segue at\u00e9 o pr\u00f3ximo dia 31 de agosto, sexta-feira, a segunda fase da Campanha Nacional de Vacina\u00e7\u00e3o contra o Sarampo do calend\u00e1rio 2020. A mobiliza\u00e7\u00e3o nacional foi determinada pelo Minist\u00e9rio da Sa\u00fade, em raz\u00e3o do avan\u00e7o da doen\u00e7a no pa\u00eds.<\/p>\n<p>Nesta segunda fase, a intensifica\u00e7\u00e3o da vacina\u00e7\u00e3o ser\u00e1 para a popula\u00e7\u00e3o de seis meses a 29 anos, de acordo com avalia\u00e7\u00e3o da situa\u00e7\u00e3o vacinal, e para toda popula\u00e7\u00e3o entre a faixa et\u00e1ria de 30 a 49 anos.<\/p>\n<p>Em Santa Rita do Passa Quatro, os moradores poder\u00e3o procurar o Centro de Sa\u00fade II, de segunda a sexta-feira, das 7h \u00e0s 15 horas, e os PAS CAIC, \u00e0s ter\u00e7as e quintas-feiras, das 8h \u00e0s 10h30 e das 13h \u00e0s 14h30. \u00c9 fundamental apresenta\u00e7\u00e3o da carteirinha de vacina\u00e7\u00e3o.<\/p>\n<p>A primeira fase da campanha contra o sarampo no calend\u00e1rio 2020 acorreu entre fevereiro e mar\u00e7o.<\/p>\n<p><strong>\u00a0<\/strong><\/p>\n<p><strong>A DOEN\u00c7A<\/strong><\/p>\n<p>A transmiss\u00e3o do sarampo ocorre a partir de got\u00edculas de pessoas doentes ao espirrar, tossir, falar ou respirar pr\u00f3ximo de pessoas sem imunidade contra o v\u00edrus. \u00c9 uma doen\u00e7a altamente contagiosa.<\/p>\n<p>&nbsp;<\/p>\n<p><strong>SERVI\u00c7O<br \/>\nCAMPANHA DE VACINA\u00c7\u00c3O CONTRA SARAMPO (2\u00aa Etapa)<br \/>\nQUANDO: <\/strong>at\u00e9 dia 31 de agosto de 2020 (sexta-feira).<strong><br \/>\nONDE: <\/strong>Centro de Sa\u00fade II e PAS CAIC. <strong><br \/>\nHORARIOS:<\/strong>\u00a0 das 8h \u00e0s 15 horas (Centro Sa\u00fade) e no das 8h \u00e0s 10h30 e das 13h (CAIC), de segunda a sexta-feira.<br \/>\n<strong>P\u00daBLICO ALVO: <\/strong>pessoas com idade de 6 meses a 49 anos.<strong><br \/>\nLevar carteira de vacina\u00e7\u00e3o.<\/strong><\/p>\n<p>&nbsp;<\/p>\n<p>&nbsp;<\/p>\n","protected":false},"excerpt":{"rendered":"<p>Campanha no Centro de Sa\u00fade e CAIC \u00e9 destinada a pessoais de seis meses a 49 anos, que nunca tomaram<\/p>\n","protected":false},"author":1,"featured_media":3289,"comment_status":"closed","ping_status":"open","sticky":false,"template":"","format":"standard","meta":{"footnotes":""},"categories":[48,52,58],"tags":[],"class_list":["post-4009","post","type-post","status-publish","format-standard","has-post-thumbnail","hentry","category-featured","category-latest","category-health"],"_links":{"self":[{"href":"https:\/\/www.santaritadopassaquatro.sp.gov.br\/portal\/wp-json\/wp\/v2\/posts\/4009","targetHints":{"allow":["GET"]}}],"collection":[{"href":"https:\/\/www.santaritadopassaquatro.sp.gov.br\/portal\/wp-json\/wp\/v2\/posts"}],"about":[{"href":"https:\/\/www.santaritadopassaquatro.sp.gov.br\/portal\/wp-json\/wp\/v2\/types\/post"}],"author":[{"embeddable":true,"href":"https:\/\/www.santaritadopassaquatro.sp.gov.br\/portal\/wp-json\/wp\/v2\/users\/1"}],"replies":[{"embeddable":true,"href":"https:\/\/www.santaritadopassaquatro.sp.gov.br\/portal\/wp-json\/wp\/v2\/comments?post=4009"}],"version-history":[{"count":0,"href":"https:\/\/www.santaritadopassaquatro.sp.gov.br\/portal\/wp-json\/wp\/v2\/posts\/4009\/revisions"}],"wp:featuredmedia":[{"embeddable":true,"href":"https:\/\/www.santaritadopassaquatro.sp.gov.br\/portal\/wp-json\/wp\/v2\/media\/3289"}],"wp:attachment":[{"href":"https:\/\/www.santaritadopassaquatro.sp.gov.br\/portal\/wp-json\/wp\/v2\/media?parent=4009"}],"wp:term":[{"taxonomy":"category","embeddable":true,"href":"https:\/\/www.santaritadopassaquatro.sp.gov.br\/portal\/wp-json\/wp\/v2\/categories?post=4009"},{"taxonomy":"post_tag","embeddable":true,"href":"https:\/\/www.santaritadopassaquatro.sp.gov.br\/portal\/wp-json\/wp\/v2\/tags?post=4009"}],"curies":[{"name":"wp","href":"https:\/\/api.w.org\/{rel}","templated":true}]}}