{"id":4013,"date":"2020-07-17T15:20:09","date_gmt":"2020-07-17T18:20:09","guid":{"rendered":"http:\/\/www.santaritadopassaquatro.sp.gov.br\/portal\/?p=4013"},"modified":"2020-07-17T15:20:09","modified_gmt":"2020-07-17T18:20:09","slug":"28o-festival-de-tradicoes-italianas-banda-via-roma-e-entidades-garantem-realizacao-do-evento-durante-pandemia","status":"publish","type":"post","link":"https:\/\/www.santaritadopassaquatro.sp.gov.br\/portal\/28o-festival-de-tradicoes-italianas-banda-via-roma-e-entidades-garantem-realizacao-do-evento-durante-pandemia\/","title":{"rendered":"28\u00ba FESTIVAL DE TRADI\u00c7\u00d5ES ITALIANAS:\u00a0Banda Via Roma e entidades garantem realiza\u00e7\u00e3o do evento durante pandemia"},"content":{"rendered":"<p><strong><em>Com homenagem a Barbuinho, live adequou o formato da festa, com restri\u00e7\u00f5es de aglomera\u00e7\u00e3o de pessoas <\/em><\/strong><\/p>\n<p>&nbsp;<\/p>\n<figure id=\"attachment_4014\" aria-describedby=\"caption-attachment-4014\" style=\"width: 300px\" class=\"wp-caption alignleft\"><img decoding=\"async\" class=\"wp-image-4014 size-medium\" src=\"http:\/\/www.santaritadopassaquatro.sp.gov.br\/portal\/wp-content\/uploads\/2020\/07\/28_festa_italiana_live01-300x200.jpg\" alt=\"\" width=\"300\" height=\"200\" srcset=\"https:\/\/www.santaritadopassaquatro.sp.gov.br\/portal\/wp-content\/uploads\/2020\/07\/28_festa_italiana_live01-300x200.jpg 300w, https:\/\/www.santaritadopassaquatro.sp.gov.br\/portal\/wp-content\/uploads\/2020\/07\/28_festa_italiana_live01-768x512.jpg 768w, https:\/\/www.santaritadopassaquatro.sp.gov.br\/portal\/wp-content\/uploads\/2020\/07\/28_festa_italiana_live01-1024x683.jpg 1024w, https:\/\/www.santaritadopassaquatro.sp.gov.br\/portal\/wp-content\/uploads\/2020\/07\/28_festa_italiana_live01.jpg 1336w\" sizes=\"(max-width: 300px) 100vw, 300px\" \/><figcaption id=\"caption-attachment-4014\" class=\"wp-caption-text\"><span style=\"font-size: 8pt; color: #999999;\"><em><strong>Prefeito e vice-prefeita durante a abertura da live do 28\u00ba Festival de Tradi\u00e7\u00f5es Italianas (Sidney Jr\/Divulga\u00e7\u00e3o)<\/strong><\/em><\/span><\/figcaption><\/figure>\n<p>Manter a tradi\u00e7\u00e3o e adequar o evento mais tradicional do munic\u00edpio em plena pandemia da Covid-19. Com este objetivo, o 28\u00ba Festival de Tradi\u00e7\u00f5es Italianas, de Santa Rita do Passa Quatro, foi realizado em novo formato, no \u00faltimo dia 9 de julho, quinta-feira, com <em>live<\/em> com a banda Via Roma, a apresenta\u00e7\u00e3o das entidades e seus pratos t\u00edpicos.<\/p>\n<figure id=\"attachment_4016\" aria-describedby=\"caption-attachment-4016\" style=\"width: 300px\" class=\"wp-caption alignright\"><img decoding=\"async\" class=\"wp-image-4016 size-medium\" src=\"http:\/\/www.santaritadopassaquatro.sp.gov.br\/portal\/wp-content\/uploads\/2020\/07\/28_festa_italiana_live03-300x200.jpg\" alt=\"\" width=\"300\" height=\"200\" srcset=\"https:\/\/www.santaritadopassaquatro.sp.gov.br\/portal\/wp-content\/uploads\/2020\/07\/28_festa_italiana_live03-300x200.jpg 300w, https:\/\/www.santaritadopassaquatro.sp.gov.br\/portal\/wp-content\/uploads\/2020\/07\/28_festa_italiana_live03-768x512.jpg 768w, https:\/\/www.santaritadopassaquatro.sp.gov.br\/portal\/wp-content\/uploads\/2020\/07\/28_festa_italiana_live03-1024x682.jpg 1024w, https:\/\/www.santaritadopassaquatro.sp.gov.br\/portal\/wp-content\/uploads\/2020\/07\/28_festa_italiana_live03.jpg 1682w\" sizes=\"(max-width: 300px) 100vw, 300px\" \/><figcaption id=\"caption-attachment-4016\" class=\"wp-caption-text\"><span style=\"font-size: 8pt; color: #999999;\"><strong>Momento da homenagem a Barbuinho, um dos idealizadores da festa e aniversariante do dia (Sidney Jr\/Divulga\u00e7\u00e3o)<\/strong><\/span><\/figcaption><\/figure>\n<p>O evento foi realizado sem a presen\u00e7a de p\u00fablico, no p\u00e1tio do Centro Cultural Jos\u00e9 Spadon (antiga delegacia). A banda iniciou sua apresenta\u00e7\u00e3o com as primeiras m\u00fasicas do seu repert\u00f3rio.<\/p>\n<figure id=\"attachment_4017\" aria-describedby=\"caption-attachment-4017\" style=\"width: 300px\" class=\"wp-caption alignleft\"><img decoding=\"async\" class=\"wp-image-4017 size-medium\" src=\"http:\/\/www.santaritadopassaquatro.sp.gov.br\/portal\/wp-content\/uploads\/2020\/07\/28_festa_italiana_live04-300x200.jpg\" alt=\"\" width=\"300\" height=\"200\" srcset=\"https:\/\/www.santaritadopassaquatro.sp.gov.br\/portal\/wp-content\/uploads\/2020\/07\/28_festa_italiana_live04-300x200.jpg 300w, https:\/\/www.santaritadopassaquatro.sp.gov.br\/portal\/wp-content\/uploads\/2020\/07\/28_festa_italiana_live04-768x512.jpg 768w, https:\/\/www.santaritadopassaquatro.sp.gov.br\/portal\/wp-content\/uploads\/2020\/07\/28_festa_italiana_live04-1024x683.jpg 1024w, https:\/\/www.santaritadopassaquatro.sp.gov.br\/portal\/wp-content\/uploads\/2020\/07\/28_festa_italiana_live04.jpg 1665w\" sizes=\"(max-width: 300px) 100vw, 300px\" \/><figcaption id=\"caption-attachment-4017\" class=\"wp-caption-text\"><span style=\"font-size: 8pt; color: #999999;\"><em><strong>A banda Via Roma durante\u00a0 a live do 28\u00ba Festival de Tradi\u00e7\u00f5es Italianas, \u00a0no \u00faltimo dia 9 de julho \u00a0(Sidney Jr\/Divulga\u00e7\u00e3o)<\/strong><\/em><\/span><\/figcaption><\/figure>\n<p>Em seguida, o prefeito Leandro Luciano dos Santos, a vice-prefeita Maria Rita Mondin de <img decoding=\"async\" class=\"alignnone size-medium wp-image-4018 alignright\" src=\"http:\/\/www.santaritadopassaquatro.sp.gov.br\/portal\/wp-content\/uploads\/2020\/07\/28_festa_italiana_live05-300x200.jpg\" alt=\"\" width=\"300\" height=\"200\" srcset=\"https:\/\/www.santaritadopassaquatro.sp.gov.br\/portal\/wp-content\/uploads\/2020\/07\/28_festa_italiana_live05-300x200.jpg 300w, https:\/\/www.santaritadopassaquatro.sp.gov.br\/portal\/wp-content\/uploads\/2020\/07\/28_festa_italiana_live05-768x512.jpg 768w, https:\/\/www.santaritadopassaquatro.sp.gov.br\/portal\/wp-content\/uploads\/2020\/07\/28_festa_italiana_live05-1024x683.jpg 1024w, https:\/\/www.santaritadopassaquatro.sp.gov.br\/portal\/wp-content\/uploads\/2020\/07\/28_festa_italiana_live05.jpg 1698w\" sizes=\"(max-width: 300px) 100vw, 300px\" \/>Oliveira, o diretor de Turismo e Cultura, Antonio Arnaldo Reatto dos Santos, realizaram uma bela homenagem Jos\u00e9 Roberto Barbuio, conhecido como Barbuinho, falecido recentemente, a um de seus idealizares do Festival Italiano, que foi criado durante sua gest\u00e3o como prefeito, em 1993. Receberam a homenagem a irm\u00e3 Margarida Barbuio Morandi e a filha do homenageado Carla Barbuio, no momento de grande emo\u00e7\u00e3o.\u00a0 O evento tamb\u00e9m ocorreu no dia do anivers\u00e1rio do homenageado.<\/p>\n<p><img decoding=\"async\" class=\"alignnone size-medium wp-image-4019 alignleft\" src=\"http:\/\/www.santaritadopassaquatro.sp.gov.br\/portal\/wp-content\/uploads\/2020\/07\/28_festa_italiana_live06-300x200.jpg\" alt=\"\" width=\"300\" height=\"200\" srcset=\"https:\/\/www.santaritadopassaquatro.sp.gov.br\/portal\/wp-content\/uploads\/2020\/07\/28_festa_italiana_live06-300x200.jpg 300w, https:\/\/www.santaritadopassaquatro.sp.gov.br\/portal\/wp-content\/uploads\/2020\/07\/28_festa_italiana_live06-768x512.jpg 768w, https:\/\/www.santaritadopassaquatro.sp.gov.br\/portal\/wp-content\/uploads\/2020\/07\/28_festa_italiana_live06-1024x683.jpg 1024w, https:\/\/www.santaritadopassaquatro.sp.gov.br\/portal\/wp-content\/uploads\/2020\/07\/28_festa_italiana_live06.jpg 1486w\" sizes=\"(max-width: 300px) 100vw, 300px\" \/>Alternando com a apresenta\u00e7\u00e3o da banda, as entidades Projeto Maria, Lar Dom Luiz Caburlotto, Lar S\u00e3o Vicente de Paulo (Asilo), Associa\u00e7\u00e3o Jequitib\u00e1 (CAIS-SR) e Par\u00f3quia S\u00e3o Jos\u00e9 Oper\u00e1rio apresentaram um breve hist\u00f3rico dos seus trabalhos realizados no munic\u00edpio e os pratos que posteriormente ser\u00e3o servidos ao p\u00fablico.<\/p>\n<figure id=\"attachment_4020\" aria-describedby=\"caption-attachment-4020\" style=\"width: 300px\" class=\"wp-caption alignright\"><img decoding=\"async\" class=\"wp-image-4020 size-medium\" src=\"http:\/\/www.santaritadopassaquatro.sp.gov.br\/portal\/wp-content\/uploads\/2020\/07\/28_festa_italiana_live07-300x200.jpg\" alt=\"\" width=\"300\" height=\"200\" srcset=\"https:\/\/www.santaritadopassaquatro.sp.gov.br\/portal\/wp-content\/uploads\/2020\/07\/28_festa_italiana_live07-300x200.jpg 300w, https:\/\/www.santaritadopassaquatro.sp.gov.br\/portal\/wp-content\/uploads\/2020\/07\/28_festa_italiana_live07-768x512.jpg 768w, https:\/\/www.santaritadopassaquatro.sp.gov.br\/portal\/wp-content\/uploads\/2020\/07\/28_festa_italiana_live07-1024x683.jpg 1024w, https:\/\/www.santaritadopassaquatro.sp.gov.br\/portal\/wp-content\/uploads\/2020\/07\/28_festa_italiana_live07.jpg 1678w\" sizes=\"(max-width: 300px) 100vw, 300px\" \/><figcaption id=\"caption-attachment-4020\" class=\"wp-caption-text\"><span style=\"font-size: 8pt; color: #999999;\"><em><strong>A estrutura montada no Centro Cultural Jos\u00e9 Spadon para garantir a realiza\u00e7\u00e3o do evento mais tradicional do munic\u00edpio (Sidney Jr\/Divulga\u00e7\u00e3o)<\/strong><\/em><\/span><\/figcaption><\/figure>\n<p>Os pratos ser\u00e3o servidos no pr\u00f3ximo dia 8 de agosto, s\u00e1bado, nos sistemas <em>take-out, drive thru ou delivery<\/em>. Volunt\u00e1rios das entidades est\u00e3o oferecendo os partos e, no ato da compra, informando a forma de retida de cada Institui\u00e7\u00e3o.<\/p>\n<p>O Festival de Tradi\u00e7\u00f5es Italianas \u00e9 uma festa caracter\u00edstica do munic\u00edpio santa-ritense, pois homenageia os imigrantes europeus que aqui chegaram no s\u00e9culo passado e, com seu trabalho, colaboraram com o desenvolvimento e a cultura local.<\/p>\n<p><strong>\u00a0<\/strong><\/p>\n<p>&nbsp;<\/p>\n<p>&nbsp;<\/p>\n<p>&nbsp;<\/p>\n","protected":false},"excerpt":{"rendered":"<p>Com homenagem a Barbuinho, live adequou o formato da festa, com restri\u00e7\u00f5es de aglomera\u00e7\u00e3o de pessoas &nbsp; Manter a tradi\u00e7\u00e3o<\/p>\n","protected":false},"author":1,"featured_media":4015,"comment_status":"closed","ping_status":"open","sticky":false,"template":"","format":"standard","meta":{"footnotes":""},"categories":[46,52,60],"tags":[],"class_list":["post-4013","post","type-post","status-publish","format-standard","has-post-thumbnail","hentry","category-cultura","category-latest","category-turismo"],"_links":{"self":[{"href":"https:\/\/www.santaritadopassaquatro.sp.gov.br\/portal\/wp-json\/wp\/v2\/posts\/4013","targetHints":{"allow":["GET"]}}],"collection":[{"href":"https:\/\/www.santaritadopassaquatro.sp.gov.br\/portal\/wp-json\/wp\/v2\/posts"}],"about":[{"href":"https:\/\/www.santaritadopassaquatro.sp.gov.br\/portal\/wp-json\/wp\/v2\/types\/post"}],"author":[{"embeddable":true,"href":"https:\/\/www.santaritadopassaquatro.sp.gov.br\/portal\/wp-json\/wp\/v2\/users\/1"}],"replies":[{"embeddable":true,"href":"https:\/\/www.santaritadopassaquatro.sp.gov.br\/portal\/wp-json\/wp\/v2\/comments?post=4013"}],"version-history":[{"count":0,"href":"https:\/\/www.santaritadopassaquatro.sp.gov.br\/portal\/wp-json\/wp\/v2\/posts\/4013\/revisions"}],"wp:featuredmedia":[{"embeddable":true,"href":"https:\/\/www.santaritadopassaquatro.sp.gov.br\/portal\/wp-json\/wp\/v2\/media\/4015"}],"wp:attachment":[{"href":"https:\/\/www.santaritadopassaquatro.sp.gov.br\/portal\/wp-json\/wp\/v2\/media?parent=4013"}],"wp:term":[{"taxonomy":"category","embeddable":true,"href":"https:\/\/www.santaritadopassaquatro.sp.gov.br\/portal\/wp-json\/wp\/v2\/categories?post=4013"},{"taxonomy":"post_tag","embeddable":true,"href":"https:\/\/www.santaritadopassaquatro.sp.gov.br\/portal\/wp-json\/wp\/v2\/tags?post=4013"}],"curies":[{"name":"wp","href":"https:\/\/api.w.org\/{rel}","templated":true}]}}