{"id":4022,"date":"2020-07-17T15:34:22","date_gmt":"2020-07-17T18:34:22","guid":{"rendered":"http:\/\/www.santaritadopassaquatro.sp.gov.br\/portal\/?p=4022"},"modified":"2020-07-17T15:34:22","modified_gmt":"2020-07-17T18:34:22","slug":"covid-19-novo-decreto-estabelece-novas-regras-em-combate-a-pandemia-em-santa-rita","status":"publish","type":"post","link":"https:\/\/www.santaritadopassaquatro.sp.gov.br\/portal\/covid-19-novo-decreto-estabelece-novas-regras-em-combate-a-pandemia-em-santa-rita\/","title":{"rendered":"COVID-19\u00a0Novo Decreto estabelece novas regras em combate a pandemia em Santa Rita"},"content":{"rendered":"<p><strong><em>Documento publicado na \u00faltima quarta-feira (15\/7) no Di\u00e1rio Oficial Eletr\u00f4nico do Munic\u00edpio foi elaborado ap\u00f3s reuni\u00e3o com Minist\u00e9rio P\u00fablico e setor de Sa\u00fade<\/em><\/strong><\/p>\n<p><strong><em>\u00a0<\/em><\/strong><\/p>\n<figure id=\"attachment_4023\" aria-describedby=\"caption-attachment-4023\" style=\"width: 300px\" class=\"wp-caption alignleft\"><img decoding=\"async\" class=\"wp-image-4023 size-medium\" src=\"http:\/\/www.santaritadopassaquatro.sp.gov.br\/portal\/wp-content\/uploads\/2020\/07\/Reunia_Decreto-300x200.jpg\" alt=\"\" width=\"300\" height=\"200\" srcset=\"https:\/\/www.santaritadopassaquatro.sp.gov.br\/portal\/wp-content\/uploads\/2020\/07\/Reunia_Decreto-300x200.jpg 300w, https:\/\/www.santaritadopassaquatro.sp.gov.br\/portal\/wp-content\/uploads\/2020\/07\/Reunia_Decreto-768x512.jpg 768w, https:\/\/www.santaritadopassaquatro.sp.gov.br\/portal\/wp-content\/uploads\/2020\/07\/Reunia_Decreto-1024x683.jpg 1024w\" sizes=\"(max-width: 300px) 100vw, 300px\" \/><figcaption id=\"caption-attachment-4023\" class=\"wp-caption-text\"><span style=\"color: #999999; font-size: 8pt;\"><em><strong>Prefeito com Minist\u00e9rio P\u00fablico, Policia Militar e Santa Casa em reuni\u00e3o, para elaborar o novo decreto (AssCom\/Divulga\u00e7\u00e3o) <\/strong><\/em><\/span><\/figcaption><\/figure>\n<p>O prefeito de Santa Rita do Passa Quatro Leandro Luciano dos Santos editou novo decreto na \u00faltima quarta-feira (15\/7) determinando medidas restritivas de funcionamento de estabelecimentos comerciais no munic\u00edpio. As medidas visam conter o avan\u00e7o do novo coronav\u00edrus, causador da doen\u00e7a Covid-19. At\u00e9 a data o munic\u00edpio tinha 75 casos confirmados da doen\u00e7a, de acordo com a Vigil\u00e2ncia Epidemiol\u00f3gica Municipal. Deste total, 72 j\u00e1 se recuperaram e dois \u00f3bitos foram registrados.<\/p>\n<p>O Decreto Municipal n\u00ba 2.948, disp\u00f5e sobre as medidas de quarentena, estabelecendo obriga\u00e7\u00f5es e diretrizes sanit\u00e1rias voltadas ao combate e preven\u00e7\u00e3o \u00e0 Covid-19, foi elaborado com informa\u00e7\u00f5es t\u00e9cnicas do Departamento Municipal de Sa\u00fade, Santa Casa e Comit\u00ea de Enfrentamento ao Coronav\u00edrus, baseadas na situa\u00e7\u00e3o atual do munic\u00edpio, ap\u00f3s reuni\u00e3o com Minist\u00e9rio P\u00fablico e Pol\u00edcia Militar.<\/p>\n<p>Este \u00e9 o quinto decreto editado, desde o in\u00edcio da pandemia. O primeiro foi publicado no dia 21 de mar\u00e7o, ap\u00f3s reuni\u00e3o realizada com a Associa\u00e7\u00e3o Comercial de Empresarial (ACE), comerciantes de diversos setores, m\u00e9dicos, Santa Casa e Pol\u00edcia Militar.<\/p>\n<p>O decreto autoriza o funcionamento de estabelecimentos considerados essenciais e restringe as demais atividades. De acordo com a determina\u00e7\u00e3o, bares, pizzarias, choperias, lanchonetes, inclusive carrinhos de lanche, e sorveterias s\u00f3 podem atender dar por <em>delivery<\/em> (entrega na resid\u00eancia), <em>drive thru<\/em> (atendimento e retirada dentro do pr\u00f3prio ve\u00edculo) e <em>take away<\/em> (retirada pessoal pelo cliente do lado de fora do estabelecimento), ficando terminantemente proibido consumo no local, inclusive mediante a instala\u00e7\u00e3o de mesas na rua ou no passeio p\u00fablico.<\/p>\n<p>Restaurantes poder\u00e3o funcionar das 10h \u00e0s 14h30, limitado a 20% da capacidade, apenas com servi\u00e7o <em>\u00e0 la carte<\/em> ou, se por peso, mediante uso de barreira e desde que o manuseio dos alimentos se d\u00ea exclusivamente por funcion\u00e1rio do estabelecimento portando todos os EPIs necess\u00e1rios como luva, touca e m\u00e1scara facial.<\/p>\n<p>Academias de gin\u00e1stica e demais locais de pr\u00e1ticas desportivas s\u00f3 podem funcionar com limite m\u00e1ximo de 20% de sua capacidade, respeitando todas as normas de higiene e obedecendo o distanciamento m\u00ednimo de 1,5 metro entre pessoas. Tamb\u00e9m n\u00e3o poder\u00e3o funcionar, nesses locais, atividades paralelas como bares ou lanchonetes.<\/p>\n<p>O decreto tamb\u00e9m pro\u00edbe a realiza\u00e7\u00e3o de cerim\u00f4nias religiosas presenciais de quaisquer cren\u00e7as e aglomera\u00e7\u00e3o de pessoas em vias e espa\u00e7os p\u00fablicos.<\/p>\n<p>Tamb\u00e9m est\u00e1 mantida a obrigatoriedade do uso de m\u00e1scaras para pedestres em vias p\u00fablicas e no interior dos estabelecimentos comerciais, sob pena de multa correspondente a 19 Ufesp\u2019s (R$ 524,59), de acordo com Decreto Estadual n\u00ba 64.959\/2020 e na Resolu\u00e7\u00e3o SS \u2013 96, de 29-6-2020.<\/p>\n<p>Os estabelecimentos comerciais que permitirem acesso sem m\u00e1scara, tamb\u00e9m est\u00e3o sujeito a multa de 182 Ufesp\u2019s (R$ 5.025,02), e devem afixar aviso sobre sua obrigatoriedade devendo ainda advertir eventuais infratores sobre a proibi\u00e7\u00e3o.<\/p>\n<p>O decreto pode ser conferido na \u00edntegra na edi\u00e7\u00e3o 294 do <a href=\"https:\/\/imprensaoficialmunicipal.com.br\/santa_rita_do_passa_quatro.\">Di\u00e1rio Oficial Eletr\u00f4nico<\/a>. <a href=\"https:\/\/dosp.com.br\/exibe_do.php?i=MTE4MjU5\">CLIQUE AQUI <\/a>para baixar o Decreto.<\/p>\n<p><strong>\u00a0<\/strong><\/p>\n<p><img decoding=\"async\" class=\"alignnone  wp-image-4024\" src=\"http:\/\/www.santaritadopassaquatro.sp.gov.br\/portal\/wp-content\/uploads\/2020\/07\/Decreto_2948_simplificado_impressao_laser-212x300.jpg\" alt=\"\" width=\"403\" height=\"570\" srcset=\"https:\/\/www.santaritadopassaquatro.sp.gov.br\/portal\/wp-content\/uploads\/2020\/07\/Decreto_2948_simplificado_impressao_laser-212x300.jpg 212w, https:\/\/www.santaritadopassaquatro.sp.gov.br\/portal\/wp-content\/uploads\/2020\/07\/Decreto_2948_simplificado_impressao_laser-768x1085.jpg 768w, https:\/\/www.santaritadopassaquatro.sp.gov.br\/portal\/wp-content\/uploads\/2020\/07\/Decreto_2948_simplificado_impressao_laser-725x1024.jpg 725w\" sizes=\"(max-width: 403px) 100vw, 403px\" \/><\/p>\n<p>&nbsp;<\/p>\n<p>&nbsp;<\/p>\n","protected":false},"excerpt":{"rendered":"<p>Documento publicado na \u00faltima quarta-feira (15\/7) no Di\u00e1rio Oficial Eletr\u00f4nico do Munic\u00edpio foi elaborado ap\u00f3s reuni\u00e3o com Minist\u00e9rio P\u00fablico e<\/p>\n","protected":false},"author":1,"featured_media":4023,"comment_status":"closed","ping_status":"open","sticky":false,"template":"","format":"standard","meta":{"footnotes":""},"categories":[40,52,58],"tags":[],"class_list":["post-4022","post","type-post","status-publish","format-standard","has-post-thumbnail","hentry","category-covid-19","category-latest","category-health"],"_links":{"self":[{"href":"https:\/\/www.santaritadopassaquatro.sp.gov.br\/portal\/wp-json\/wp\/v2\/posts\/4022","targetHints":{"allow":["GET"]}}],"collection":[{"href":"https:\/\/www.santaritadopassaquatro.sp.gov.br\/portal\/wp-json\/wp\/v2\/posts"}],"about":[{"href":"https:\/\/www.santaritadopassaquatro.sp.gov.br\/portal\/wp-json\/wp\/v2\/types\/post"}],"author":[{"embeddable":true,"href":"https:\/\/www.santaritadopassaquatro.sp.gov.br\/portal\/wp-json\/wp\/v2\/users\/1"}],"replies":[{"embeddable":true,"href":"https:\/\/www.santaritadopassaquatro.sp.gov.br\/portal\/wp-json\/wp\/v2\/comments?post=4022"}],"version-history":[{"count":1,"href":"https:\/\/www.santaritadopassaquatro.sp.gov.br\/portal\/wp-json\/wp\/v2\/posts\/4022\/revisions"}],"predecessor-version":[{"id":4025,"href":"https:\/\/www.santaritadopassaquatro.sp.gov.br\/portal\/wp-json\/wp\/v2\/posts\/4022\/revisions\/4025"}],"wp:featuredmedia":[{"embeddable":true,"href":"https:\/\/www.santaritadopassaquatro.sp.gov.br\/portal\/wp-json\/wp\/v2\/media\/4023"}],"wp:attachment":[{"href":"https:\/\/www.santaritadopassaquatro.sp.gov.br\/portal\/wp-json\/wp\/v2\/media?parent=4022"}],"wp:term":[{"taxonomy":"category","embeddable":true,"href":"https:\/\/www.santaritadopassaquatro.sp.gov.br\/portal\/wp-json\/wp\/v2\/categories?post=4022"},{"taxonomy":"post_tag","embeddable":true,"href":"https:\/\/www.santaritadopassaquatro.sp.gov.br\/portal\/wp-json\/wp\/v2\/tags?post=4022"}],"curies":[{"name":"wp","href":"https:\/\/api.w.org\/{rel}","templated":true}]}}