{"id":4068,"date":"2020-07-31T14:37:58","date_gmt":"2020-07-31T17:37:58","guid":{"rendered":"http:\/\/www.santaritadopassaquatro.sp.gov.br\/portal\/?p=4068"},"modified":"2020-07-31T14:37:58","modified_gmt":"2020-07-31T17:37:58","slug":"estabilizada-dengue-no-municipio-chega-a-490-casos-positivos","status":"publish","type":"post","link":"https:\/\/www.santaritadopassaquatro.sp.gov.br\/portal\/estabilizada-dengue-no-municipio-chega-a-490-casos-positivos\/","title":{"rendered":"Estabilizada, dengue no munic\u00edpio chega a 490 casos positivos"},"content":{"rendered":"<p><strong><em>Ao todo s\u00e3o 601 notifica\u00e7\u00f5es da doen\u00e7a na cidade, crescimento foi menor nos \u00faltimos meses<\/em><\/strong><\/p>\n<p>&nbsp;<\/p>\n<p>O crescimento da dengue em Santa Rita do Passa Quatro se estabiliza em rela\u00e7\u00e3o aos primeiros meses de 2020. Com crescimento de 11 casos no \u00faltimo m\u00eas, a doen\u00e7a segue com 490 casos positivos, em 601 notifica\u00e7\u00f5es, at\u00e9 esta quinta-feira (30\/7). H\u00e1 um m\u00eas o munic\u00edpio registrava 591 notifica\u00e7\u00f5es, com 479 positivos.<\/p>\n<p>Nos primeiros quatro meses do ano, os casos positivos estiveram em ascend\u00eancia constante, partindo de 25 registrados em janeiro, para 137 em abril. Maio registrou 76 casos e junho, mais 29 casos positivos.<\/p>\n<p>O avan\u00e7o s\u00f3 n\u00e3o \u00e9 maior gra\u00e7as ao empenho do Departamento Municipal de Sa\u00fade, especialmente da Equipe de Controle de Vetores.\u00a0 Mas a doen\u00e7a continua sendo uma preocupa\u00e7\u00e3o, especialmente diante da pandemia de Covid-19 (novo coronav\u00edrus).<\/p>\n<p>Apesar da redu\u00e7\u00e3o a equipe de Controle de Vetores continua com trabalho intenso de preven\u00e7\u00e3o e combate ao mosquito <em>Aedes aegypti, <\/em>o principal vetor da doen\u00e7a. A orienta\u00e7\u00e3o \u00e9 de que os moradores deixem os agentes entrarem nas resid\u00eancias para uma atua\u00e7\u00e3o mais eficiente. O trabalho vai desde a orienta\u00e7\u00e3o e preven\u00e7\u00e3o at\u00e9 o combate o combate efetivo, com o chamado bloqueio ativo e nebuliza\u00e7\u00e3o.<\/p>\n<p>Qualquer recipiente que possa acumular \u00e1gua pode ser um poss\u00edvel criadouro do mosquito. \u00c9 importante que alguns cuidados sejam tomados, como: lavar bebedouros de animais; n\u00e3o ter pratinhos em vasos de plantas; eliminar qualquer tipo de local que acumule \u00e1gua. H\u00e1 uma grande preocupa\u00e7\u00e3o com rela\u00e7\u00e3o as calhas tamb\u00e9m, que s\u00e3o locais de dif\u00edcil acesso.<\/p>\n<p>Os sintomas da dengue s\u00e3o febre alta (39\u00b0 a 40\u00b0C), dores de cabe\u00e7a, cansa\u00e7o, dor muscular e nas articula\u00e7\u00f5es, indisposi\u00e7\u00e3o, enjoos, v\u00f4mitos, entre outros. No caso da dengue hemorr\u00e1gica, pode aparecer sangramento de pequenos vasos da pele e outros \u00f3rg\u00e3os e ainda tonturas por causa da queda na press\u00e3o arterial.<\/p>\n<p>Se algum sintoma for identificado, a pessoa deve procurar por uma das Unidades B\u00e1sicas de Sa\u00fade (Postinhos) ou a Santa Casa, que est\u00e1 montando uma sala exclusiva de atendimento, com a triagem de poss\u00edveis casos. A dengue pode levar a morte.<\/p>\n<p><strong>\u00a0<\/strong><\/p>\n","protected":false},"excerpt":{"rendered":"<p>Ao todo s\u00e3o 601 notifica\u00e7\u00f5es da doen\u00e7a na cidade, crescimento foi menor nos \u00faltimos meses &nbsp; O crescimento da dengue<\/p>\n","protected":false},"author":1,"featured_media":3730,"comment_status":"closed","ping_status":"open","sticky":false,"template":"","format":"standard","meta":{"footnotes":""},"categories":[40,52,58],"tags":[],"class_list":["post-4068","post","type-post","status-publish","format-standard","has-post-thumbnail","hentry","category-covid-19","category-latest","category-health"],"_links":{"self":[{"href":"https:\/\/www.santaritadopassaquatro.sp.gov.br\/portal\/wp-json\/wp\/v2\/posts\/4068","targetHints":{"allow":["GET"]}}],"collection":[{"href":"https:\/\/www.santaritadopassaquatro.sp.gov.br\/portal\/wp-json\/wp\/v2\/posts"}],"about":[{"href":"https:\/\/www.santaritadopassaquatro.sp.gov.br\/portal\/wp-json\/wp\/v2\/types\/post"}],"author":[{"embeddable":true,"href":"https:\/\/www.santaritadopassaquatro.sp.gov.br\/portal\/wp-json\/wp\/v2\/users\/1"}],"replies":[{"embeddable":true,"href":"https:\/\/www.santaritadopassaquatro.sp.gov.br\/portal\/wp-json\/wp\/v2\/comments?post=4068"}],"version-history":[{"count":1,"href":"https:\/\/www.santaritadopassaquatro.sp.gov.br\/portal\/wp-json\/wp\/v2\/posts\/4068\/revisions"}],"predecessor-version":[{"id":4069,"href":"https:\/\/www.santaritadopassaquatro.sp.gov.br\/portal\/wp-json\/wp\/v2\/posts\/4068\/revisions\/4069"}],"wp:featuredmedia":[{"embeddable":true,"href":"https:\/\/www.santaritadopassaquatro.sp.gov.br\/portal\/wp-json\/wp\/v2\/media\/3730"}],"wp:attachment":[{"href":"https:\/\/www.santaritadopassaquatro.sp.gov.br\/portal\/wp-json\/wp\/v2\/media?parent=4068"}],"wp:term":[{"taxonomy":"category","embeddable":true,"href":"https:\/\/www.santaritadopassaquatro.sp.gov.br\/portal\/wp-json\/wp\/v2\/categories?post=4068"},{"taxonomy":"post_tag","embeddable":true,"href":"https:\/\/www.santaritadopassaquatro.sp.gov.br\/portal\/wp-json\/wp\/v2\/tags?post=4068"}],"curies":[{"name":"wp","href":"https:\/\/api.w.org\/{rel}","templated":true}]}}