{"id":4070,"date":"2020-07-31T14:40:04","date_gmt":"2020-07-31T17:40:04","guid":{"rendered":"http:\/\/www.santaritadopassaquatro.sp.gov.br\/portal\/?p=4070"},"modified":"2020-07-31T14:40:04","modified_gmt":"2020-07-31T17:40:04","slug":"em-reuniao-com-secretario-aprecep-discute-futuro-dos-recursos-dadetur","status":"publish","type":"post","link":"https:\/\/www.santaritadopassaquatro.sp.gov.br\/portal\/em-reuniao-com-secretario-aprecep-discute-futuro-dos-recursos-dadetur\/","title":{"rendered":"Em reuni\u00e3o com Secret\u00e1rio, Aprecep discute futuro dos recursos Dadetur"},"content":{"rendered":"<p><strong>\u00a0<\/strong><strong><em>Comandada pelo prefeito de Santa Rita, Leandro Pilha, reuni\u00e3o aconteceu nesta quarta-feira, em S\u00e3o Paulo <\/em><\/strong><\/p>\n<p>&nbsp;<\/p>\n<figure id=\"attachment_4071\" aria-describedby=\"caption-attachment-4071\" style=\"width: 300px\" class=\"wp-caption alignleft\"><img decoding=\"async\" class=\"wp-image-4071 size-medium\" src=\"http:\/\/www.santaritadopassaquatro.sp.gov.br\/portal\/wp-content\/uploads\/2020\/07\/reuniao_aprecesp_secretario01-300x225.jpeg\" alt=\"\" width=\"300\" height=\"225\" srcset=\"https:\/\/www.santaritadopassaquatro.sp.gov.br\/portal\/wp-content\/uploads\/2020\/07\/reuniao_aprecesp_secretario01-300x225.jpeg 300w, https:\/\/www.santaritadopassaquatro.sp.gov.br\/portal\/wp-content\/uploads\/2020\/07\/reuniao_aprecesp_secretario01-768x576.jpeg 768w, https:\/\/www.santaritadopassaquatro.sp.gov.br\/portal\/wp-content\/uploads\/2020\/07\/reuniao_aprecesp_secretario01-1024x768.jpeg 1024w, https:\/\/www.santaritadopassaquatro.sp.gov.br\/portal\/wp-content\/uploads\/2020\/07\/reuniao_aprecesp_secretario01.jpeg 1280w\" sizes=\"(max-width: 300px) 100vw, 300px\" \/><figcaption id=\"caption-attachment-4071\" class=\"wp-caption-text\"><span style=\"font-size: 8pt; color: #999999;\"><em><strong>Presentes na reuni\u00e3o presidida pelo prefeito de Santa Rita, com a diretoria da Aprecesp e o secret\u00e1rio de Turismo de SP (Divulga\u00e7\u00e3o)<\/strong><\/em><\/span><\/figcaption><\/figure>\n<p>Um dia ap\u00f3s a inaugura\u00e7\u00e3o da revitaliza\u00e7\u00e3o do Morro do Cristo, em Santa Rita do Passa Quatro, oi prefeito Leandro Luciano dos Santos esteve mais uma vez com o secret\u00e1rio de Estado do Turismo, Vinicius Lummertz, a \u00faltima quarta-feira (29\/7), em S\u00e3o Paulo.<\/p>\n<p>Como presidente da Aprecesp (Associa\u00e7\u00e3o das Prefeituras das Cidades Est\u00e2ncia do Estado de S\u00e3o Paulo), o prefeito santa-ritense comandou a reuni\u00e3o da entidade que representa as 70 est\u00e2ncias tur\u00edsticas paulistas, com o secret\u00e1rio para debater assuntos referentes ao futuro do turismo no Estado.<\/p>\n<p>A reuni\u00e3o contou tamb\u00e9m com a presen\u00e7a dos prefeitos Fernando Fiori de Godoy (Holambra), Marco Aur\u00e9lio (Itanha\u00e9m), Marco Antonio de Oliveira (Morumgaba), e Clodomiro Correia de Toledo J\u00fanior (Santo Ant\u00f4nio do Pinhal), todos membros da diretoria da Aprecesp.<\/p>\n<p>A reuni\u00e3o tratou principalmente de mudan\u00e7as na aplica\u00e7\u00e3o de recursos do Dadetur (Departamento de Desenvolvimento e Apoio das Est\u00e2ncias Tur\u00edsticas), at\u00e9 ent\u00e3o exclusivas para obras e infraestrutura. Pela nova proposta, esse recurso tamb\u00e9m poder\u00e1 ser utilizado pelas est\u00e2ncias em marketing, para promo\u00e7\u00e3o e divulga\u00e7\u00e3o dos seus atrativos. Tamb\u00e9m foi discutido uma maneira de desburocratizar a libera\u00e7\u00e3o dos recursos, restringindo a necessidade de conv\u00eanios, para que seja realizado na modalidade fundo a fundo para as prefeituras, o que agilizaria a conclus\u00e3o das obras. \u201cAssim, com todo esse trabalho tenho certeza que em breve, com a retomada da economia, nossas est\u00e2ncias estar\u00e3o ainda mais preparadas para o desenvolvimento do turismo, gerando mais empregos e oportunidades para nossa popula\u00e7\u00e3o\u201d, disse o prefeito.<\/p>\n<p>&nbsp;<\/p>\n<p>&nbsp;<\/p>\n","protected":false},"excerpt":{"rendered":"<p>\u00a0Comandada pelo prefeito de Santa Rita, Leandro Pilha, reuni\u00e3o aconteceu nesta quarta-feira, em S\u00e3o Paulo &nbsp; Um dia ap\u00f3s a<\/p>\n","protected":false},"author":1,"featured_media":4072,"comment_status":"closed","ping_status":"open","sticky":false,"template":"","format":"standard","meta":{"footnotes":""},"categories":[48,52,60],"tags":[],"class_list":["post-4070","post","type-post","status-publish","format-standard","has-post-thumbnail","hentry","category-featured","category-latest","category-turismo"],"_links":{"self":[{"href":"https:\/\/www.santaritadopassaquatro.sp.gov.br\/portal\/wp-json\/wp\/v2\/posts\/4070","targetHints":{"allow":["GET"]}}],"collection":[{"href":"https:\/\/www.santaritadopassaquatro.sp.gov.br\/portal\/wp-json\/wp\/v2\/posts"}],"about":[{"href":"https:\/\/www.santaritadopassaquatro.sp.gov.br\/portal\/wp-json\/wp\/v2\/types\/post"}],"author":[{"embeddable":true,"href":"https:\/\/www.santaritadopassaquatro.sp.gov.br\/portal\/wp-json\/wp\/v2\/users\/1"}],"replies":[{"embeddable":true,"href":"https:\/\/www.santaritadopassaquatro.sp.gov.br\/portal\/wp-json\/wp\/v2\/comments?post=4070"}],"version-history":[{"count":0,"href":"https:\/\/www.santaritadopassaquatro.sp.gov.br\/portal\/wp-json\/wp\/v2\/posts\/4070\/revisions"}],"wp:featuredmedia":[{"embeddable":true,"href":"https:\/\/www.santaritadopassaquatro.sp.gov.br\/portal\/wp-json\/wp\/v2\/media\/4072"}],"wp:attachment":[{"href":"https:\/\/www.santaritadopassaquatro.sp.gov.br\/portal\/wp-json\/wp\/v2\/media?parent=4070"}],"wp:term":[{"taxonomy":"category","embeddable":true,"href":"https:\/\/www.santaritadopassaquatro.sp.gov.br\/portal\/wp-json\/wp\/v2\/categories?post=4070"},{"taxonomy":"post_tag","embeddable":true,"href":"https:\/\/www.santaritadopassaquatro.sp.gov.br\/portal\/wp-json\/wp\/v2\/tags?post=4070"}],"curies":[{"name":"wp","href":"https:\/\/api.w.org\/{rel}","templated":true}]}}