{"id":4074,"date":"2020-07-31T14:43:42","date_gmt":"2020-07-31T17:43:42","guid":{"rendered":"http:\/\/www.santaritadopassaquatro.sp.gov.br\/portal\/?p=4074"},"modified":"2020-07-31T14:43:42","modified_gmt":"2020-07-31T17:43:42","slug":"com-presenca-do-secretario-de-turismo-de-sp-revitalizacao-do-cristo-foi-inaugurada-nesta-terca-feira","status":"publish","type":"post","link":"https:\/\/www.santaritadopassaquatro.sp.gov.br\/portal\/com-presenca-do-secretario-de-turismo-de-sp-revitalizacao-do-cristo-foi-inaugurada-nesta-terca-feira\/","title":{"rendered":"Com presen\u00e7a do Secret\u00e1rio de Turismo de SP, revitaliza\u00e7\u00e3o do Cristo foi inaugurada nesta ter\u00e7a-feira"},"content":{"rendered":"<p><strong><em>A convite do prefeito Leandro Pilha, Vin\u00edcius Lummertz representou o governador Jo\u00e3o D\u00f3ria em solenidade; l<\/em><\/strong><strong><em>ocal continua fechado para visita\u00e7\u00e3o durante pandemia <\/em><\/strong><\/p>\n<p>&nbsp;<\/p>\n<figure id=\"attachment_4077\" aria-describedby=\"caption-attachment-4077\" style=\"width: 300px\" class=\"wp-caption alignleft\"><img decoding=\"async\" class=\"wp-image-4077 size-medium\" src=\"http:\/\/www.santaritadopassaquatro.sp.gov.br\/portal\/wp-content\/uploads\/2020\/07\/Inauguracao_Cristo_01_placa-300x200.jpg\" alt=\"\" width=\"300\" height=\"200\" srcset=\"https:\/\/www.santaritadopassaquatro.sp.gov.br\/portal\/wp-content\/uploads\/2020\/07\/Inauguracao_Cristo_01_placa-300x200.jpg 300w, https:\/\/www.santaritadopassaquatro.sp.gov.br\/portal\/wp-content\/uploads\/2020\/07\/Inauguracao_Cristo_01_placa-768x512.jpg 768w, https:\/\/www.santaritadopassaquatro.sp.gov.br\/portal\/wp-content\/uploads\/2020\/07\/Inauguracao_Cristo_01_placa-1024x683.jpg 1024w\" sizes=\"(max-width: 300px) 100vw, 300px\" \/><figcaption id=\"caption-attachment-4077\" class=\"wp-caption-text\"><span style=\"font-size: 8pt; color: #999999;\"><em><strong>Momento do descerramento da placa de inaugura\u00e7\u00e3o da revitaliza\u00e7\u00e3o do Complexo Tur\u00edstico Wladmir de Freitas, no Morro Itatiaia (Divulga\u00e7\u00e3o)<\/strong><\/em><\/span><\/figcaption><\/figure>\n<p>Considerada um marco para o desenvolvimento do turismo em Santa Rita do Passa Quatro, a revitaliza\u00e7\u00e3o do Morro Itatiaia (Cristo Redentor) foi inaugurada na \u00faltima ter\u00e7a-feira (28\/7). A solenidade, restrita em fun\u00e7\u00e3o do per\u00edodo de pandemia, contou com a presen\u00e7a do secret\u00e1rio de Turismo do Estado de S\u00e3o Paulo, Vin\u00edcius Lummertz, a convite do prefeito Leandro Luciano dos Santos, representando o governador Jo\u00e3o D\u00f3ria.<\/p>\n<figure id=\"attachment_4078\" aria-describedby=\"caption-attachment-4078\" style=\"width: 300px\" class=\"wp-caption alignright\"><img decoding=\"async\" class=\"wp-image-4078 size-medium\" src=\"http:\/\/www.santaritadopassaquatro.sp.gov.br\/portal\/wp-content\/uploads\/2020\/07\/Inauguracao_Cristo_02_discurso-300x200.jpg\" alt=\"\" width=\"300\" height=\"200\" srcset=\"https:\/\/www.santaritadopassaquatro.sp.gov.br\/portal\/wp-content\/uploads\/2020\/07\/Inauguracao_Cristo_02_discurso-300x200.jpg 300w, https:\/\/www.santaritadopassaquatro.sp.gov.br\/portal\/wp-content\/uploads\/2020\/07\/Inauguracao_Cristo_02_discurso-768x512.jpg 768w, https:\/\/www.santaritadopassaquatro.sp.gov.br\/portal\/wp-content\/uploads\/2020\/07\/Inauguracao_Cristo_02_discurso-1024x683.jpg 1024w\" sizes=\"(max-width: 300px) 100vw, 300px\" \/><figcaption id=\"caption-attachment-4078\" class=\"wp-caption-text\"><span style=\"font-size: 8pt; color: #999999;\"><em><strong>Em seu discurso o prefeito falou da import\u00e2ncia da obra, considerada um marco no desenvolvimento do turismo no munic\u00edpio (Divulga\u00e7\u00e3o)<\/strong><\/em><\/span><\/figcaption><\/figure>\n<p>A solenidade contou ainda com a presen\u00e7a do prefeito de Holambra, Fernando Fiori de Godoy, 2\u00ba Secret\u00e1rio da Aprecesp (Associa\u00e7\u00e3o das Prefeituras das Cidades Est\u00e2ncia do Estado de S\u00e3o Paulo), entidade da qual o prefeito santa-ritense \u00e9 o presidente pelo segundo mandato consecutivo. Tamb\u00e9m estiveram presentes os vereadores Paulo Missiatto, Kleber Boroto, Juliana Lorencetti e Lucas Comin, do casal de empres\u00e1rios vencedores da licita\u00e7\u00e3o para concess\u00e3o do local, Luis Gustavo Bianchi e Roberta Bianchi, al\u00e9m de diretores municipais, assessores da Secretaria de Estado de Turismo e da Aprecesp.<\/p>\n<figure id=\"attachment_4075\" aria-describedby=\"caption-attachment-4075\" style=\"width: 235px\" class=\"wp-caption alignleft\"><img decoding=\"async\" class=\"wp-image-4075 \" src=\"http:\/\/www.santaritadopassaquatro.sp.gov.br\/portal\/wp-content\/uploads\/2020\/07\/Inauguracao_Cristo_03_autoridades-169x300.jpg\" alt=\"\" width=\"235\" height=\"399\" \/><figcaption id=\"caption-attachment-4075\" class=\"wp-caption-text\"><span style=\"font-size: 8pt; color: #999999;\"><em><strong>Os prefeitos de Santa Rita de Holambra, junto ao secret\u00e1rio de Turismo junto \u00e0 est\u00e1tua do Cristo Redentor (Sun7\/Divulga\u00e7\u00e3o)<\/strong><\/em><\/span><\/figcaption><\/figure>\n<p>A cerim\u00f4nia come\u00e7ou com apresenta\u00e7\u00e3o de um v\u00eddeo narrando o in\u00edcio da instala\u00e7\u00e3o da est\u00e1tua do Cristo Redentor no alto do Morro Itatiaia, um sonho idealizado pelo senhor Manoel Linares, o Man\u00e9 Lateiro, h\u00e1 quase 30 anos, que veio a se tornar um dos principais pontos tur\u00edsticos do munic\u00edpio. Em seguida, presidente da C\u00e2mara Municipal e os prefeitos de Holambra e Santa Rita discursaram, sempre falando da import\u00e2ncia do turismo como atividade econ\u00f4mica nas est\u00e2ncias. O secret\u00e1rio de Turismo foi o \u00faltimo a discursar, falando da evolu\u00e7\u00e3o do setor tur\u00edstico em todo mundo e seu crescimento da gera\u00e7\u00e3o de oportunidades para a popula\u00e7\u00e3o. Lummertz tamb\u00e9m ressaltou a import\u00e2ncia da Aprecesp no processo a amizade com o prefeito Leandro Pilha, o que o motivou ainda mais a estar presente na solenidade.<\/p>\n<p>Hoje denominado Complexo Tur\u00edstico Wladmir de Freitas, o Morro do Itatiaia, onde est\u00e1 localizada uma imagem do Cristo Redentor, recebeu um projeto elaborado pelo Departamento de Obras, da Prefeitura Municipal. O local conta com um novo mirante, com acessibilidade, um restaurante panor\u00e2mico, estacionamento, parque infantil, al\u00e9m da reforma da lanchonete j\u00e1 existente. Os recursos para a obra foram do Dadatur (Departamento de Apoio ao Desenvolvimento dos Munic\u00edpios Tur\u00edsticos), exclusivos para obras de infraestrutura tur\u00edstica. Constru\u00edda ap\u00f3s campanha liderado pelo senhor Manoel Linares, a est\u00e1tua do Cristo Redentor foi inaugurada originalmente em 1993. Com 22 metros de altura, localizada a uma altitude 992 metros do n\u00edvel do mar, o Cristo \u00e9 composto por 98 pe\u00e7as de cimento.<\/p>\n<p><strong>\u00a0<\/strong><\/p>\n<p><strong>FECHADO PARA VISITA\u00c7\u00c3O <\/strong><\/p>\n<p>Mesmo ap\u00f3s a inaugura\u00e7\u00e3o, o ponto tur\u00edstico permanecer\u00e1 fechado para visita\u00e7\u00e3o, atendendo a decreto municipal que restringe atividades em locais p\u00fablicos durante a pandemia.<\/p>\n<p>&nbsp;<\/p>\n<p>&nbsp;<\/p>\n<p>&nbsp;<\/p>\n","protected":false},"excerpt":{"rendered":"<p>A convite do prefeito Leandro Pilha, Vin\u00edcius Lummertz representou o governador Jo\u00e3o D\u00f3ria em solenidade; local continua fechado para visita\u00e7\u00e3o<\/p>\n","protected":false},"author":1,"featured_media":4076,"comment_status":"closed","ping_status":"open","sticky":false,"template":"","format":"standard","meta":{"footnotes":""},"categories":[47,52,60],"tags":[],"class_list":["post-4074","post","type-post","status-publish","format-standard","has-post-thumbnail","hentry","category-desenvovimento","category-latest","category-turismo"],"_links":{"self":[{"href":"https:\/\/www.santaritadopassaquatro.sp.gov.br\/portal\/wp-json\/wp\/v2\/posts\/4074","targetHints":{"allow":["GET"]}}],"collection":[{"href":"https:\/\/www.santaritadopassaquatro.sp.gov.br\/portal\/wp-json\/wp\/v2\/posts"}],"about":[{"href":"https:\/\/www.santaritadopassaquatro.sp.gov.br\/portal\/wp-json\/wp\/v2\/types\/post"}],"author":[{"embeddable":true,"href":"https:\/\/www.santaritadopassaquatro.sp.gov.br\/portal\/wp-json\/wp\/v2\/users\/1"}],"replies":[{"embeddable":true,"href":"https:\/\/www.santaritadopassaquatro.sp.gov.br\/portal\/wp-json\/wp\/v2\/comments?post=4074"}],"version-history":[{"count":0,"href":"https:\/\/www.santaritadopassaquatro.sp.gov.br\/portal\/wp-json\/wp\/v2\/posts\/4074\/revisions"}],"wp:featuredmedia":[{"embeddable":true,"href":"https:\/\/www.santaritadopassaquatro.sp.gov.br\/portal\/wp-json\/wp\/v2\/media\/4076"}],"wp:attachment":[{"href":"https:\/\/www.santaritadopassaquatro.sp.gov.br\/portal\/wp-json\/wp\/v2\/media?parent=4074"}],"wp:term":[{"taxonomy":"category","embeddable":true,"href":"https:\/\/www.santaritadopassaquatro.sp.gov.br\/portal\/wp-json\/wp\/v2\/categories?post=4074"},{"taxonomy":"post_tag","embeddable":true,"href":"https:\/\/www.santaritadopassaquatro.sp.gov.br\/portal\/wp-json\/wp\/v2\/tags?post=4074"}],"curies":[{"name":"wp","href":"https:\/\/api.w.org\/{rel}","templated":true}]}}