{"id":4106,"date":"2020-08-13T16:48:18","date_gmt":"2020-08-13T19:48:18","guid":{"rendered":"http:\/\/www.santaritadopassaquatro.sp.gov.br\/portal\/?p=4106"},"modified":"2020-08-13T16:48:18","modified_gmt":"2020-08-13T19:48:18","slug":"espaco-verde-na-biblioteca-municipal","status":"publish","type":"post","link":"https:\/\/www.santaritadopassaquatro.sp.gov.br\/portal\/espaco-verde-na-biblioteca-municipal\/","title":{"rendered":"Espa\u00e7o Verde na Biblioteca Municipal"},"content":{"rendered":"<p><img decoding=\"async\" class=\"alignnone size-medium wp-image-4107 alignleft\" src=\"http:\/\/www.santaritadopassaquatro.sp.gov.br\/portal\/wp-content\/uploads\/2020\/08\/espaco_verde-300x200.jpg\" alt=\"\" width=\"300\" height=\"200\" srcset=\"https:\/\/www.santaritadopassaquatro.sp.gov.br\/portal\/wp-content\/uploads\/2020\/08\/espaco_verde-300x200.jpg 300w, https:\/\/www.santaritadopassaquatro.sp.gov.br\/portal\/wp-content\/uploads\/2020\/08\/espaco_verde.jpg 567w\" sizes=\"(max-width: 300px) 100vw, 300px\" \/>Destinado a educa\u00e7\u00e3o ambiental, o local montado na Biblioteca Municipal Evandro Mesquita (Centro Cultural Mario Covas), cont\u00e9m material did\u00e1tico, incluindo gibis que poder\u00e3o ser levados para casa pelos visitantes, e exposi\u00e7\u00e3o de animais empalhados.<\/p>\n<p>Escolas das redes p\u00fablica e privadas podem agendar visitas monitoradas ao Espa\u00e7o Verde dos seus alunos, para atividades como palestras sobre meio ambiente, especialmente a biodiversidade do munic\u00edpio, al\u00e9m de atividades com foco na import\u00e2ncia da preserva\u00e7\u00e3o da fauna e flora, entre outros.<\/p>\n<p>Devido \u00e0 pandemia de COVID-19 as atividades no Espa\u00e7o Verde est\u00e3o suspensas por tempo indeterminado, seguindo as recomenda\u00e7\u00f5es do Minist\u00e9rio da Sa\u00fade.<\/p>\n","protected":false},"excerpt":{"rendered":"<p>Destinado a educa\u00e7\u00e3o ambiental, o local montado na Biblioteca Municipal Evandro Mesquita (Centro Cultural Mario Covas), cont\u00e9m material did\u00e1tico, incluindo<\/p>\n","protected":false},"author":1,"featured_media":4107,"comment_status":"closed","ping_status":"open","sticky":false,"template":"","format":"standard","meta":{"footnotes":""},"categories":[53],"tags":[],"class_list":["post-4106","post","type-post","status-publish","format-standard","has-post-thumbnail","hentry","category-meio-ambiente"],"_links":{"self":[{"href":"https:\/\/www.santaritadopassaquatro.sp.gov.br\/portal\/wp-json\/wp\/v2\/posts\/4106","targetHints":{"allow":["GET"]}}],"collection":[{"href":"https:\/\/www.santaritadopassaquatro.sp.gov.br\/portal\/wp-json\/wp\/v2\/posts"}],"about":[{"href":"https:\/\/www.santaritadopassaquatro.sp.gov.br\/portal\/wp-json\/wp\/v2\/types\/post"}],"author":[{"embeddable":true,"href":"https:\/\/www.santaritadopassaquatro.sp.gov.br\/portal\/wp-json\/wp\/v2\/users\/1"}],"replies":[{"embeddable":true,"href":"https:\/\/www.santaritadopassaquatro.sp.gov.br\/portal\/wp-json\/wp\/v2\/comments?post=4106"}],"version-history":[{"count":0,"href":"https:\/\/www.santaritadopassaquatro.sp.gov.br\/portal\/wp-json\/wp\/v2\/posts\/4106\/revisions"}],"wp:featuredmedia":[{"embeddable":true,"href":"https:\/\/www.santaritadopassaquatro.sp.gov.br\/portal\/wp-json\/wp\/v2\/media\/4107"}],"wp:attachment":[{"href":"https:\/\/www.santaritadopassaquatro.sp.gov.br\/portal\/wp-json\/wp\/v2\/media?parent=4106"}],"wp:term":[{"taxonomy":"category","embeddable":true,"href":"https:\/\/www.santaritadopassaquatro.sp.gov.br\/portal\/wp-json\/wp\/v2\/categories?post=4106"},{"taxonomy":"post_tag","embeddable":true,"href":"https:\/\/www.santaritadopassaquatro.sp.gov.br\/portal\/wp-json\/wp\/v2\/tags?post=4106"}],"curies":[{"name":"wp","href":"https:\/\/api.w.org\/{rel}","templated":true}]}}