{"id":4112,"date":"2020-08-13T16:51:47","date_gmt":"2020-08-13T19:51:47","guid":{"rendered":"http:\/\/www.santaritadopassaquatro.sp.gov.br\/portal\/?p=4112"},"modified":"2020-08-13T16:51:47","modified_gmt":"2020-08-13T19:51:47","slug":"acoes-previstas-no-municipio-verde-azul-realizado-pelo-departamento-de-agricultura-e-meio-ambiente-suspensas","status":"publish","type":"post","link":"https:\/\/www.santaritadopassaquatro.sp.gov.br\/portal\/acoes-previstas-no-municipio-verde-azul-realizado-pelo-departamento-de-agricultura-e-meio-ambiente-suspensas\/","title":{"rendered":"A\u00e7\u00f5es previstas no Munic\u00edpio Verde Azul realizado pelo Departamento de Agricultura e Meio Ambiente suspensas"},"content":{"rendered":"<p style=\"margin: 0cm; margin-bottom: .0001pt; background: white; vertical-align: baseline;\"><span style=\"font-size: 12.0pt; font-family: 'Arial',sans-serif; color: #333333; font-weight: normal;\">O Departamento de Agricultura e Meio Ambiente vem atrav\u00e9s desse comunicado informar \u00e0 popula\u00e7\u00e3o que algumas a\u00e7\u00f5es previstas para ocorrer no ciclo 2020 do Programa Munic\u00edpio Verde Azul, estar\u00e3o suspensas, devido orienta\u00e7\u00e3o do Minist\u00e9rio de Sa\u00fade.<\/span><\/p>\n<p style=\"margin: 0cm; margin-bottom: .0001pt; background: white; vertical-align: baseline;\"><span style=\"font-size: 12.0pt; font-family: 'Arial',sans-serif; color: #333333; font-weight: normal;\">Por serem a\u00e7\u00f5es que contam com a participa\u00e7\u00e3o da popula\u00e7\u00e3o, pedimos aos mun\u00edcipes que continuem contribuindo com a preserva\u00e7\u00e3o do nosso meio ambiente de sua casa, coletando o \u00f3leo, separando o lixo, economizando \u00e1gua, n\u00e3o descartando materiais em terrenos, n\u00e3o provocando queimadas, entre outros.<\/span><\/p>\n<p style=\"margin: 0cm; margin-bottom: .0001pt; background: white; vertical-align: baseline;\"><span style=\"font-size: 12.0pt; font-family: 'Arial',sans-serif; color: #333333; font-weight: normal;\">O Departamento lastima a suspens\u00e3o de algumas atividades que s\u00e3o de extrema import\u00e2ncia para nosso munic\u00edpio, mas nesse momento a sa\u00fade dos funcion\u00e1rios e mun\u00edcipes \u00e9 de suma import\u00e2ncia.<\/span><\/p>\n<p style=\"margin: 0cm; margin-bottom: .0001pt; background: white; vertical-align: baseline;\"><span style=\"font-size: 12.0pt; font-family: 'Arial',sans-serif; color: #333333; font-weight: normal;\">Desde j\u00e1 agradecemos a contribui\u00e7\u00e3o de todos! Fique em casa!<\/span><\/p>\n","protected":false},"excerpt":{"rendered":"<p>O Departamento de Agricultura e Meio Ambiente vem atrav\u00e9s desse comunicado informar \u00e0 popula\u00e7\u00e3o que algumas a\u00e7\u00f5es previstas para ocorrer<\/p>\n","protected":false},"author":1,"featured_media":0,"comment_status":"closed","ping_status":"open","sticky":false,"template":"","format":"standard","meta":{"footnotes":""},"categories":[53],"tags":[],"class_list":["post-4112","post","type-post","status-publish","format-standard","hentry","category-meio-ambiente"],"_links":{"self":[{"href":"https:\/\/www.santaritadopassaquatro.sp.gov.br\/portal\/wp-json\/wp\/v2\/posts\/4112","targetHints":{"allow":["GET"]}}],"collection":[{"href":"https:\/\/www.santaritadopassaquatro.sp.gov.br\/portal\/wp-json\/wp\/v2\/posts"}],"about":[{"href":"https:\/\/www.santaritadopassaquatro.sp.gov.br\/portal\/wp-json\/wp\/v2\/types\/post"}],"author":[{"embeddable":true,"href":"https:\/\/www.santaritadopassaquatro.sp.gov.br\/portal\/wp-json\/wp\/v2\/users\/1"}],"replies":[{"embeddable":true,"href":"https:\/\/www.santaritadopassaquatro.sp.gov.br\/portal\/wp-json\/wp\/v2\/comments?post=4112"}],"version-history":[{"count":0,"href":"https:\/\/www.santaritadopassaquatro.sp.gov.br\/portal\/wp-json\/wp\/v2\/posts\/4112\/revisions"}],"wp:attachment":[{"href":"https:\/\/www.santaritadopassaquatro.sp.gov.br\/portal\/wp-json\/wp\/v2\/media?parent=4112"}],"wp:term":[{"taxonomy":"category","embeddable":true,"href":"https:\/\/www.santaritadopassaquatro.sp.gov.br\/portal\/wp-json\/wp\/v2\/categories?post=4112"},{"taxonomy":"post_tag","embeddable":true,"href":"https:\/\/www.santaritadopassaquatro.sp.gov.br\/portal\/wp-json\/wp\/v2\/tags?post=4112"}],"curies":[{"name":"wp","href":"https:\/\/api.w.org\/{rel}","templated":true}]}}