{"id":4151,"date":"2020-08-21T16:29:42","date_gmt":"2020-08-21T19:29:42","guid":{"rendered":"http:\/\/www.santaritadopassaquatro.sp.gov.br\/portal\/?p=4151"},"modified":"2020-08-21T16:29:42","modified_gmt":"2020-08-21T19:29:42","slug":"covid-19-novo-decreto-autoriza-reabertura-de-restaurantes-ate-as-22-horas","status":"publish","type":"post","link":"https:\/\/www.santaritadopassaquatro.sp.gov.br\/portal\/covid-19-novo-decreto-autoriza-reabertura-de-restaurantes-ate-as-22-horas\/","title":{"rendered":"COVID-19\u00a0Novo Decreto autoriza reabertura de restaurantes at\u00e9 as 22 horas"},"content":{"rendered":"<p><strong><em>Documento foi publicado no Di\u00e1rio Oficial Eletr\u00f4nico do Munic\u00edpio nesta sexta-feira e segue as orienta\u00e7\u00f5es do Plano S\u00e3o Paulo <a href=\"https:\/\/dosp.com.br\/exibe_do.php?i=MTI0MTYw\">(Clique aqui e baixe o Decreto na \u00edntegra)<\/a><\/em><\/strong><\/p>\n<p><strong><em>\u00a0<\/em><\/strong><\/p>\n<figure id=\"attachment_4153\" aria-describedby=\"caption-attachment-4153\" style=\"width: 261px\" class=\"wp-caption alignleft\"><img decoding=\"async\" class=\" wp-image-4153\" src=\"http:\/\/www.santaritadopassaquatro.sp.gov.br\/portal\/wp-content\/uploads\/2020\/08\/Decreto_2961_felxibilizacao_01-206x300.jpg\" alt=\"\" width=\"261\" height=\"380\" srcset=\"https:\/\/www.santaritadopassaquatro.sp.gov.br\/portal\/wp-content\/uploads\/2020\/08\/Decreto_2961_felxibilizacao_01-206x300.jpg 206w, https:\/\/www.santaritadopassaquatro.sp.gov.br\/portal\/wp-content\/uploads\/2020\/08\/Decreto_2961_felxibilizacao_01-768x1116.jpg 768w, https:\/\/www.santaritadopassaquatro.sp.gov.br\/portal\/wp-content\/uploads\/2020\/08\/Decreto_2961_felxibilizacao_01-705x1024.jpg 705w\" sizes=\"(max-width: 261px) 100vw, 261px\" \/><figcaption id=\"caption-attachment-4153\" class=\"wp-caption-text\">Di\u00e1rio Oficial do Munic\u00edpio<\/figcaption><\/figure>\n<p>O prefeito de Santa Rita do Passa Quatro, Leandro Luciano dos Santos, editou mais um decreto, nesta sexta-feira (21\/8), que disp\u00f5e sobre as regras de retomada consciente das atividades econ\u00f4micas espec\u00edficas do munic\u00edpio segundo os crit\u00e9rios estabelecidos nos protocolos do Estado de S\u00e3o Paulo, visando conter o avan\u00e7o da Covid-19.<\/p>\n<figure id=\"attachment_4154\" aria-describedby=\"caption-attachment-4154\" style=\"width: 288px\" class=\"wp-caption alignright\"><img decoding=\"async\" class=\" wp-image-4154\" src=\"http:\/\/www.santaritadopassaquatro.sp.gov.br\/portal\/wp-content\/uploads\/2020\/08\/Decreto_2961_felxibilizacao_02-206x300.jpg\" alt=\"\" width=\"288\" height=\"419\" srcset=\"https:\/\/www.santaritadopassaquatro.sp.gov.br\/portal\/wp-content\/uploads\/2020\/08\/Decreto_2961_felxibilizacao_02-206x300.jpg 206w, https:\/\/www.santaritadopassaquatro.sp.gov.br\/portal\/wp-content\/uploads\/2020\/08\/Decreto_2961_felxibilizacao_02-768x1116.jpg 768w, https:\/\/www.santaritadopassaquatro.sp.gov.br\/portal\/wp-content\/uploads\/2020\/08\/Decreto_2961_felxibilizacao_02-705x1024.jpg 705w\" sizes=\"(max-width: 288px) 100vw, 288px\" \/><figcaption id=\"caption-attachment-4154\" class=\"wp-caption-text\">Di\u00e1rio Oficial do Munic\u00edpio<\/figcaption><\/figure>\n<p>O Decreto Municipal n\u00ba 2.961 segue as normas da Fase Amarela do Plano S\u00e3o Paulo, segundo o Governo do Estado. Partir da data, bares e restaurantes da cidade poder\u00e3o funcionar tamb\u00e9m durante a noite, at\u00e9 22 horas, desde que mantendo os protocolos estabelecidos na regulamenta\u00e7\u00e3o.<\/p>\n<p>O novo decreto foi elaborado com informa\u00e7\u00f5es t\u00e9cnicas do Departamento Municipal de Sa\u00fade, Santa Casa e Comit\u00ea de Enfrentamento ao Coronav\u00edrus, baseadas na situa\u00e7\u00e3o atual do munic\u00edpio, com orienta\u00e7\u00e3o do Minist\u00e9rio P\u00fablico.<\/p>\n<p>Este \u00e9 o oitavo decreto editado, desde o in\u00edcio da pandemia. O primeiro foi publicado no dia 21 de mar\u00e7o, ap\u00f3s reuni\u00e3o realizada com a ACE, comerciantes de diversos setores, m\u00e9dicos, Santa Casa e Pol\u00edcia Militar. A nova determina\u00e7\u00e3o segue os antecessores, e autoriza o funcionamento de estabelecimentos considerados essenciais e estabelece novas regras para as demais atividades.<\/p>\n<p><strong>\u00a0<\/strong><\/p>\n<p><strong>M\u00c1SCARAS<\/strong><\/p>\n<p>A obrigatoriedade do uso de m\u00e1scaras para pedestres em vias p\u00fablicas e no interior dos estabelecimentos comerciais continua, sob pena de multa correspondente a 19 Ufesps (R$ 524,59), de acordo com Decreto Estadual n\u00ba 64.959\/2020 e na Resolu\u00e7\u00e3o SS \u2013 96, de 29-6-2020.<\/p>\n<p>Os estabelecimentos comerciais que permitirem acesso sem m\u00e1scara, tamb\u00e9m est\u00e3o sujeito a multa de 182 Ufesps (R$ 5.025,02), e devem afixar aviso sobre sua obrigatoriedade devendo ainda advertir eventuais infratores sobre a proibi\u00e7\u00e3o.<\/p>\n<p>&nbsp;<\/p>\n<p><strong>O DECRETO<\/strong><\/p>\n<p>O Decreto Municipal n\u00ba 2.961 come\u00e7ou a vigorar j\u00e1 nesta sexta-feira (21\/8) e pode ser conferido na \u00edntegra na edi\u00e7\u00e3o 310 do <a href=\"https:\/\/imprensaoficialmunicipal.com.br\/santa_rita_do_passa_quatro\">Di\u00e1rio Oficial Eletr\u00f4nico<\/a> no Munic\u00edpio, no endere\u00e7o eletr\u00f4nico<\/p>\n<p>&nbsp;<\/p>\n<p>&nbsp;<\/p>\n<p>&nbsp;<\/p>\n<p>&nbsp;<\/p>\n","protected":false},"excerpt":{"rendered":"<p>Documento foi publicado no Di\u00e1rio Oficial Eletr\u00f4nico do Munic\u00edpio nesta sexta-feira e segue as orienta\u00e7\u00f5es do Plano S\u00e3o Paulo (Clique<\/p>\n","protected":false},"author":1,"featured_media":4152,"comment_status":"closed","ping_status":"open","sticky":false,"template":"","format":"standard","meta":{"footnotes":""},"categories":[40],"tags":[],"class_list":["post-4151","post","type-post","status-publish","format-standard","has-post-thumbnail","hentry","category-covid-19"],"_links":{"self":[{"href":"https:\/\/www.santaritadopassaquatro.sp.gov.br\/portal\/wp-json\/wp\/v2\/posts\/4151","targetHints":{"allow":["GET"]}}],"collection":[{"href":"https:\/\/www.santaritadopassaquatro.sp.gov.br\/portal\/wp-json\/wp\/v2\/posts"}],"about":[{"href":"https:\/\/www.santaritadopassaquatro.sp.gov.br\/portal\/wp-json\/wp\/v2\/types\/post"}],"author":[{"embeddable":true,"href":"https:\/\/www.santaritadopassaquatro.sp.gov.br\/portal\/wp-json\/wp\/v2\/users\/1"}],"replies":[{"embeddable":true,"href":"https:\/\/www.santaritadopassaquatro.sp.gov.br\/portal\/wp-json\/wp\/v2\/comments?post=4151"}],"version-history":[{"count":1,"href":"https:\/\/www.santaritadopassaquatro.sp.gov.br\/portal\/wp-json\/wp\/v2\/posts\/4151\/revisions"}],"predecessor-version":[{"id":4155,"href":"https:\/\/www.santaritadopassaquatro.sp.gov.br\/portal\/wp-json\/wp\/v2\/posts\/4151\/revisions\/4155"}],"wp:featuredmedia":[{"embeddable":true,"href":"https:\/\/www.santaritadopassaquatro.sp.gov.br\/portal\/wp-json\/wp\/v2\/media\/4152"}],"wp:attachment":[{"href":"https:\/\/www.santaritadopassaquatro.sp.gov.br\/portal\/wp-json\/wp\/v2\/media?parent=4151"}],"wp:term":[{"taxonomy":"category","embeddable":true,"href":"https:\/\/www.santaritadopassaquatro.sp.gov.br\/portal\/wp-json\/wp\/v2\/categories?post=4151"},{"taxonomy":"post_tag","embeddable":true,"href":"https:\/\/www.santaritadopassaquatro.sp.gov.br\/portal\/wp-json\/wp\/v2\/tags?post=4151"}],"curies":[{"name":"wp","href":"https:\/\/api.w.org\/{rel}","templated":true}]}}