{"id":4188,"date":"2020-10-05T14:23:17","date_gmt":"2020-10-05T17:23:17","guid":{"rendered":"http:\/\/www.santaritadopassaquatro.sp.gov.br\/portal\/?p=4188"},"modified":"2020-11-02T10:26:21","modified_gmt":"2020-11-02T13:26:21","slug":"atencao-matriculas-abertas-para-educacao-infantil-na-rede-municipal-de-ensino-de-santa-rita-do-passa-quatro","status":"publish","type":"post","link":"https:\/\/www.santaritadopassaquatro.sp.gov.br\/portal\/atencao-matriculas-abertas-para-educacao-infantil-na-rede-municipal-de-ensino-de-santa-rita-do-passa-quatro\/","title":{"rendered":""},"content":{"rendered":"<p>ATEN\u00c7\u00c3O<\/p>\n<p>CADASTROS PARA VAGAS EM CRECHES<\/p>\n<p>&nbsp;<\/p>\n<p>A partir de 03\/11\/2020 daremos in\u00edcio aos cadastros para vagas em creche (Ber\u00e7\u00e1rio I, Ber\u00e7\u00e1rio II, Maternal I e Maternal II) para o ano letivo de 2021.<\/p>\n<p>Os respons\u00e1veis dever\u00e3o retirar um formul\u00e1rio para preenchimento no site da prefeitura, no Departamento de Educa\u00e7\u00e3o ou em qualquer Creche Municipal.<\/p>\n<p>O formul\u00e1rio preenchido dever\u00e1 ser entregue no Departamento Municipal de Educa\u00e7\u00e3o ou na Creche onde foi retirado, juntamente com c\u00f3pia dos documentos abaixo relacionados:<\/p>\n<p>&#8211; Certid\u00e3o de nascimento<\/p>\n<p>&#8211; Comprovante de endere\u00e7o<\/p>\n<p>Esse \u00e9 um cadastro de interesse, o chamamento para o preenchimento das vagas acontecer\u00e1 atrav\u00e9s do site da prefeitura na aba Educa\u00e7\u00e3o.<\/p>\n<p>&nbsp;<\/p>\n<p>CLIQUE NO LINK ABAIXO PARA IMPRIMIR SUA FICHA DE CADASTRO.<\/p>\n<ul>\n<li><a href=\"http:\/\/www.santaritadopassaquatro.sp.gov.br\/portal\/wp-content\/uploads\/2020\/10\/CAD.-VAGAS-EM-CRECHES-BERCARIO-I.pdf\" target=\"_blank\" rel=\"noopener\">CAD. VAGAS EM CRECHES BERCARIO I<\/a><\/li>\n<li><a href=\"http:\/\/www.santaritadopassaquatro.sp.gov.br\/portal\/wp-content\/uploads\/2020\/10\/CAD.VAGAS-EM-CRECHES-BERCARIO-II.pdf\" target=\"_blank\" rel=\"noopener\">CAD.VAGAS EM CRECHES BERCARIO II<\/a><\/li>\n<li><a href=\"http:\/\/www.santaritadopassaquatro.sp.gov.br\/portal\/wp-content\/uploads\/2020\/10\/CAD.VAGAS-EM-CRECHES-MATERNAL-I.pdf\" target=\"_blank\" rel=\"noopener\">CAD.VAGAS EM CRECHES MATERNAL I<\/a><\/li>\n<li><a href=\"http:\/\/www.santaritadopassaquatro.sp.gov.br\/portal\/wp-content\/uploads\/2020\/10\/CAD.VAGAS-EM-CRECHES-MATERNAL-II.pdf\" target=\"_blank\" rel=\"noopener\">CAD.VAGAS EM CRECHES MATERNAL II<\/a><\/li>\n<\/ul>\n","protected":false},"excerpt":{"rendered":"<p>ATEN\u00c7\u00c3O CADASTROS PARA VAGAS EM CRECHES &nbsp; A partir de 03\/11\/2020 daremos in\u00edcio aos cadastros para vagas em creche (Ber\u00e7\u00e1rio<\/p>\n","protected":false},"author":1,"featured_media":4209,"comment_status":"closed","ping_status":"open","sticky":false,"template":"","format":"standard","meta":{"footnotes":""},"categories":[28],"tags":[],"class_list":["post-4188","post","type-post","status-publish","format-standard","has-post-thumbnail","hentry","category-educacao"],"_links":{"self":[{"href":"https:\/\/www.santaritadopassaquatro.sp.gov.br\/portal\/wp-json\/wp\/v2\/posts\/4188","targetHints":{"allow":["GET"]}}],"collection":[{"href":"https:\/\/www.santaritadopassaquatro.sp.gov.br\/portal\/wp-json\/wp\/v2\/posts"}],"about":[{"href":"https:\/\/www.santaritadopassaquatro.sp.gov.br\/portal\/wp-json\/wp\/v2\/types\/post"}],"author":[{"embeddable":true,"href":"https:\/\/www.santaritadopassaquatro.sp.gov.br\/portal\/wp-json\/wp\/v2\/users\/1"}],"replies":[{"embeddable":true,"href":"https:\/\/www.santaritadopassaquatro.sp.gov.br\/portal\/wp-json\/wp\/v2\/comments?post=4188"}],"version-history":[{"count":4,"href":"https:\/\/www.santaritadopassaquatro.sp.gov.br\/portal\/wp-json\/wp\/v2\/posts\/4188\/revisions"}],"predecessor-version":[{"id":4215,"href":"https:\/\/www.santaritadopassaquatro.sp.gov.br\/portal\/wp-json\/wp\/v2\/posts\/4188\/revisions\/4215"}],"wp:featuredmedia":[{"embeddable":true,"href":"https:\/\/www.santaritadopassaquatro.sp.gov.br\/portal\/wp-json\/wp\/v2\/media\/4209"}],"wp:attachment":[{"href":"https:\/\/www.santaritadopassaquatro.sp.gov.br\/portal\/wp-json\/wp\/v2\/media?parent=4188"}],"wp:term":[{"taxonomy":"category","embeddable":true,"href":"https:\/\/www.santaritadopassaquatro.sp.gov.br\/portal\/wp-json\/wp\/v2\/categories?post=4188"},{"taxonomy":"post_tag","embeddable":true,"href":"https:\/\/www.santaritadopassaquatro.sp.gov.br\/portal\/wp-json\/wp\/v2\/tags?post=4188"}],"curies":[{"name":"wp","href":"https:\/\/api.w.org\/{rel}","templated":true}]}}