{"id":4196,"date":"2020-10-16T14:02:48","date_gmt":"2020-10-16T17:02:48","guid":{"rendered":"http:\/\/www.santaritadopassaquatro.sp.gov.br\/portal\/?p=4196"},"modified":"2020-10-16T14:02:48","modified_gmt":"2020-10-16T17:02:48","slug":"sabado-e-o-dia-d-da-campanha-de-vacinacao-contra-polio-e-multivacinacao","status":"publish","type":"post","link":"https:\/\/www.santaritadopassaquatro.sp.gov.br\/portal\/sabado-e-o-dia-d-da-campanha-de-vacinacao-contra-polio-e-multivacinacao\/","title":{"rendered":"S\u00e1bado \u00e9 o Dia D da Campanha de Vacina\u00e7\u00e3o Contra P\u00f3lio e Multivacina\u00e7\u00e3o"},"content":{"rendered":"<p><strong>\u00a0<\/strong><\/p>\n<p><strong><em>A\u00e7\u00e3o acontece no Centro de Sa\u00fade II, PAS-CAIC e Santa Cruz da Estrela para crian\u00e7as menores de 5 anos e adolescentes at\u00e9 15 anos <\/em><\/strong><\/p>\n<p>&nbsp;<\/p>\n<p>Neste s\u00e1bado (17\/10) acontece o \u201cDia D\u201d de Mobiliza\u00e7\u00e3o Nacional da Campanha de Vacina\u00e7\u00e3o contra Poliomielite e Multivacina\u00e7\u00e3o (atualiza\u00e7\u00e3o de cadernetas). Neste dia, crian\u00e7as entre 1 e menores de 5 anos de idade devem receber a gotinha contra a poliomielite (paralisia infantil) e crian\u00e7as e adolescentes at\u00e9 15 anos, ter\u00e3o a oportunidade de atualizar as cadernetas de vacina\u00e7\u00e3o.<\/p>\n<p>Em Santa Rita do Passa Quatro a mobiliza\u00e7\u00e3o acontece no Centro de Sa\u00fade II (rua In\u00e1cio Ribeiro, 438) e PAS CAIC, no hor\u00e1rio das 8h \u00e0s 16 horas. Em Santa Cruz da Estrela, a vacina\u00e7\u00e3o acontece no PSF, das 8h \u00e0s 15 horas.<\/p>\n<p>Os pais e respons\u00e1veis dever\u00e3o levar a carteirinha de vacina\u00e7\u00e3o \u00e0 unidade para que, caso alguma vacina esteja atrasada, o registro da crian\u00e7a seja atualizado.<\/p>\n<p>Iniciadas no \u00faltimo dia 5 de outubro, segunda-feira, as campanhas s\u00e3o realizadas pelo Departamento Municipal de Sa\u00fade e seguem at\u00e9 o pr\u00f3ximo dia 30, sexta-feira.<\/p>\n<p>N\u00e3o h\u00e1 contraindica\u00e7\u00e3o para receber as doses, apenas a recomenda\u00e7\u00e3o de que a crian\u00e7a n\u00e3o seja vacinada se estiver com febre alta, neste caso, os pais ou respons\u00e1veis podem procurar pela vacina em outro dia.<\/p>\n<p>A poliomielite \u00e9 uma doen\u00e7a infectocontagiosa grave e a \u00fanica forma de preven\u00e7\u00e3o \u00e9 por meio da vacina\u00e7\u00e3o. Na maioria dos casos, a crian\u00e7a n\u00e3o vai a \u00f3bito quando infectada, mas adquire s\u00e9rias les\u00f5es que afetam o sistema nervoso, provocando paralisia permanente ou transit\u00f3ria, principalmente nos membros inferiores.<\/p>\n<p><strong>\u00a0<\/strong><\/p>\n<p><strong>SERVI\u00c7O<br \/>\nCAMPANHA DE VACINA\u00c7\u00c3O CONTRA P\u00d3LIO E MULTIVA\u00c7\u00c3O \u2013 DIA D<br \/>\nQUANDO: <\/strong>S\u00e1bado, 17 de outubro de 2020.<strong><br \/>\nONDE: <\/strong>Centro de Sa\u00fade II, PAS CAIC e PSF Santa Cruz da Estrela. <strong><br \/>\nHORARIOS:<\/strong>\u00a0 das 8h \u00e0s 16 horas (Centro Sa\u00fade II e CAIC) e das 8h \u00e0s 5h (Estrela).<br \/>\n<strong>Levar carteira de vacina\u00e7\u00e3o.<\/strong><\/p>\n","protected":false},"excerpt":{"rendered":"<p>\u00a0 A\u00e7\u00e3o acontece no Centro de Sa\u00fade II, PAS-CAIC e Santa Cruz da Estrela para crian\u00e7as menores de 5 anos<\/p>\n","protected":false},"author":1,"featured_media":4197,"comment_status":"closed","ping_status":"open","sticky":false,"template":"","format":"standard","meta":{"footnotes":""},"categories":[40],"tags":[],"class_list":["post-4196","post","type-post","status-publish","format-standard","has-post-thumbnail","hentry","category-covid-19"],"_links":{"self":[{"href":"https:\/\/www.santaritadopassaquatro.sp.gov.br\/portal\/wp-json\/wp\/v2\/posts\/4196","targetHints":{"allow":["GET"]}}],"collection":[{"href":"https:\/\/www.santaritadopassaquatro.sp.gov.br\/portal\/wp-json\/wp\/v2\/posts"}],"about":[{"href":"https:\/\/www.santaritadopassaquatro.sp.gov.br\/portal\/wp-json\/wp\/v2\/types\/post"}],"author":[{"embeddable":true,"href":"https:\/\/www.santaritadopassaquatro.sp.gov.br\/portal\/wp-json\/wp\/v2\/users\/1"}],"replies":[{"embeddable":true,"href":"https:\/\/www.santaritadopassaquatro.sp.gov.br\/portal\/wp-json\/wp\/v2\/comments?post=4196"}],"version-history":[{"count":1,"href":"https:\/\/www.santaritadopassaquatro.sp.gov.br\/portal\/wp-json\/wp\/v2\/posts\/4196\/revisions"}],"predecessor-version":[{"id":4198,"href":"https:\/\/www.santaritadopassaquatro.sp.gov.br\/portal\/wp-json\/wp\/v2\/posts\/4196\/revisions\/4198"}],"wp:featuredmedia":[{"embeddable":true,"href":"https:\/\/www.santaritadopassaquatro.sp.gov.br\/portal\/wp-json\/wp\/v2\/media\/4197"}],"wp:attachment":[{"href":"https:\/\/www.santaritadopassaquatro.sp.gov.br\/portal\/wp-json\/wp\/v2\/media?parent=4196"}],"wp:term":[{"taxonomy":"category","embeddable":true,"href":"https:\/\/www.santaritadopassaquatro.sp.gov.br\/portal\/wp-json\/wp\/v2\/categories?post=4196"},{"taxonomy":"post_tag","embeddable":true,"href":"https:\/\/www.santaritadopassaquatro.sp.gov.br\/portal\/wp-json\/wp\/v2\/tags?post=4196"}],"curies":[{"name":"wp","href":"https:\/\/api.w.org\/{rel}","templated":true}]}}