{"id":4222,"date":"2020-11-06T10:19:27","date_gmt":"2020-11-06T13:19:27","guid":{"rendered":"http:\/\/www.santaritadopassaquatro.sp.gov.br\/portal\/?p=4222"},"modified":"2020-11-06T10:19:27","modified_gmt":"2020-11-06T13:19:27","slug":"vacinacao-prorrogadas-as-campanhas-contra-sarampo-polio-e-multivacinacao","status":"publish","type":"post","link":"https:\/\/www.santaritadopassaquatro.sp.gov.br\/portal\/vacinacao-prorrogadas-as-campanhas-contra-sarampo-polio-e-multivacinacao\/","title":{"rendered":"VACINA\u00c7\u00c3O:\u00a0Prorrogadas as Campanhas contra Sarampo, P\u00f3lio e Multivacina\u00e7\u00e3o"},"content":{"rendered":"<p><strong><em>Popula\u00e7\u00e3o ainda pode procurar o Centro de Sa\u00fade II e PAS-CAIC at\u00e9 a pr\u00f3xima sexta-feira (13\/11) <\/em><\/strong><\/p>\n<p>&nbsp;<\/p>\n<p>As campanhas de vacina\u00e7\u00e3o contra sarampo, poliomielite e multivacina\u00e7\u00e3o (atualiza\u00e7\u00e3o de cadernetas) foram prorrogadas e seguem at\u00e9 a pr\u00f3xima sexta-feira (13\/11). Crian\u00e7as entre 1 e menores de 5 anos de idade devem receber a gotinha contra a poliomielite (paralisia infantil) e crian\u00e7as e adolescentes at\u00e9 15 anos, devem atualizar as cadernetas de vacina\u00e7\u00e3o. Contra o sarampo, o objetivo \u00e9 vacinar a popula\u00e7\u00e3o de 20 a 49 anos de idade.<\/p>\n<p>Em Santa Rita do Passa Quatro a realiza\u00e7\u00e3o \u00e9 do Departamento Municipal de Sa\u00fade e a vacina\u00e7\u00e3o acontece no Centro de Sa\u00fade II (rua In\u00e1cio Ribeiro, 438), no hor\u00e1rio das 7h \u00e0s 13 horas, e PAS CAIC, das 7h \u00e0s 15 horas.<\/p>\n<p>Para crian\u00e7as e adolescentes, os pais e respons\u00e1veis dever\u00e3o levar a carteirinha de vacina\u00e7\u00e3o \u00e0 unidade para que, caso alguma vacina esteja atrasada, o registro da crian\u00e7a seja atualizado.<\/p>\n<p>A poliomielite \u00e9 uma doen\u00e7a infectocontagiosa grave e a \u00fanica forma de preven\u00e7\u00e3o \u00e9 por meio da vacina\u00e7\u00e3o. Na maioria dos casos, a crian\u00e7a n\u00e3o vai a \u00f3bito quando infectada, mas adquire s\u00e9rias les\u00f5es que afetam o sistema nervoso, provocando paralisia permanente ou transit\u00f3ria, principalmente nos membros inferiores. N\u00e3o h\u00e1 contraindica\u00e7\u00e3o para receber as doses, apenas a recomenda\u00e7\u00e3o de que a crian\u00e7a n\u00e3o seja vacinada se estiver com febre alta, neste caso, os pais ou respons\u00e1veis podem procurar pela vacina em outro dia.<\/p>\n<p>O Minist\u00e9rio da Sa\u00fade tem alertado a popula\u00e7\u00e3o quanto \u00e0 import\u00e2ncia da vacina\u00e7\u00e3o contra o sarampo, mesmo com a pandemia da Covid-19 em evid\u00eancia no pa\u00eds. O sarampo \u00e9 uma doen\u00e7a grave e de alta transmissibilidade. Uma pessoa pode transmitir para at\u00e9 18 outras pessoas. A dissemina\u00e7\u00e3o do v\u00edrus ocorre por via a\u00e9rea ao tossir, espirrar, falar ou respirar.<\/p>\n<p><strong>\u00a0<\/strong><\/p>\n<p><strong>SERVI\u00c7O<br \/>\nCAMPANHAS DE VACINA\u00c7\u00c3O CONTRA SARAMPO, P\u00d3LIO E MULTIVA\u00c7\u00c3O<br \/>\nQUANDO: <\/strong>At\u00e9 13 de novembro de 2020 (sexta-feira).<br \/>\n<strong>ONDE: <\/strong>Centro de Sa\u00fade II e PAS CAIC. <strong><br \/>\nHORARIOS:<\/strong>\u00a0 das 7h \u00e0s 13 horas (Centro Sa\u00fade II) e das 8h \u00e0s 10h30 e das 13h \u00a0\u00e0s 14h30 (CAIC).<br \/>\n<strong>Levar carteira de vacina\u00e7\u00e3o.<\/strong><\/p>\n<p><strong>\u00a0<\/strong><\/p>\n","protected":false},"excerpt":{"rendered":"<p>Popula\u00e7\u00e3o ainda pode procurar o Centro de Sa\u00fade II e PAS-CAIC at\u00e9 a pr\u00f3xima sexta-feira (13\/11) &nbsp; As campanhas de<\/p>\n","protected":false},"author":1,"featured_media":4224,"comment_status":"closed","ping_status":"open","sticky":false,"template":"","format":"standard","meta":{"footnotes":""},"categories":[40],"tags":[],"class_list":["post-4222","post","type-post","status-publish","format-standard","has-post-thumbnail","hentry","category-covid-19"],"_links":{"self":[{"href":"https:\/\/www.santaritadopassaquatro.sp.gov.br\/portal\/wp-json\/wp\/v2\/posts\/4222","targetHints":{"allow":["GET"]}}],"collection":[{"href":"https:\/\/www.santaritadopassaquatro.sp.gov.br\/portal\/wp-json\/wp\/v2\/posts"}],"about":[{"href":"https:\/\/www.santaritadopassaquatro.sp.gov.br\/portal\/wp-json\/wp\/v2\/types\/post"}],"author":[{"embeddable":true,"href":"https:\/\/www.santaritadopassaquatro.sp.gov.br\/portal\/wp-json\/wp\/v2\/users\/1"}],"replies":[{"embeddable":true,"href":"https:\/\/www.santaritadopassaquatro.sp.gov.br\/portal\/wp-json\/wp\/v2\/comments?post=4222"}],"version-history":[{"count":1,"href":"https:\/\/www.santaritadopassaquatro.sp.gov.br\/portal\/wp-json\/wp\/v2\/posts\/4222\/revisions"}],"predecessor-version":[{"id":4225,"href":"https:\/\/www.santaritadopassaquatro.sp.gov.br\/portal\/wp-json\/wp\/v2\/posts\/4222\/revisions\/4225"}],"wp:featuredmedia":[{"embeddable":true,"href":"https:\/\/www.santaritadopassaquatro.sp.gov.br\/portal\/wp-json\/wp\/v2\/media\/4224"}],"wp:attachment":[{"href":"https:\/\/www.santaritadopassaquatro.sp.gov.br\/portal\/wp-json\/wp\/v2\/media?parent=4222"}],"wp:term":[{"taxonomy":"category","embeddable":true,"href":"https:\/\/www.santaritadopassaquatro.sp.gov.br\/portal\/wp-json\/wp\/v2\/categories?post=4222"},{"taxonomy":"post_tag","embeddable":true,"href":"https:\/\/www.santaritadopassaquatro.sp.gov.br\/portal\/wp-json\/wp\/v2\/tags?post=4222"}],"curies":[{"name":"wp","href":"https:\/\/api.w.org\/{rel}","templated":true}]}}