{"id":4299,"date":"2021-01-15T12:39:10","date_gmt":"2021-01-15T15:39:10","guid":{"rendered":"http:\/\/www.santaritadopassaquatro.sp.gov.br\/portal\/?p=4299"},"modified":"2021-06-28T20:54:20","modified_gmt":"2021-06-28T23:54:20","slug":"fila-unica-creches-2021-resolucao-d-m-e-022019","status":"publish","type":"post","link":"https:\/\/www.santaritadopassaquatro.sp.gov.br\/portal\/fila-unica-creches-2021-resolucao-d-m-e-022019\/","title":{"rendered":"FILA \u00daNICA CRECHES 2021 &#8211; RESOLU\u00c7\u00c3O D.M.E 02\/2019"},"content":{"rendered":"<p>BER\u00c7\u00c1RIO I &#8211; nascidos a partir de 01\/04\/2020-31\/03\/2021 e todos os nascidos em 2021<\/p>\n<ul style=\"list-style-type: circle;\">\n<li><a href=\"http:\/\/www.santaritadopassaquatro.sp.gov.br\/portal\/wp-content\/uploads\/2021\/01\/Lista-Creches-Vagas.pdf\" target=\"_blank\" rel=\"noopener\"><span style=\"font-size: 18pt;\">Lista-Creches-Vagas<\/span><\/a><\/li>\n<\/ul>\n","protected":false},"excerpt":{"rendered":"<p>BER\u00c7\u00c1RIO I &#8211; nascidos a partir de 01\/04\/2020-31\/03\/2021 e todos os nascidos em 2021 Lista-Creches-Vagas<\/p>\n","protected":false},"author":1,"featured_media":0,"comment_status":"closed","ping_status":"open","sticky":false,"template":"","format":"standard","meta":{"footnotes":""},"categories":[28],"tags":[],"class_list":["post-4299","post","type-post","status-publish","format-standard","hentry","category-educacao"],"_links":{"self":[{"href":"https:\/\/www.santaritadopassaquatro.sp.gov.br\/portal\/wp-json\/wp\/v2\/posts\/4299","targetHints":{"allow":["GET"]}}],"collection":[{"href":"https:\/\/www.santaritadopassaquatro.sp.gov.br\/portal\/wp-json\/wp\/v2\/posts"}],"about":[{"href":"https:\/\/www.santaritadopassaquatro.sp.gov.br\/portal\/wp-json\/wp\/v2\/types\/post"}],"author":[{"embeddable":true,"href":"https:\/\/www.santaritadopassaquatro.sp.gov.br\/portal\/wp-json\/wp\/v2\/users\/1"}],"replies":[{"embeddable":true,"href":"https:\/\/www.santaritadopassaquatro.sp.gov.br\/portal\/wp-json\/wp\/v2\/comments?post=4299"}],"version-history":[{"count":1,"href":"https:\/\/www.santaritadopassaquatro.sp.gov.br\/portal\/wp-json\/wp\/v2\/posts\/4299\/revisions"}],"predecessor-version":[{"id":4301,"href":"https:\/\/www.santaritadopassaquatro.sp.gov.br\/portal\/wp-json\/wp\/v2\/posts\/4299\/revisions\/4301"}],"wp:attachment":[{"href":"https:\/\/www.santaritadopassaquatro.sp.gov.br\/portal\/wp-json\/wp\/v2\/media?parent=4299"}],"wp:term":[{"taxonomy":"category","embeddable":true,"href":"https:\/\/www.santaritadopassaquatro.sp.gov.br\/portal\/wp-json\/wp\/v2\/categories?post=4299"},{"taxonomy":"post_tag","embeddable":true,"href":"https:\/\/www.santaritadopassaquatro.sp.gov.br\/portal\/wp-json\/wp\/v2\/tags?post=4299"}],"curies":[{"name":"wp","href":"https:\/\/api.w.org\/{rel}","templated":true}]}}