{"id":4318,"date":"2021-01-25T16:37:53","date_gmt":"2021-01-25T19:37:53","guid":{"rendered":"http:\/\/www.santaritadopassaquatro.sp.gov.br\/portal\/?p=4318"},"modified":"2021-06-28T20:38:53","modified_gmt":"2021-06-28T23:38:53","slug":"4318-2","status":"publish","type":"post","link":"https:\/\/www.santaritadopassaquatro.sp.gov.br\/portal\/4318-2\/","title":{"rendered":"ATRIBUI\u00c7\u00c3O DE AULAS"},"content":{"rendered":"<p><strong>Classes para Atribui\u00e7\u00e3o \u2013 2021.<\/strong><\/p>\n<table style=\"width: 760px;\">\n<tbody>\n<tr>\n<td style=\"width: 84px;\">PEB II<\/td>\n<td style=\"width: 85px;\">Salas<\/td>\n<td style=\"width: 135px;\">Motivo<\/td>\n<td style=\"width: 135px;\">Per\u00edodo de trabalho<\/td>\n<td style=\"width: 133px;\">Escola<\/td>\n<td style=\"width: 148px;\">Tempo<\/td>\n<\/tr>\n<tr>\n<td style=\"width: 84px;\">PEBII<\/td>\n<td style=\"width: 85px;\">16 h\/aula + 8 HTPC<\/td>\n<td style=\"width: 135px;\">Educa\u00e7\u00e3o F\u00edsica<\/td>\n<td style=\"width: 135px;\">Manh\u00e3<\/td>\n<td style=\"width: 133px;\">Caic Laura S. Barbuio<\/td>\n<td style=\"width: 148px;\">01\/02\/ a dez<\/td>\n<\/tr>\n<tr>\n<td style=\"width: 84px;\">PEBII<\/td>\n<td style=\"width: 85px;\">04 aulas<\/td>\n<td style=\"width: 135px;\">Educa\u00e7\u00e3o F\u00edsica \u2013 1\u00baA, 1\u00baB<\/td>\n<td style=\"width: 135px;\">Manh\u00e3<\/td>\n<td style=\"width: 133px;\">Francisco Ribeiro<\/td>\n<td style=\"width: 148px;\">01\/02 a dez<\/td>\n<\/tr>\n<tr>\n<td style=\"width: 84px;\"><\/td>\n<td style=\"width: 85px;\"><\/td>\n<td style=\"width: 135px;\"><\/td>\n<td style=\"width: 135px;\"><\/td>\n<td style=\"width: 133px;\"><\/td>\n<td style=\"width: 148px;\"><\/td>\n<\/tr>\n<tr>\n<td style=\"width: 84px;\">PEB II<\/td>\n<td style=\"width: 85px;\">02 aulas<\/td>\n<td style=\"width: 135px;\">Educa\u00e7\u00e3o F\u00edsica \u2013 2\u00ba \u201cB\u201d<\/td>\n<td style=\"width: 135px;\">Manh\u00e3<\/td>\n<td style=\"width: 133px;\">Francisco Ribeiro<\/td>\n<td style=\"width: 148px;\">01\/02 a dez<\/td>\n<\/tr>\n<tr>\n<td style=\"width: 84px;\">PEBII<\/td>\n<td style=\"width: 85px;\">04 aulas<\/td>\n<td style=\"width: 135px;\">Educa\u00e7\u00e3o F\u00edsica \u2013 1\u00ba \u201cC\u201d; 2\u00ba \u201cC\u201d<\/td>\n<td style=\"width: 135px;\">Tarde<\/td>\n<td style=\"width: 133px;\">Francisco Ribeiro<\/td>\n<td style=\"width: 148px;\">01\/02\/ a dez<\/td>\n<\/tr>\n<tr>\n<td style=\"width: 84px;\">PROJETO<\/td>\n<td style=\"width: 85px;\">05 aulas<\/td>\n<td style=\"width: 135px;\">Recrea\u00e7\u00e3o (livre)<\/td>\n<td style=\"width: 135px;\">Tarde<\/td>\n<td style=\"width: 133px;\">Jo\u00e3o Baptista da Rocha Corr\u00eaa<\/td>\n<td style=\"width: 148px;\">01\/02 a dez<\/td>\n<\/tr>\n<tr>\n<td style=\"width: 84px;\">PROJETO<\/td>\n<td style=\"width: 85px;\">06 aulas<\/td>\n<td style=\"width: 135px;\">Ritmo e Movimento<\/td>\n<td style=\"width: 135px;\">Tarde<\/td>\n<td style=\"width: 133px;\">Jo\u00e3o B. R. Ribaldo<\/td>\n<td style=\"width: 148px;\">01\/02 a dez<\/td>\n<\/tr>\n<tr>\n<td style=\"width: 84px;\"><\/td>\n<td style=\"width: 85px;\"><\/td>\n<td style=\"width: 135px;\"><\/td>\n<td style=\"width: 135px;\"><\/td>\n<td style=\"width: 133px;\"><\/td>\n<td style=\"width: 148px;\"><\/td>\n<\/tr>\n<tr>\n<td style=\"width: 84px;\">PEB II<\/td>\n<td style=\"width: 85px;\">20h\/aula +10HTPC<\/p>\n<p>*Aula de 50 minutos<\/td>\n<td style=\"width: 135px;\">Portugu\u00eas \u2013 6\u00baB, 8\u00baB, 9\u00ba A, e 9\u00baB<\/td>\n<td style=\"width: 135px;\">Manh\u00e3<\/td>\n<td style=\"width: 133px;\">Caic Laura S. Barbuio<\/td>\n<td style=\"width: 148px;\">01\/02 a dez<\/td>\n<\/tr>\n<tr>\n<td style=\"width: 84px;\">PEBII<\/td>\n<td style=\"width: 85px;\">10h\/aula +5HTPC<\/p>\n<p>*Aula de 50 minutos<\/td>\n<td style=\"width: 135px;\">LPT<\/td>\n<td style=\"width: 135px;\">Manh\u00e3<\/td>\n<td style=\"width: 133px;\">Caic Laura S. Barbuio<\/td>\n<td style=\"width: 148px;\">01\/02 a dez<\/td>\n<\/tr>\n<tr>\n<td style=\"width: 84px;\"><\/td>\n<td style=\"width: 85px;\"><\/td>\n<td style=\"width: 135px;\"><\/td>\n<td style=\"width: 135px;\"><\/td>\n<td style=\"width: 133px;\"><\/td>\n<td style=\"width: 148px;\"><\/td>\n<\/tr>\n<tr>\n<td style=\"width: 84px;\">PEBII<\/td>\n<td style=\"width: 85px;\">24h\/aula + 12HTPC<\/p>\n<p>*Aula de 50 minutos<\/td>\n<td style=\"width: 135px;\">Matem\u00e1tica \u2013 6\u00baA, 6\u00baB, 7\u00baA e 7\u00baB<\/td>\n<td style=\"width: 135px;\">Manh\u00e3<\/td>\n<td style=\"width: 133px;\">Caic Laura S. Barbuio<\/td>\n<td style=\"width: 148px;\">01\/02 a dez<\/td>\n<\/tr>\n<tr>\n<td style=\"width: 84px;\">PROJETO<\/td>\n<td style=\"width: 85px;\">14 aulas<\/td>\n<td style=\"width: 135px;\">Inform\u00e1tica (livre)<\/td>\n<td style=\"width: 135px;\">Tarde<\/td>\n<td style=\"width: 133px;\">Francisco Ribeiro<\/td>\n<td style=\"width: 148px;\">01\/02 a dez<\/td>\n<\/tr>\n<\/tbody>\n<\/table>\n<p><strong>\u00a0\u00a0\u00a0\u00a0\u00a0\u00a0\u00a0\u00a0\u00a0\u00a0\u00a0<\/strong><\/p>\n<p><strong>Departamento Municipal de Educa\u00e7\u00e3o<\/strong><\/p>\n<p>Avenida Severino Meirelles, n\u00ba 1.230 \u2013 tel. 3584-85407\u00a0 &#8211; CEP 13.670-000<\/p>\n<p>CNPJ 45.749.819\/0001-94- Insc. Estadual 621.077.300.116<\/p>\n<p>e-mail: <a href=\"mailto:departamentodeeducacaosrpq@bol.com.br\">departamentodeeducacaosrpq@bol.com.br<\/a><\/p>\n<p>&nbsp;<\/p>\n<p><em>\u00a0<\/em><\/p>\n<p>&nbsp;<\/p>\n<p><strong>ANEXO II \u2013 A QUE SE REFERE O ART. 21 DA PORTARIA NORMATIVA DME N\u00ba 003, DE 23 DE NOVEMBRO DE 2020 &#8211; CRONOGRAMA DE ATRIBUI\u00c7\u00c3O DE CLASSES\/AULAS \u2013 ANO DE 2021<\/strong><\/p>\n<p><strong><u>III &#8211; Atribui\u00e7\u00e3o aos Contratados Tempor\u00e1rios \u2013 Processo Seletivo<\/u><\/strong><\/p>\n<table width=\"0\">\n<tbody>\n<tr>\n<td width=\"180\"><strong><u>Fases<\/u><\/strong><\/td>\n<td width=\"293\"><strong><u>Finalidade<\/u><\/strong><\/td>\n<td width=\"66\"><strong><u>Data<\/u><\/strong><\/td>\n<td width=\"76\"><strong><u>Hor\u00e1rio<\/u><\/strong><\/td>\n<td width=\"104\"><strong><u>Local<\/u><\/strong><\/td>\n<\/tr>\n<tr>\n<td width=\"180\"><strong>Fase III &#8211; DME<\/strong><\/p>\n<p><strong>Etapa III<\/strong><\/td>\n<td width=\"293\">Atribuir classes e\/ou aulas aos contratados tempor\u00e1rios, conforme lista classificat\u00f3ria, e comprovada habilita\u00e7\u00e3o espec\u00edfica, para as fun\u00e7\u00f5es atividade: Professor de Educa\u00e7\u00e3o B\u00e1sica II \u2013 Educa\u00e7\u00e3o F\u00edsica, Matem\u00e1tica, Inform\u00e1tica.<\/td>\n<td width=\"66\">26\/01<\/td>\n<td width=\"76\">13h<\/td>\n<td width=\"104\"><\/td>\n<\/tr>\n<\/tbody>\n<\/table>\n<p>&nbsp;<\/p>\n<p>&nbsp;<\/p>\n<p>&nbsp;<\/p>\n<p><strong>\u00a0<\/strong><\/p>\n<p><strong>Classifica\u00e7\u00e3o \u2013 Processo Seletivo n\u00ba 01\/2019<\/strong><\/p>\n<p>Sala de Apoio (PSA) \u2013 pr\u00f3ximo n\u00ba. 21<br \/>\nPEB I \u2013 pr\u00f3ximo n\u00ba. 129<br \/>\nPEI \u2013 pr\u00f3ximo n\u00ba. 103<br \/>\nMatem\u00e1tica \u2013 pr\u00f3ximo n\u00ba. 12<br \/>\nCi\u00eancias \u2013 pr\u00f3ximo n\u00ba. 03<br \/>\nGeografia \u2013 pr\u00f3ximo n\u00ba. 07<br \/>\nHist\u00f3ria \u2013 pr\u00f3ximo n\u00ba. 03<br \/>\nIngl\u00eas \u2013 pr\u00f3ximo n\u00ba. 12<br \/>\nInform\u00e1tica \u2013 pr\u00f3ximo n\u00ba. 04<br \/>\nArte \u2013 pr\u00f3ximo n\u00ba. 04<br \/>\nEduca\u00e7\u00e3o F\u00edsica \u2013 pr\u00f3ximo n\u00ba. 13<br \/>\nPortugu\u00eas \u2013 pr\u00f3ximo n\u00ba. 18<\/p>\n<p><strong>OBS:- COMPROVAR HABILITA\u00c7\u00c3O E AC\u00daMULO DE CARGO (CASO HAJA);<\/strong><br \/>\n<strong>P\/PROCURA\u00c7\u00c3O A MESMA DEVER\u00c1 ESTAR COM FIRMA RECONHECIDA.<\/strong><\/p>\n<p><strong>\u00a0<\/strong><\/p>\n<p><strong>\u00a0<\/strong><\/p>\n<p><strong>\u00a0<\/strong><\/p>\n<p><strong>\u00a0<\/strong><\/p>\n","protected":false},"excerpt":{"rendered":"<p>Classes para Atribui\u00e7\u00e3o \u2013 2021. PEB II Salas Motivo Per\u00edodo de trabalho Escola Tempo PEBII 16 h\/aula + 8 HTPC<\/p>\n","protected":false},"author":1,"featured_media":0,"comment_status":"closed","ping_status":"open","sticky":false,"template":"","format":"standard","meta":{"footnotes":""},"categories":[33],"tags":[],"class_list":["post-4318","post","type-post","status-publish","format-standard","hentry","category-atribuicao-de-aulas"],"_links":{"self":[{"href":"https:\/\/www.santaritadopassaquatro.sp.gov.br\/portal\/wp-json\/wp\/v2\/posts\/4318","targetHints":{"allow":["GET"]}}],"collection":[{"href":"https:\/\/www.santaritadopassaquatro.sp.gov.br\/portal\/wp-json\/wp\/v2\/posts"}],"about":[{"href":"https:\/\/www.santaritadopassaquatro.sp.gov.br\/portal\/wp-json\/wp\/v2\/types\/post"}],"author":[{"embeddable":true,"href":"https:\/\/www.santaritadopassaquatro.sp.gov.br\/portal\/wp-json\/wp\/v2\/users\/1"}],"replies":[{"embeddable":true,"href":"https:\/\/www.santaritadopassaquatro.sp.gov.br\/portal\/wp-json\/wp\/v2\/comments?post=4318"}],"version-history":[{"count":2,"href":"https:\/\/www.santaritadopassaquatro.sp.gov.br\/portal\/wp-json\/wp\/v2\/posts\/4318\/revisions"}],"predecessor-version":[{"id":4320,"href":"https:\/\/www.santaritadopassaquatro.sp.gov.br\/portal\/wp-json\/wp\/v2\/posts\/4318\/revisions\/4320"}],"wp:attachment":[{"href":"https:\/\/www.santaritadopassaquatro.sp.gov.br\/portal\/wp-json\/wp\/v2\/media?parent=4318"}],"wp:term":[{"taxonomy":"category","embeddable":true,"href":"https:\/\/www.santaritadopassaquatro.sp.gov.br\/portal\/wp-json\/wp\/v2\/categories?post=4318"},{"taxonomy":"post_tag","embeddable":true,"href":"https:\/\/www.santaritadopassaquatro.sp.gov.br\/portal\/wp-json\/wp\/v2\/tags?post=4318"}],"curies":[{"name":"wp","href":"https:\/\/api.w.org\/{rel}","templated":true}]}}