{"id":432,"date":"2019-01-25T11:03:53","date_gmt":"2019-01-25T13:03:53","guid":{"rendered":"http:\/\/www.santaritadopassaquatro.sp.gov.br\/portal\/?p=432"},"modified":"2019-01-25T11:03:53","modified_gmt":"2019-01-25T13:03:53","slug":"programa-ferias-em-movimento-comeca-nesta-segunda-feira","status":"publish","type":"post","link":"https:\/\/www.santaritadopassaquatro.sp.gov.br\/portal\/programa-ferias-em-movimento-comeca-nesta-segunda-feira\/","title":{"rendered":"Programa F\u00e9rias em Movimento come\u00e7a nesta segunda-feira"},"content":{"rendered":"<p><strong><em>Com atividades esportivas, l\u00fadicas, passeios e palestras, a\u00e7\u00e3o \u00e9 destinada a crian\u00e7as e adolescentes residentes nos bairros de abrang\u00eancia do CRAS<\/em><\/strong><\/p>\n<p><strong><em>\u00a0<\/em><\/strong><\/p>\n<p><img decoding=\"async\" class=\"alignnone size-medium wp-image-433 alignleft\" src=\"http:\/\/www.santaritadopassaquatro.sp.gov.br\/portal\/wp-content\/uploads\/2019\/01\/ferias_movimento_antigo-300x200.jpg\" alt=\"\" width=\"300\" height=\"200\" srcset=\"https:\/\/www.santaritadopassaquatro.sp.gov.br\/portal\/wp-content\/uploads\/2019\/01\/ferias_movimento_antigo-300x200.jpg 300w, https:\/\/www.santaritadopassaquatro.sp.gov.br\/portal\/wp-content\/uploads\/2019\/01\/ferias_movimento_antigo.jpg 700w\" sizes=\"(max-width: 300px) 100vw, 300px\" \/><em>[Sta. Rita do P. Quatro-SP &#8211; 9\/1\/19]<\/em> &#8211; Promover a conviv\u00eancia, forma\u00e7\u00e3o para a participa\u00e7\u00e3o e cidadania, visando sempre o desenvolvimento de crian\u00e7as e adolescentes, preenchendo o tempo livre das f\u00e9rias, com atividades de intera\u00e7\u00e3o, aprendizagem, sociabilidade e prote\u00e7\u00e3o social. Este \u00e9 o principal objetivo do programa F\u00e9rias em Movimento, que come\u00e7a na pr\u00f3xima segunda-feira, dia 14, em Santa Rita do Passa Quatro.<\/p>\n<p>Promovido pela Prefeitura Municipal, atrav\u00e9s do Departamento de Desenvolvimento e Assist\u00eancia Social, CRAS (Centro de Refer\u00eancia da Assist\u00eancia Social) e Departamento Municipal de Esportes, em parceria com o Projeto Pequeno Pr\u00edncipe, da par\u00f3quia S\u00e3o Jos\u00e9 Oper\u00e1rio, o programa \u00e9 destinado a crian\u00e7as e adolescentes, com idades de 5 a 14 anos, residentes nos bairros de abrang\u00eancia do CRAS: Jardim Boa Vista I, II e III, Jardim S\u00e3o Luiz, Jardim Santa Maria, Jardim Flamboyant e Jardim Alvorada.<\/p>\n<p>O Programa F\u00e9rias em Movimento acontece at\u00e9 o pr\u00f3ximo dia 25, de segunda a sexta-feira, das 13h \u00e0s 17 horas, oferecendo atividades de lazer, esportivas, l\u00fadicas, al\u00e9m de passeios e palestras.<\/p>\n<p>&nbsp;<\/p>\n<p>&nbsp;<\/p>\n","protected":false},"excerpt":{"rendered":"<p>Com atividades esportivas, l\u00fadicas, passeios e palestras, a\u00e7\u00e3o \u00e9 destinada a crian\u00e7as e adolescentes residentes nos bairros de abrang\u00eancia do<\/p>\n","protected":false},"author":1,"featured_media":0,"comment_status":"open","ping_status":"open","sticky":false,"template":"","format":"standard","meta":{"footnotes":""},"categories":[43],"tags":[],"class_list":["post-432","post","type-post","status-publish","format-standard","hentry","category-assistenciasocial"],"_links":{"self":[{"href":"https:\/\/www.santaritadopassaquatro.sp.gov.br\/portal\/wp-json\/wp\/v2\/posts\/432","targetHints":{"allow":["GET"]}}],"collection":[{"href":"https:\/\/www.santaritadopassaquatro.sp.gov.br\/portal\/wp-json\/wp\/v2\/posts"}],"about":[{"href":"https:\/\/www.santaritadopassaquatro.sp.gov.br\/portal\/wp-json\/wp\/v2\/types\/post"}],"author":[{"embeddable":true,"href":"https:\/\/www.santaritadopassaquatro.sp.gov.br\/portal\/wp-json\/wp\/v2\/users\/1"}],"replies":[{"embeddable":true,"href":"https:\/\/www.santaritadopassaquatro.sp.gov.br\/portal\/wp-json\/wp\/v2\/comments?post=432"}],"version-history":[{"count":0,"href":"https:\/\/www.santaritadopassaquatro.sp.gov.br\/portal\/wp-json\/wp\/v2\/posts\/432\/revisions"}],"wp:attachment":[{"href":"https:\/\/www.santaritadopassaquatro.sp.gov.br\/portal\/wp-json\/wp\/v2\/media?parent=432"}],"wp:term":[{"taxonomy":"category","embeddable":true,"href":"https:\/\/www.santaritadopassaquatro.sp.gov.br\/portal\/wp-json\/wp\/v2\/categories?post=432"},{"taxonomy":"post_tag","embeddable":true,"href":"https:\/\/www.santaritadopassaquatro.sp.gov.br\/portal\/wp-json\/wp\/v2\/tags?post=432"}],"curies":[{"name":"wp","href":"https:\/\/api.w.org\/{rel}","templated":true}]}}