{"id":4328,"date":"2021-02-02T09:47:14","date_gmt":"2021-02-02T12:47:14","guid":{"rendered":"http:\/\/www.santaritadopassaquatro.sp.gov.br\/portal\/?p=4328"},"modified":"2021-06-28T20:38:37","modified_gmt":"2021-06-28T23:38:37","slug":"atribuicao-de-aulas-20","status":"publish","type":"post","link":"https:\/\/www.santaritadopassaquatro.sp.gov.br\/portal\/atribuicao-de-aulas-20\/","title":{"rendered":"ATRIBUI\u00c7\u00c3O DE AULAS"},"content":{"rendered":"<p style=\"text-align: center;\"><strong>ATRIBUI\u00c7\u00c3O DE AULAS<\/strong><\/p>\n<p><strong>\u00a0<\/strong><\/p>\n<table width=\"0\">\n<tbody>\n<tr>\n<td width=\"118\"><strong>SALAS\/<br \/>\nDISCIPLINA<\/strong><\/td>\n<td width=\"326\"><strong>AULAS<\/strong><\/td>\n<td width=\"99\"><strong>PER\u00cdODO<\/strong><\/td>\n<td width=\"139\"><strong>EMEF<\/strong><\/td>\n<\/tr>\n<tr>\n<td width=\"118\">Educa\u00e7\u00e3o F\u00edsica<\/td>\n<td width=\"326\">Em substitui\u00e7\u00e3o ao Prof. Luciano D&#8217;avilla<br \/>\nPereira<\/td>\n<td width=\"99\"><\/td>\n<td width=\"139\"><\/td>\n<\/tr>\n<tr>\n<td width=\"118\"><\/td>\n<td width=\"326\">16 aulas + 8 HTPs \u2013 do 1\u00ba ao 4\u00ba ano<\/td>\n<td width=\"99\">Manh\u00e3<\/td>\n<td width=\"139\">CAIC<\/td>\n<\/tr>\n<tr>\n<td width=\"118\"><\/td>\n<td width=\"326\">04 aulas + 2 HTPS &#8211; 1\u00ba ano &#8220;A&#8221; &#8211; 1\u00ba ano&#8221; B&#8221;<\/td>\n<td width=\"99\">Manh\u00e3<\/td>\n<td width=\"139\">Francisco Ribeiro<\/td>\n<\/tr>\n<tr>\n<td width=\"118\"><\/td>\n<td width=\"326\">04 aulas &#8211; 1\u00ba\u00a0 ano &#8220;C&#8221; e 2\u00ba ano &#8220;C&#8221;<\/td>\n<td width=\"99\">Tarde<\/td>\n<td width=\"139\">Francisco Ribeiro<\/td>\n<\/tr>\n<tr>\n<td width=\"118\"><\/td>\n<td width=\"326\">02 aulas (livres) &#8211; 2\u00ba ano &#8220;B&#8221;<\/td>\n<td width=\"99\">Manh\u00e3<\/td>\n<td width=\"139\">Francisco Ribeiro<\/td>\n<\/tr>\n<tr>\n<td width=\"118\"><\/td>\n<td width=\"326\"><\/td>\n<td width=\"99\"><\/td>\n<td width=\"139\"><\/td>\n<\/tr>\n<\/tbody>\n<\/table>\n<p><strong>\u00a0<\/strong><\/p>\n<table width=\"0\">\n<tbody>\n<tr>\n<td width=\"118\"><strong>SALAS\/<br \/>\nDISCIPLINA<\/strong><\/td>\n<td width=\"326\"><strong>AULAS<\/strong><\/td>\n<td width=\"99\"><strong>PER\u00cdODO<\/strong><\/td>\n<td width=\"139\"><strong>EMEF<\/strong><\/td>\n<\/tr>\n<tr>\n<td width=\"118\">2\u00ba ano<\/td>\n<td width=\"326\">Em substitui\u00e7\u00e3o \u00e0 Prof\u00aa Sharon Michele Fadel Fragoso<\/td>\n<td width=\"99\">Manh\u00e3<\/td>\n<td width=\"139\">Jo\u00e3o B. Rocha Corr\u00eaa(Estrela)<\/td>\n<\/tr>\n<tr>\n<td width=\"118\"><\/td>\n<td width=\"326\">20 aulas + 10 HTPs<\/td>\n<td width=\"99\"><\/td>\n<td width=\"139\"><\/td>\n<\/tr>\n<tr>\n<td width=\"118\">Projeto<\/td>\n<td width=\"326\">05 aulas de recrea\u00e7\u00e3o (livre)<\/td>\n<td width=\"99\">Tarde<\/td>\n<td width=\"139\">Jo\u00e3o B. Rocha Corr\u00eaa(Estrela)<\/td>\n<\/tr>\n<tr>\n<td width=\"118\"><\/td>\n<td width=\"326\"><\/td>\n<td width=\"99\"><\/td>\n<td width=\"139\"><\/td>\n<\/tr>\n<tr>\n<td width=\"118\"><\/td>\n<td width=\"326\"><\/td>\n<td width=\"99\"><\/td>\n<td width=\"139\"><\/td>\n<\/tr>\n<\/tbody>\n<\/table>\n<p><strong>\u00a0<\/strong><\/p>\n<table width=\"0\">\n<tbody>\n<tr>\n<td width=\"118\"><strong>SALAS\/<br \/>\nDISCIPLINA<\/strong><\/td>\n<td width=\"326\"><strong>AULAS<\/strong><\/td>\n<td width=\"99\"><strong>PER\u00cdODO<\/strong><\/td>\n<td width=\"139\"><strong>EMEF\/EMEI<\/strong><\/td>\n<\/tr>\n<tr>\n<td width=\"118\">2\u00ba ano<\/td>\n<td width=\"326\">Em substitui\u00e7\u00e3o \u00e0 Prof\u00aa Fernanda Zuzi de Souza Lemes<\/td>\n<td width=\"99\">Manh\u00e3<\/td>\n<td width=\"139\">Madre Carmelita<\/td>\n<\/tr>\n<tr>\n<td width=\"118\"><\/td>\n<td width=\"326\">20 aulas + 10 HTPs<\/td>\n<td width=\"99\"><\/td>\n<td width=\"139\"><\/td>\n<\/tr>\n<tr>\n<td width=\"118\">Projeto<\/td>\n<td width=\"326\">10 aulas \u2013 Leitura e Escrita<\/td>\n<td width=\"99\">Tarde<\/td>\n<td width=\"139\">Jo\u00e3o B.R.Ribaldo<\/td>\n<\/tr>\n<tr>\n<td width=\"118\"><\/td>\n<td width=\"326\"><\/td>\n<td width=\"99\"><\/td>\n<td width=\"139\"><\/td>\n<\/tr>\n<tr>\n<td width=\"118\"><\/td>\n<td width=\"326\"><\/td>\n<td width=\"99\"><\/td>\n<td width=\"139\"><\/td>\n<\/tr>\n<\/tbody>\n<\/table>\n<p><strong>\u00a0<\/strong><\/p>\n<table width=\"0\">\n<tbody>\n<tr>\n<td width=\"118\"><strong>SALAS\/<br \/>\nDISCIPLINA<\/strong><\/td>\n<td width=\"326\"><strong>AULAS<\/strong><\/td>\n<td width=\"99\"><strong>PER\u00cdODO<\/strong><\/td>\n<td width=\"139\"><strong>EMEF<\/strong><\/td>\n<\/tr>\n<tr>\n<td width=\"118\">Arte<\/td>\n<td width=\"326\">Em substitui\u00e7\u00e3o \u00e0 Prof\u00aa Angela Maria Pereira<\/td>\n<td width=\"99\">Manh\u00e3<\/td>\n<td width=\"139\">CAIC<\/td>\n<\/tr>\n<tr>\n<td width=\"118\"><\/td>\n<td width=\"326\">20 aulas + 10 HTPs \u2013\u00a0 1\u00ba ao 5\u00ba ano<\/p>\n<p>&nbsp;<\/td>\n<td width=\"99\"><\/td>\n<td width=\"139\"><\/td>\n<\/tr>\n<tr>\n<td width=\"118\">Projeto<\/td>\n<td width=\"326\">Em substitui\u00e7\u00e3o \u00e0 Prof\u00aa Gisele Arantes<\/td>\n<td width=\"99\">Tarde<\/td>\n<td width=\"139\">Francisco Ribeiro<\/td>\n<\/tr>\n<tr>\n<td width=\"118\"><\/td>\n<td width=\"326\">10 aulas \u2013 Arte Recreativa<\/td>\n<td width=\"99\"><\/td>\n<td width=\"139\"><\/td>\n<\/tr>\n<tr>\n<td width=\"118\"><\/td>\n<td width=\"326\"><\/td>\n<td width=\"99\"><\/td>\n<td width=\"139\"><\/td>\n<\/tr>\n<\/tbody>\n<\/table>\n<p><strong>\u00a0<\/strong><\/p>\n<p><strong>\u00a0<\/strong><\/p>\n<table width=\"0\">\n<tbody>\n<tr>\n<td width=\"118\"><strong>SALAS\/<br \/>\nDISCIPLINA<\/strong><\/td>\n<td width=\"326\"><strong>AULAS<\/strong><\/td>\n<td width=\"99\"><strong>PER\u00cdODO<\/strong><\/td>\n<td width=\"139\"><strong>EMEF<\/strong><\/td>\n<\/tr>\n<tr>\n<td width=\"118\">Arte<\/td>\n<td width=\"326\">Em substitui\u00e7\u00e3o \u00e0 Prof\u00aa Shaiene Aparecida dos Santos<\/td>\n<td width=\"99\">Manh\u00e3<\/td>\n<td width=\"139\">Madre Carmelita<\/td>\n<\/tr>\n<tr>\n<td width=\"118\"><\/td>\n<td width=\"326\">20 aulas + 10 HTPs \u2013 1\u00ba ao 5\u00ba ano<\/p>\n<p>&nbsp;<\/td>\n<td width=\"99\"><\/td>\n<td width=\"139\"><\/td>\n<\/tr>\n<tr>\n<td width=\"118\">Projeto<\/td>\n<td width=\"326\">Em substitui\u00e7\u00e3o \u00e0 Prof\u00aa Camila Regina de Oliveira<\/td>\n<td width=\"99\">Tarde<\/td>\n<td width=\"139\">Francisco Ribeiro<\/td>\n<\/tr>\n<tr>\n<td width=\"118\"><\/td>\n<td width=\"326\">10 aulas \u2013 Conta\u00e7\u00e3o de Hist\u00f3ria\/Teatro<\/td>\n<td width=\"99\"><\/td>\n<td width=\"139\"><\/td>\n<\/tr>\n<tr>\n<td width=\"118\"><\/td>\n<td width=\"326\"><\/td>\n<td width=\"99\"><\/td>\n<td width=\"139\"><\/td>\n<\/tr>\n<\/tbody>\n<\/table>\n<p><strong>\u00a0<\/strong><\/p>\n<table width=\"0\">\n<tbody>\n<tr>\n<td width=\"118\"><strong>SALAS\/<br \/>\nDISCIPLINA<\/strong><\/td>\n<td width=\"326\"><strong>AULAS<\/strong><\/td>\n<td width=\"98\"><strong>PER\u00cdODO<\/strong><\/td>\n<td width=\"151\"><strong>EMEI<\/strong><\/td>\n<\/tr>\n<tr>\n<td width=\"118\">Jardim II<\/td>\n<td width=\"326\">Em substitui\u00e7\u00e3o \u00e0 Prof\u00aa T\u00e2nia Ap. de Paula Linares<\/td>\n<td width=\"98\"><\/td>\n<td width=\"151\"><\/td>\n<\/tr>\n<tr>\n<td width=\"118\"><\/td>\n<td width=\"326\">20 aulas + 10 HTPs<\/td>\n<td width=\"98\">Manh\u00e3<\/td>\n<td width=\"151\">Galdina L. Segatto<\/td>\n<\/tr>\n<tr>\n<td width=\"118\">Projeto<\/td>\n<td width=\"326\">06 aulas \u2013 Ritmo e Movimento (livre)<\/td>\n<td width=\"98\">Tarde<\/td>\n<td width=\"151\">Jo\u00e3o B.R.Ribaldo<\/td>\n<\/tr>\n<tr>\n<td width=\"118\">Projeto<\/td>\n<td width=\"326\">02 aulas \u2013 Arte Recreativa<\/td>\n<td width=\"98\">Tarde<\/td>\n<td width=\"151\">Francisco Ribeiro<\/td>\n<\/tr>\n<tr>\n<td width=\"118\"><\/td>\n<td width=\"326\"><\/td>\n<td width=\"98\"><\/td>\n<td width=\"151\"><\/td>\n<\/tr>\n<\/tbody>\n<\/table>\n<p><strong>\u00a0<\/strong><\/p>\n<table width=\"0\">\n<tbody>\n<tr>\n<td width=\"141\"><strong>SALAS\/<br \/>\nDISCIPLINA<\/strong><\/td>\n<td width=\"300\"><strong>AULAS<\/strong><\/td>\n<td width=\"99\"><strong>PER\u00cdODO<\/strong><\/td>\n<td width=\"139\"><strong>EMEF<\/strong><\/td>\n<\/tr>\n<tr>\n<td width=\"141\">Hist\u00f3ria<\/td>\n<td width=\"300\">Em substitui\u00e7\u00e3o \u00e0 Prof\u00aa Ana Carolina Providello<\/p>\n<p>24 aulas + 12 HTPs<\/td>\n<td width=\"99\">Manh\u00e3<\/td>\n<td width=\"139\">CAIC<\/td>\n<\/tr>\n<tr>\n<td width=\"141\">\u00c9tica e Cidadania<\/td>\n<td width=\"300\">06 aulas + 3 HTPs<\/td>\n<td width=\"99\"><\/td>\n<td width=\"139\"><\/td>\n<\/tr>\n<tr>\n<td width=\"141\"><\/td>\n<td width=\"300\">Inicialmente 60 dias de afastamento<\/td>\n<td width=\"99\"><\/td>\n<td width=\"139\"><\/td>\n<\/tr>\n<tr>\n<td width=\"141\"><\/td>\n<td width=\"300\"><\/td>\n<td width=\"99\"><\/td>\n<td width=\"139\"><\/td>\n<\/tr>\n<tr>\n<td width=\"141\"><\/td>\n<td width=\"300\"><\/td>\n<td width=\"99\"><\/td>\n<td width=\"139\"><\/td>\n<\/tr>\n<\/tbody>\n<\/table>\n<p><strong>\u00a0<\/strong><\/p>\n<table width=\"0\">\n<tbody>\n<tr>\n<td width=\"118\"><strong>SALAS\/<br \/>\nDISCIPLINA<\/strong><\/td>\n<td width=\"327\"><strong>AULAS<\/strong><\/td>\n<td width=\"100\"><strong>PER\u00cdODO<\/strong><\/td>\n<td width=\"143\"><strong>EMEI<\/strong><\/td>\n<\/tr>\n<tr>\n<td width=\"118\">Projeto<\/td>\n<td width=\"327\">Em virtude da desist\u00eanica da Prof\u00aa M\u00e1rcia Maria Delsin Petrenas<\/p>\n<p>8 aulas + 4 Htps \u2013 Oficina Matem\u00e1tica<\/td>\n<td width=\"100\">Manh\u00e3<\/td>\n<td width=\"143\">R\u00f4mulo Bortolini<\/td>\n<\/tr>\n<tr>\n<td width=\"118\"><\/td>\n<td width=\"327\"><\/td>\n<td width=\"100\"><\/td>\n<td width=\"143\"><\/td>\n<\/tr>\n<tr>\n<td width=\"118\">Projeto<\/td>\n<td width=\"327\">Em virtude da desist\u00eancia da \u00a0Prof\u00aa Rivana Pereira da Silva<\/p>\n<p>8 aulas + 4 Htps &#8211; Oficina de Matem\u00e1tica<\/td>\n<td width=\"100\">Tarde<\/td>\n<td width=\"143\">R\u00f4mulo Bortolini<\/td>\n<\/tr>\n<tr>\n<td width=\"118\"><\/td>\n<td width=\"327\"><\/td>\n<td width=\"100\"><\/td>\n<td width=\"143\"><\/td>\n<\/tr>\n<tr>\n<td width=\"118\"><\/td>\n<td width=\"327\"><\/td>\n<td width=\"100\"><\/td>\n<td width=\"143\"><\/td>\n<\/tr>\n<tr>\n<td width=\"118\"><strong>SALAS\/<br \/>\nDISCIPLINA<\/strong><\/td>\n<td width=\"327\"><strong>AULAS<\/strong><\/td>\n<td width=\"100\"><strong>PER\u00cdODO<\/strong><\/td>\n<td width=\"143\"><strong>CRECHE\/EMEI<\/strong><\/td>\n<\/tr>\n<tr>\n<td width=\"118\"><\/td>\n<td width=\"327\"><\/td>\n<td width=\"100\"><\/td>\n<td width=\"143\"><\/td>\n<\/tr>\n<tr>\n<td width=\"118\">Sala de Apoio\/<\/p>\n<p>AEE<\/td>\n<td width=\"327\">&nbsp;<\/p>\n<p>Em virtude da desist\u00eancia da Prof\u00aa Taiza\u00a0 Danieli de Carvalho<\/p>\n<p>&nbsp;<\/p>\n<p>20 aulas + 10 HTPs<\/td>\n<td width=\"100\">Manh\u00e3<\/td>\n<td width=\"143\">Maria Am\u00e9lia<\/td>\n<\/tr>\n<tr>\n<td width=\"118\"><\/td>\n<td width=\"327\"><\/td>\n<td width=\"100\"><\/td>\n<td width=\"143\"><\/td>\n<\/tr>\n<tr>\n<td width=\"118\"><\/td>\n<td width=\"327\"><\/td>\n<td width=\"100\"><\/td>\n<td width=\"143\"><\/td>\n<\/tr>\n<tr>\n<td width=\"118\"><\/td>\n<td width=\"327\"><\/td>\n<td width=\"100\"><\/td>\n<td width=\"143\"><\/td>\n<\/tr>\n<\/tbody>\n<\/table>\n<p><strong>ANEXO II : <a href=\"http:\/\/www.santaritadopassaquatro.sp.gov.br\/portal\/wp-content\/uploads\/2021\/02\/Cronograma-de-atribuicao-2021.pdf\" target=\"_blank\" rel=\"noopener\">Cronograma de atribuicao 2021<\/a><\/strong><\/p>\n","protected":false},"excerpt":{"rendered":"<p>ATRIBUI\u00c7\u00c3O DE AULAS \u00a0 SALAS\/ DISCIPLINA AULAS PER\u00cdODO EMEF Educa\u00e7\u00e3o F\u00edsica Em substitui\u00e7\u00e3o ao Prof. Luciano D&#8217;avilla Pereira 16 aulas<\/p>\n","protected":false},"author":1,"featured_media":0,"comment_status":"closed","ping_status":"open","sticky":false,"template":"","format":"standard","meta":{"footnotes":""},"categories":[33],"tags":[],"class_list":["post-4328","post","type-post","status-publish","format-standard","hentry","category-atribuicao-de-aulas"],"_links":{"self":[{"href":"https:\/\/www.santaritadopassaquatro.sp.gov.br\/portal\/wp-json\/wp\/v2\/posts\/4328","targetHints":{"allow":["GET"]}}],"collection":[{"href":"https:\/\/www.santaritadopassaquatro.sp.gov.br\/portal\/wp-json\/wp\/v2\/posts"}],"about":[{"href":"https:\/\/www.santaritadopassaquatro.sp.gov.br\/portal\/wp-json\/wp\/v2\/types\/post"}],"author":[{"embeddable":true,"href":"https:\/\/www.santaritadopassaquatro.sp.gov.br\/portal\/wp-json\/wp\/v2\/users\/1"}],"replies":[{"embeddable":true,"href":"https:\/\/www.santaritadopassaquatro.sp.gov.br\/portal\/wp-json\/wp\/v2\/comments?post=4328"}],"version-history":[{"count":2,"href":"https:\/\/www.santaritadopassaquatro.sp.gov.br\/portal\/wp-json\/wp\/v2\/posts\/4328\/revisions"}],"predecessor-version":[{"id":4843,"href":"https:\/\/www.santaritadopassaquatro.sp.gov.br\/portal\/wp-json\/wp\/v2\/posts\/4328\/revisions\/4843"}],"wp:attachment":[{"href":"https:\/\/www.santaritadopassaquatro.sp.gov.br\/portal\/wp-json\/wp\/v2\/media?parent=4328"}],"wp:term":[{"taxonomy":"category","embeddable":true,"href":"https:\/\/www.santaritadopassaquatro.sp.gov.br\/portal\/wp-json\/wp\/v2\/categories?post=4328"},{"taxonomy":"post_tag","embeddable":true,"href":"https:\/\/www.santaritadopassaquatro.sp.gov.br\/portal\/wp-json\/wp\/v2\/tags?post=4328"}],"curies":[{"name":"wp","href":"https:\/\/api.w.org\/{rel}","templated":true}]}}