{"id":4332,"date":"2021-02-02T09:50:41","date_gmt":"2021-02-02T12:50:41","guid":{"rendered":"http:\/\/www.santaritadopassaquatro.sp.gov.br\/portal\/?p=4332"},"modified":"2021-06-28T20:56:18","modified_gmt":"2021-06-28T23:56:18","slug":"2a-chamada-para-matricula-2021","status":"publish","type":"post","link":"https:\/\/www.santaritadopassaquatro.sp.gov.br\/portal\/2a-chamada-para-matricula-2021\/","title":{"rendered":"2\u00aa CHAMADA PARA MATR\u00cdCULA 2021"},"content":{"rendered":"<p><strong>RESOLU\u00c7\u00c3O DEM 02\/2019 \u2013 \u201cLISTA \u00daNICA\u201d CRECHES MUNICIPAIS<\/strong><\/p>\n<p><strong>\u00a0<\/strong><\/p>\n<p><strong><u>2\u00aa CHAMADA PARA MATR\u00cdCULA 2021 \u2013<\/u><\/strong><\/p>\n<p><strong>\u00a0<\/strong><\/p>\n<p><strong>\u00a0\u00a0\u00a0\u00a0\u00a0\u00a0\u00a0\u00a0\u00a0\u00a0\u00a0 <\/strong>Os respons\u00e1veis pelas crian\u00e7as contempladas pelas vagas, dever\u00e3o comparecer ao <strong><u>Departamento de Educa\u00e7\u00e3o<\/u><\/strong>, no dia 03 de FEVEREIRO\/2021 de 08:00 \u00e0s 11:00 e de 13:00 \u00e0s 16:00 hs, para serem direcionados para as Unidades de Creches.<\/p>\n<p>&nbsp;<\/p>\n<p>O atendimento funcionar\u00e1 da seguinte maneira:<strong>\u00a0\u00a0\u00a0\u00a0\u00a0\u00a0 <\/strong><\/p>\n<p><strong>\u00a0<\/strong><\/p>\n<p><strong>MI- (nascidos 01\/04\/2018 \u00a0\u00e0 31\/03\/2019)<\/strong><\/p>\n<p><strong>\u00a0<\/strong><\/p>\n<p><strong>\u00a0\u00a0\u00a0\u00a0\u00a0\u00a0\u00a0\u00a0\u00a0\u00a0\u00a0 <\/strong>Ser\u00e1 entregue uma <strong><u>senha conforme a ordem de cadastro na lista de chamada<\/u><\/strong>, desde que o respons\u00e1vel chegue no hor\u00e1rio estipulado. Caso compare\u00e7a ap\u00f3s o hor\u00e1rio marcado, a escolha da vaga ocorrer\u00e1 no final do hor\u00e1rio para o qual foi chamado.<\/p>\n<p>Na ocasi\u00e3o, dever\u00e3o estar munidos da <strong>certid\u00e3o de nascimento da crian\u00e7a e documento de identidade dos pais\/respons\u00e1veis com foto.<\/strong><\/p>\n<p>Ap\u00f3s o direcionamento da vaga no Departamento de Educa\u00e7\u00e3o os respons\u00e1veis ter\u00e3o um prazo de <strong><u>10 (dez) dias para efetiva\u00e7\u00e3o da matr\u00edcula na creche.<\/u><\/strong><\/p>\n<p>A n\u00e3o efetiva\u00e7\u00e3o da matr\u00edcula no prazo estipulado ser\u00e1 considerada manifesta\u00e7\u00e3o de desinteresse e o nome da crian\u00e7a ser\u00e1 retirado da <strong>Lista \u00danica<\/strong>.<\/p>\n<p>Os respons\u00e1veis dos contemplados pelas vagas, que n\u00e3o tiverem mais interesse pela mesma, dever\u00e3o comparecer a este Departamento para assinar o <strong>TERMO DE DESIST\u00caNCIA<\/strong>.<\/p>\n<p>&nbsp;<\/p>\n<p>PROTOCOLOS DEVIDO AO COVID-19 \u2013 Uso de m\u00e1scara<\/p>\n<p>Somente uma pessoa da fam\u00edlia<\/p>\n<p>Seguir rigorosamente o hor\u00e1rio marcado, n\u00e3o chegar com anteced\u00eancia, pois iremos seguir \u00a0a ordem da lista \u00fanica.<\/p>\n<p>&nbsp;<\/p>\n<p>&nbsp;<\/p>\n<p>Departamento de Educa\u00e7\u00e3o \u2013 Av. Severino Meirelles, n\u00ba 1.230 \u2013 Centro \u2013 Tel: 35828540<\/p>\n<p>&nbsp;<\/p>\n<table width=\"0\">\n<tbody>\n<tr>\n<td width=\"71\"><strong>\u00a0<\/strong><\/td>\n<td colspan=\"4\" width=\"553\"><strong>MATERNAL I- nascidos de 01\/04\/2018 \u00e0 31\/03\/2019<\/strong><\/td>\n<\/tr>\n<tr>\n<td width=\"71\"><strong>data solicita\u00e7\u00e3o da vaga<\/strong><\/td>\n<td width=\"51\"><strong>Posi\u00e7\u00e3o<\/strong><\/td>\n<td width=\"235\"><strong>Crian\u00e7a<\/strong><\/td>\n<td width=\"72\"><strong>data nasc.<\/strong><\/td>\n<td width=\"196\"><strong>Respons\u00e1vel<\/strong><\/td>\n<\/tr>\n<tr>\n<td width=\"71\"><strong>24\/04\/2019<\/strong><\/td>\n<td width=\"51\"><strong>1<\/strong><\/td>\n<td width=\"235\"><strong>Estela Valentina M. Fioretti<\/strong><strong>(2\u00ba decl\u00ednio)<\/strong><\/td>\n<td width=\"72\"><strong>21\/11\/2018<\/strong><\/td>\n<td width=\"196\"><strong>Victoria Maria ata\u00edde de Morais<\/strong><\/td>\n<\/tr>\n<tr>\n<td width=\"71\"><strong>20\/05\/2019<\/strong><\/td>\n<td width=\"51\"><strong>2<\/strong><\/td>\n<td width=\"235\"><strong>Jo\u00e3o Alexandre M. Galan<\/strong><strong>(2\u00ba declinio)<\/strong><\/td>\n<td width=\"72\"><strong>10\/05\/2018<\/strong><\/td>\n<td width=\"196\"><strong>Bruna Rafaela Marques<\/strong><\/td>\n<\/tr>\n<tr>\n<td width=\"71\"><strong>05\/06\/2019<\/strong><\/td>\n<td width=\"51\"><strong>3<\/strong><\/td>\n<td width=\"235\"><strong>Theo Lafemina Celso <\/strong><strong>(1\u00ba decl\u00ednio)<\/strong><\/td>\n<td width=\"72\"><strong>01\/07\/2018<\/strong><\/td>\n<td width=\"196\"><strong>Karoline Lafemina<\/strong><\/td>\n<\/tr>\n<tr>\n<td width=\"71\"><strong>10\/06\/2019<\/strong><\/td>\n<td width=\"51\"><strong>4<\/strong><\/td>\n<td width=\"235\"><strong>Daniel Rosa de Azevedo<\/strong><strong>(1\u00ba decl\u00ednio)<\/strong><\/td>\n<td width=\"72\"><strong>10\/07\/2018<\/strong><\/td>\n<td width=\"196\"><strong>Luana Cristina Pedro Rosa<\/strong><\/td>\n<\/tr>\n<tr>\n<td width=\"71\"><strong>02\/07\/2019<\/strong><\/td>\n<td width=\"51\"><strong>5<\/strong><\/td>\n<td width=\"235\"><strong>Isaque Vinicius Ferreira Paisinho<\/strong><strong>(1\u00ba decl\u00ednio)<\/strong><\/td>\n<td width=\"72\"><strong>16\/09\/2018<\/strong><\/td>\n<td width=\"196\"><strong>Estefani Vitoria Pulmocena Ferreira<\/strong><\/td>\n<\/tr>\n<tr>\n<td width=\"71\"><strong>10\/07\/2019<\/strong><\/td>\n<td width=\"51\"><strong>6<\/strong><\/td>\n<td width=\"235\"><strong>Alana Carollina de Souza Lima<\/strong><strong>(1\u00ba decl\u00ednio)<\/strong><\/td>\n<td width=\"72\"><strong>12\/09\/2018<\/strong><\/td>\n<td width=\"196\"><strong>Livia Cristina dos santos Souza<\/strong><\/td>\n<\/tr>\n<tr>\n<td width=\"71\"><strong>15\/07\/2019<\/strong><\/td>\n<td width=\"51\"><strong>7<\/strong><\/td>\n<td width=\"235\"><strong>Olavo Jos\u00e9 Correa<\/strong><strong>(1\u00ba decl\u00ednio)<\/strong><\/td>\n<td width=\"72\"><strong>18\/03\/2019<\/strong><\/td>\n<td width=\"196\"><strong>Karen Cristina Fernandes<\/strong><\/td>\n<\/tr>\n<tr>\n<td width=\"71\"><strong>09\/08\/2019<\/strong><\/td>\n<td width=\"51\"><strong>8<\/strong><\/td>\n<td width=\"235\"><strong>Sofia Helena Martins Bastos<\/strong><strong>(1\u00ba decl\u00ednio)<\/strong><\/td>\n<td width=\"72\"><strong>27\/11\/2018<\/strong><\/td>\n<td width=\"196\"><strong>Bruna Martins Bastos<\/strong><\/td>\n<\/tr>\n<tr>\n<td width=\"71\"><strong>30\/08\/2019<\/strong><\/td>\n<td width=\"51\"><strong>9<\/strong><\/td>\n<td width=\"235\"><strong>Ol\u00edvia Barbar\u00e1 Delgado<\/strong><strong>(1\u00ba decl\u00ednio)<\/strong><\/td>\n<td width=\"72\"><strong>27\/02\/2019<\/strong><\/td>\n<td width=\"196\"><strong>Mariana Paes Barbar\u00e1<\/strong><\/td>\n<\/tr>\n<tr>\n<td width=\"71\"><strong>03\/09\/2019<\/strong><\/td>\n<td width=\"51\"><strong>10<\/strong><\/td>\n<td width=\"235\"><strong>Chiara Melinda Chaves<\/strong><strong>(1\u00ba decl\u00ednio)<\/strong><\/td>\n<td width=\"72\"><strong>29\/11\/2018<\/strong><\/td>\n<td width=\"196\"><strong>Michaela Fernanda aparecido<\/strong><\/td>\n<\/tr>\n<tr>\n<td width=\"71\"><strong>18\/09\/2019<\/strong><\/td>\n<td width=\"51\"><strong>11<\/strong><\/td>\n<td width=\"235\"><strong>David Soares de Souza<\/strong><strong>(1\u00ba decl\u00ednio)<\/strong><\/td>\n<td width=\"72\"><strong>16\/11\/2018<\/strong><\/td>\n<td width=\"196\"><strong>Bruna Soares Tavares Souza<\/strong><\/td>\n<\/tr>\n<tr>\n<td width=\"71\"><strong>18\/09\/2019<\/strong><\/td>\n<td width=\"51\"><strong>12<\/strong><\/td>\n<td width=\"235\"><strong>Mallu Eduarda Gomes Rom\u00e3o<\/strong><strong>(1\u00ba decl\u00ednio)<\/strong><\/td>\n<td width=\"72\"><strong>12\/06\/2018<\/strong><\/td>\n<td width=\"196\"><strong>Aline Gomes<\/strong><\/td>\n<\/tr>\n<tr>\n<td width=\"71\"><strong>10\/10\/2019<\/strong><\/td>\n<td width=\"51\"><strong>13<\/strong><\/td>\n<td width=\"235\"><strong>Laura Hellena Sim\u00e3o Cabral<\/strong><\/td>\n<td width=\"72\"><strong>03\/03\/2019<\/strong><\/td>\n<td width=\"196\"><strong>Carolina Gabriela Sim\u00e3o<\/strong><\/td>\n<\/tr>\n<tr>\n<td width=\"71\"><strong>21\/10\/2019<\/strong><\/td>\n<td width=\"51\"><strong>14<\/strong><\/td>\n<td width=\"235\"><strong>Mirela Vitoria Correia Lacunza<\/strong><\/td>\n<td width=\"72\"><strong>21\/05\/2018<\/strong><\/td>\n<td width=\"196\"><strong>Luzia Tatiane C. Perilli Lacunza<\/strong><\/td>\n<\/tr>\n<\/tbody>\n<\/table>\n<p>&nbsp;<\/p>\n<ul>\n<li><a href=\"http:\/\/www.santaritadopassaquatro.sp.gov.br\/portal\/wp-content\/uploads\/2021\/02\/lista-de-espera-2021-oficial-270121.pdf\" target=\"_blank\" rel=\"noopener\">Lista de espera 2021 oficial 270121<\/a><\/li>\n<\/ul>\n<p>&nbsp;<\/p>\n<p>&nbsp;<\/p>\n<p>Santa Rita do Passa Quatro, 27\/01\/2021<\/p>\n","protected":false},"excerpt":{"rendered":"<p>RESOLU\u00c7\u00c3O DEM 02\/2019 \u2013 \u201cLISTA \u00daNICA\u201d CRECHES MUNICIPAIS \u00a0 2\u00aa CHAMADA PARA MATR\u00cdCULA 2021 \u2013 \u00a0 \u00a0\u00a0\u00a0\u00a0\u00a0\u00a0\u00a0\u00a0\u00a0\u00a0\u00a0 Os respons\u00e1veis pelas<\/p>\n","protected":false},"author":1,"featured_media":0,"comment_status":"closed","ping_status":"open","sticky":false,"template":"","format":"standard","meta":{"footnotes":""},"categories":[48,28],"tags":[],"class_list":["post-4332","post","type-post","status-publish","format-standard","hentry","category-featured","category-educacao"],"_links":{"self":[{"href":"https:\/\/www.santaritadopassaquatro.sp.gov.br\/portal\/wp-json\/wp\/v2\/posts\/4332","targetHints":{"allow":["GET"]}}],"collection":[{"href":"https:\/\/www.santaritadopassaquatro.sp.gov.br\/portal\/wp-json\/wp\/v2\/posts"}],"about":[{"href":"https:\/\/www.santaritadopassaquatro.sp.gov.br\/portal\/wp-json\/wp\/v2\/types\/post"}],"author":[{"embeddable":true,"href":"https:\/\/www.santaritadopassaquatro.sp.gov.br\/portal\/wp-json\/wp\/v2\/users\/1"}],"replies":[{"embeddable":true,"href":"https:\/\/www.santaritadopassaquatro.sp.gov.br\/portal\/wp-json\/wp\/v2\/comments?post=4332"}],"version-history":[{"count":1,"href":"https:\/\/www.santaritadopassaquatro.sp.gov.br\/portal\/wp-json\/wp\/v2\/posts\/4332\/revisions"}],"predecessor-version":[{"id":4334,"href":"https:\/\/www.santaritadopassaquatro.sp.gov.br\/portal\/wp-json\/wp\/v2\/posts\/4332\/revisions\/4334"}],"wp:attachment":[{"href":"https:\/\/www.santaritadopassaquatro.sp.gov.br\/portal\/wp-json\/wp\/v2\/media?parent=4332"}],"wp:term":[{"taxonomy":"category","embeddable":true,"href":"https:\/\/www.santaritadopassaquatro.sp.gov.br\/portal\/wp-json\/wp\/v2\/categories?post=4332"},{"taxonomy":"post_tag","embeddable":true,"href":"https:\/\/www.santaritadopassaquatro.sp.gov.br\/portal\/wp-json\/wp\/v2\/tags?post=4332"}],"curies":[{"name":"wp","href":"https:\/\/api.w.org\/{rel}","templated":true}]}}