{"id":4346,"date":"2021-02-05T13:01:35","date_gmt":"2021-02-05T16:01:35","guid":{"rendered":"http:\/\/www.santaritadopassaquatro.sp.gov.br\/portal\/?p=4346"},"modified":"2021-02-05T19:22:30","modified_gmt":"2021-02-05T22:22:30","slug":"lista-de-vacinados-contra-o-covid-19","status":"publish","type":"post","link":"https:\/\/www.santaritadopassaquatro.sp.gov.br\/portal\/lista-de-vacinados-contra-o-covid-19\/","title":{"rendered":"Lista de vacinados contra o Covid-19"},"content":{"rendered":"<p>A divulga\u00e7\u00e3o da lista de vacinados tem como prop\u00f3sito, assegurar o controle social na aplica\u00e7\u00e3o aos segmentos priorit\u00e1rios definidos pelo Minist\u00e9rio da Sa\u00fade e dar transpar\u00eancia (art. 37CF) a todo o processo.<\/p>\n<p>A lista, traz o nome da pessoa vacinada, o cargo que ocupa e a unidade de sa\u00fade p\u00fablica ou privada em que exerce a atividade que justifica a sua prioriza\u00e7\u00e3o, nos termos do Plano Nacional de Operacionaliza\u00e7\u00e3o da Vacina\u00e7\u00e3o Contra o Covid-19.<\/p>\n<p><strong>A lista pode ser conferida nos links abaixo:<\/strong><\/p>\n<ul style=\"list-style-type: circle;\">\n<li><a href=\"http:\/\/www.santaritadopassaquatro.sp.gov.br\/portal\/wp-content\/uploads\/2021\/02\/Anexo-08-LISTA-CORONAVAC-371.pdf\" target=\"_blank\" rel=\"noopener\">LISTA CORONAVAC &#8211; 371<\/a><\/li>\n<li><a href=\"http:\/\/www.santaritadopassaquatro.sp.gov.br\/portal\/wp-content\/uploads\/2021\/02\/LISTA-ASTRAZENECA.pdf\" target=\"_blank\" rel=\"noopener\">LISTA ASTRAZENECA<\/a><\/li>\n<\/ul>\n","protected":false},"excerpt":{"rendered":"<p>A divulga\u00e7\u00e3o da lista de vacinados tem como prop\u00f3sito, assegurar o controle social na aplica\u00e7\u00e3o aos segmentos priorit\u00e1rios definidos pelo<\/p>\n","protected":false},"author":1,"featured_media":4347,"comment_status":"closed","ping_status":"open","sticky":false,"template":"","format":"standard","meta":{"footnotes":""},"categories":[40,58],"tags":[],"class_list":["post-4346","post","type-post","status-publish","format-standard","has-post-thumbnail","hentry","category-covid-19","category-health"],"_links":{"self":[{"href":"https:\/\/www.santaritadopassaquatro.sp.gov.br\/portal\/wp-json\/wp\/v2\/posts\/4346","targetHints":{"allow":["GET"]}}],"collection":[{"href":"https:\/\/www.santaritadopassaquatro.sp.gov.br\/portal\/wp-json\/wp\/v2\/posts"}],"about":[{"href":"https:\/\/www.santaritadopassaquatro.sp.gov.br\/portal\/wp-json\/wp\/v2\/types\/post"}],"author":[{"embeddable":true,"href":"https:\/\/www.santaritadopassaquatro.sp.gov.br\/portal\/wp-json\/wp\/v2\/users\/1"}],"replies":[{"embeddable":true,"href":"https:\/\/www.santaritadopassaquatro.sp.gov.br\/portal\/wp-json\/wp\/v2\/comments?post=4346"}],"version-history":[{"count":2,"href":"https:\/\/www.santaritadopassaquatro.sp.gov.br\/portal\/wp-json\/wp\/v2\/posts\/4346\/revisions"}],"predecessor-version":[{"id":4358,"href":"https:\/\/www.santaritadopassaquatro.sp.gov.br\/portal\/wp-json\/wp\/v2\/posts\/4346\/revisions\/4358"}],"wp:featuredmedia":[{"embeddable":true,"href":"https:\/\/www.santaritadopassaquatro.sp.gov.br\/portal\/wp-json\/wp\/v2\/media\/4347"}],"wp:attachment":[{"href":"https:\/\/www.santaritadopassaquatro.sp.gov.br\/portal\/wp-json\/wp\/v2\/media?parent=4346"}],"wp:term":[{"taxonomy":"category","embeddable":true,"href":"https:\/\/www.santaritadopassaquatro.sp.gov.br\/portal\/wp-json\/wp\/v2\/categories?post=4346"},{"taxonomy":"post_tag","embeddable":true,"href":"https:\/\/www.santaritadopassaquatro.sp.gov.br\/portal\/wp-json\/wp\/v2\/tags?post=4346"}],"curies":[{"name":"wp","href":"https:\/\/api.w.org\/{rel}","templated":true}]}}