{"id":435,"date":"2019-01-25T11:08:49","date_gmt":"2019-01-25T13:08:49","guid":{"rendered":"http:\/\/www.santaritadopassaquatro.sp.gov.br\/portal\/?p=435"},"modified":"2019-01-25T11:08:49","modified_gmt":"2019-01-25T13:08:49","slug":"ubs-pedro-franco-de-oliveira-foi-inaugurada-no-final-de-2018","status":"publish","type":"post","link":"https:\/\/www.santaritadopassaquatro.sp.gov.br\/portal\/ubs-pedro-franco-de-oliveira-foi-inaugurada-no-final-de-2018\/","title":{"rendered":"UBS Pedro Franco de Oliveira foi inaugurada no final de 2018"},"content":{"rendered":"<p><strong><em>Unidade de Sa\u00fade no bairro Lagoinha j\u00e1 est\u00e1 atendendo a popula\u00e7\u00e3o desde o in\u00edcio de dezembro <\/em><\/strong><\/p>\n<p><strong><em>\u00a0<\/em><\/strong><\/p>\n<figure id=\"attachment_436\" aria-describedby=\"caption-attachment-436\" style=\"width: 300px\" class=\"wp-caption alignleft\"><img decoding=\"async\" class=\"wp-image-436 size-medium\" src=\"http:\/\/www.santaritadopassaquatro.sp.gov.br\/portal\/wp-content\/uploads\/2019\/01\/Inaugura_UBS_pedro_Franco_w-300x200.jpg\" alt=\"\" width=\"300\" height=\"200\" srcset=\"https:\/\/www.santaritadopassaquatro.sp.gov.br\/portal\/wp-content\/uploads\/2019\/01\/Inaugura_UBS_pedro_Franco_w-300x200.jpg 300w, https:\/\/www.santaritadopassaquatro.sp.gov.br\/portal\/wp-content\/uploads\/2019\/01\/Inaugura_UBS_pedro_Franco_w.jpg 600w\" sizes=\"(max-width: 300px) 100vw, 300px\" \/><figcaption id=\"caption-attachment-436\" class=\"wp-caption-text\"><span style=\"color: #999999;\"><strong><em>Descerramento da placa inaugural da UBS Pedro Franco de Oliveira, no bairro Lagoinha (AssCom\/Divulga\u00e7\u00e3o)<\/em><\/strong><\/span><\/figcaption><\/figure>\n<p><em>[Sta. Rita do P. Quatro &#8211; 9\/1\/19]<\/em> &#8211; O prefeito de Santa Rita do Passa Quatro, Leandro Luciano dos Santos, inaugurou no final de dezembro de 2018 a UBS (Unidade B\u00e1sica de Sa\u00fade) Pedro Franco de Oliveira, no Jardim Lagoinha. A solenidade aconteceu no dia 27\/12, no per\u00edodo da manh\u00e3, com a presen\u00e7a tamb\u00e9m da vice-prefeita Maria Rita Mondim de Oliveira, dos vereadores Lucas Comin, Kleber Borotto e Bariotto, al\u00e9m de diretores municipais e muitos familiares do homenageado.<\/p>\n<p>A cerim\u00f4nia foi iniciada pela diretora do Departamento Municipal de Sa\u00fade, Renata Barioni Bonif\u00e1cio. Em seguida, fizeram uso da palavra a vice-prefeita, o prefeito e, representado a fam\u00edlia, a neta do homenageando, Maria J\u00falia Ugatis. Em seus discursos todos prestarem rever\u00eancia a Pedro Franco de Oliveira, um dos mais tradicionais profissionais farmac\u00eauticos da cidade, um homem que dedicou a sua vida \u00e0 sa\u00fade e hoje empresta seu nome a unidade.<\/p>\n<p>A UBS Pedro Franco de Oliveira j\u00e1 est\u00e1 em funcionamento desde o \u00faltimo dia 3\/12, segunda-feira, com atendimento \u00e0 popula\u00e7\u00e3o que era realizado na UBS Jos\u00e9 Rodrigues Palhares (Postinho), que entrar\u00e1 em reforma a partir de janeiro. Localizada na Rua Paulo Comin, s\/n (pr\u00f3ximo \u00e0 Creche da Lagoinha), a nova UBS j\u00e1 recebe procedimentos como consultas e exames.<\/p>\n<figure id=\"attachment_437\" aria-describedby=\"caption-attachment-437\" style=\"width: 300px\" class=\"wp-caption alignright\"><img decoding=\"async\" class=\"wp-image-437 size-medium\" src=\"http:\/\/www.santaritadopassaquatro.sp.gov.br\/portal\/wp-content\/uploads\/2019\/01\/13_inagura_UBS_pedro_franco-300x200.jpg\" alt=\"\" width=\"300\" height=\"200\" srcset=\"https:\/\/www.santaritadopassaquatro.sp.gov.br\/portal\/wp-content\/uploads\/2019\/01\/13_inagura_UBS_pedro_franco-300x200.jpg 300w, https:\/\/www.santaritadopassaquatro.sp.gov.br\/portal\/wp-content\/uploads\/2019\/01\/13_inagura_UBS_pedro_franco-768x512.jpg 768w, https:\/\/www.santaritadopassaquatro.sp.gov.br\/portal\/wp-content\/uploads\/2019\/01\/13_inagura_UBS_pedro_franco.jpg 900w\" sizes=\"(max-width: 300px) 100vw, 300px\" \/><figcaption id=\"caption-attachment-437\" class=\"wp-caption-text\"><span style=\"color: #999999;\"><strong><em>Autoridades e familiares presentes na solenidade realizada no final de dezembro (AssCom\/Divulga\u00e7\u00e3o)<\/em><\/strong><\/span><\/figcaption><\/figure>\n<p>A unidade \u00e9 uma das\u00a0tr\u00eas novas constru\u00eddas pelo governo municipal nos \u00faltimo anos, atrav\u00e9s de conv\u00eanio com o Governo Federal &#8212; recursos do PAC 2 (Plano de Acelera\u00e7\u00e3o do Crescimento). Duas delas, j\u00e1 conclu\u00eddas, est\u00e3o em plena atividade atrav\u00e9s do programas Sa\u00fade da Fam\u00edlia. A UBS Dr. Miguel Bello, no Jardim S\u00e3o Luiz, e a UBS Dulce Rodrigues de Campos, no Distrito de Santa Cruz da Estrela.<\/p>\n<p>&nbsp;<\/p>\n<p><em>\u00a0<\/em><\/p>\n","protected":false},"excerpt":{"rendered":"<p>Unidade de Sa\u00fade no bairro Lagoinha j\u00e1 est\u00e1 atendendo a popula\u00e7\u00e3o desde o in\u00edcio de dezembro \u00a0 [Sta. Rita do<\/p>\n","protected":false},"author":1,"featured_media":0,"comment_status":"open","ping_status":"open","sticky":false,"template":"","format":"standard","meta":{"footnotes":""},"categories":[58],"tags":[],"class_list":["post-435","post","type-post","status-publish","format-standard","hentry","category-health"],"_links":{"self":[{"href":"https:\/\/www.santaritadopassaquatro.sp.gov.br\/portal\/wp-json\/wp\/v2\/posts\/435","targetHints":{"allow":["GET"]}}],"collection":[{"href":"https:\/\/www.santaritadopassaquatro.sp.gov.br\/portal\/wp-json\/wp\/v2\/posts"}],"about":[{"href":"https:\/\/www.santaritadopassaquatro.sp.gov.br\/portal\/wp-json\/wp\/v2\/types\/post"}],"author":[{"embeddable":true,"href":"https:\/\/www.santaritadopassaquatro.sp.gov.br\/portal\/wp-json\/wp\/v2\/users\/1"}],"replies":[{"embeddable":true,"href":"https:\/\/www.santaritadopassaquatro.sp.gov.br\/portal\/wp-json\/wp\/v2\/comments?post=435"}],"version-history":[{"count":0,"href":"https:\/\/www.santaritadopassaquatro.sp.gov.br\/portal\/wp-json\/wp\/v2\/posts\/435\/revisions"}],"wp:attachment":[{"href":"https:\/\/www.santaritadopassaquatro.sp.gov.br\/portal\/wp-json\/wp\/v2\/media?parent=435"}],"wp:term":[{"taxonomy":"category","embeddable":true,"href":"https:\/\/www.santaritadopassaquatro.sp.gov.br\/portal\/wp-json\/wp\/v2\/categories?post=435"},{"taxonomy":"post_tag","embeddable":true,"href":"https:\/\/www.santaritadopassaquatro.sp.gov.br\/portal\/wp-json\/wp\/v2\/tags?post=435"}],"curies":[{"name":"wp","href":"https:\/\/api.w.org\/{rel}","templated":true}]}}