{"id":4354,"date":"2021-02-05T18:07:16","date_gmt":"2021-02-05T21:07:16","guid":{"rendered":"http:\/\/www.santaritadopassaquatro.sp.gov.br\/portal\/?p=4354"},"modified":"2021-06-28T20:38:11","modified_gmt":"2021-06-28T23:38:11","slug":"atribuicao-de-aulas-21","status":"publish","type":"post","link":"https:\/\/www.santaritadopassaquatro.sp.gov.br\/portal\/atribuicao-de-aulas-21\/","title":{"rendered":"ATRIBUI\u00c7\u00c3O DE AULAS"},"content":{"rendered":"<p>ATRIBUI\u00c7\u00c3O DE AULAS<\/p>\n<table width=\"680\">\n<tbody>\n<tr>\n<td width=\"116\"><strong>SALAS\/<br \/>\nDISCIPLINA<\/strong><\/td>\n<td width=\"326\"><strong>AULAS<\/strong><\/td>\n<td width=\"99\"><strong>PER\u00cdODO<\/strong><\/td>\n<td width=\"139\"><strong>EMEF<\/strong><\/td>\n<\/tr>\n<tr>\n<td width=\"116\">Educa\u00e7\u00e3o F\u00edsica<\/td>\n<td width=\"326\">Em substitui\u00e7\u00e3o ao Prof. Luciano D&#8217;avilla<br \/>\nPereira<\/td>\n<td width=\"99\"><\/td>\n<td width=\"139\"><\/td>\n<\/tr>\n<tr>\n<td width=\"116\"><\/td>\n<td width=\"326\">16 aulas + 8 HTPs \u2013 do 1\u00ba ao 4\u00ba ano<\/td>\n<td width=\"99\">Manh\u00e3<\/td>\n<td width=\"139\">CAIC<\/td>\n<\/tr>\n<tr>\n<td width=\"116\"><\/td>\n<td width=\"326\">04 aulas + 2 HTPS &#8211; 1\u00ba ano &#8220;A&#8221; &#8211; 1\u00ba ano&#8221; B&#8221;<\/td>\n<td width=\"99\">Manh\u00e3<\/td>\n<td width=\"139\">Francisco Ribeiro<\/td>\n<\/tr>\n<tr>\n<td width=\"116\"><\/td>\n<td width=\"326\">04 aulas &#8211; 1\u00ba ano &#8220;C&#8221; e 2\u00ba ano &#8220;C&#8221;<\/td>\n<td width=\"99\">Tarde<\/td>\n<td width=\"139\">Francisco Ribeiro<\/td>\n<\/tr>\n<tr>\n<td width=\"116\"><\/td>\n<td width=\"326\">02 aulas (livres) &#8211; 2\u00ba ano &#8220;B&#8221;<\/td>\n<td width=\"99\">Manh\u00e3<\/td>\n<td width=\"139\">Francisco Ribeiro<\/td>\n<\/tr>\n<tr>\n<td width=\"116\"><\/td>\n<td width=\"326\"><\/td>\n<td width=\"99\"><\/td>\n<td width=\"139\"><\/td>\n<\/tr>\n<\/tbody>\n<\/table>\n<table width=\"680\">\n<tbody>\n<tr>\n<td width=\"116\"><strong>SALAS\/<br \/>\nDISCIPLINA<\/strong><\/td>\n<td width=\"326\"><strong>AULAS<\/strong><\/td>\n<td width=\"99\"><strong>PER\u00cdODO<\/strong><\/td>\n<td width=\"139\"><strong>EMEF<\/strong><\/td>\n<\/tr>\n<tr>\n<td width=\"116\">Arte<\/td>\n<td width=\"326\">Em substitui\u00e7\u00e3o \u00e0 Prof\u00aa Angela Maria Pereira<\/td>\n<td width=\"99\">Manh\u00e3<\/td>\n<td width=\"139\">CAIC<\/td>\n<\/tr>\n<tr>\n<td width=\"116\"><\/td>\n<td width=\"326\">20 aulas + 10 HTPs \u2013 1\u00ba ao 5\u00ba ano<\/p>\n<p>&nbsp;<\/td>\n<td width=\"99\"><\/td>\n<td width=\"139\"><\/td>\n<\/tr>\n<tr>\n<td width=\"116\">Projeto<\/td>\n<td width=\"326\">Em substitui\u00e7\u00e3o \u00e0 Prof\u00aa Gisele Arantes<\/td>\n<td width=\"99\">Tarde<\/td>\n<td width=\"139\">Francisco Ribeiro<\/td>\n<\/tr>\n<tr>\n<td width=\"116\"><\/td>\n<td width=\"326\">10 aulas \u2013 Arte Recreativa<\/td>\n<td width=\"99\"><\/td>\n<td width=\"139\"><\/td>\n<\/tr>\n<tr>\n<td width=\"116\"><\/td>\n<td width=\"326\"><\/td>\n<td width=\"99\"><\/td>\n<td width=\"139\"><\/td>\n<\/tr>\n<\/tbody>\n<\/table>\n<table width=\"680\">\n<tbody>\n<tr>\n<td width=\"116\"><strong>SALAS\/<br \/>\nDISCIPLINA<\/strong><\/td>\n<td width=\"326\"><strong>AULAS<\/strong><\/td>\n<td width=\"99\"><strong>PER\u00cdODO<\/strong><\/td>\n<td width=\"139\"><strong>EMEF<\/strong><\/td>\n<\/tr>\n<tr>\n<td width=\"116\">Arte<\/td>\n<td width=\"326\">Em substitui\u00e7\u00e3o \u00e0 Prof\u00aa Shaiene Aparecida dos Santos<\/td>\n<td width=\"99\">Tarde<\/td>\n<td width=\"139\">Madre Carmelita<\/td>\n<\/tr>\n<tr>\n<td width=\"116\"><\/td>\n<td width=\"326\">20 aulas + 10 HTPs \u2013 1\u00ba ao 5\u00ba ano<\/p>\n<p>&nbsp;<\/td>\n<td width=\"99\"><\/td>\n<td width=\"139\"><\/td>\n<\/tr>\n<tr>\n<td width=\"116\"><\/td>\n<td width=\"326\"><\/td>\n<td width=\"99\"><\/td>\n<td width=\"139\"><\/td>\n<\/tr>\n<\/tbody>\n<\/table>\n<table width=\"680\">\n<tbody>\n<tr>\n<td width=\"116\"><strong>SALAS\/<br \/>\nDISCIPLINA<\/strong><\/td>\n<td width=\"326\"><strong>AULAS<\/strong><\/td>\n<td width=\"99\"><strong>PER\u00cdODO<\/strong><\/td>\n<td width=\"139\"><strong>EMEF<\/strong><\/td>\n<\/tr>\n<tr>\n<td width=\"116\">Arte<\/td>\n<td width=\"326\">Em virtude da exonera\u00e7\u00e3o da\u00a0 Prof\u00aa Juliana Santos Sameshima<\/td>\n<td width=\"99\">Manh\u00e3<\/td>\n<td width=\"139\">Madre Carmelita<\/td>\n<\/tr>\n<tr>\n<td width=\"116\">Projeto<\/td>\n<td width=\"326\">20 aulas + 10 HTPs \u2013 1\u00ba ao 5\u00ba ano<\/p>\n<p>9 aulas \u2013 Atividades Manuais<\/td>\n<td width=\"99\">Tarde<\/td>\n<td width=\"139\">J.Baptista(Estrela)<\/td>\n<\/tr>\n<tr>\n<td width=\"116\"><\/td>\n<td width=\"326\"><\/td>\n<td width=\"99\"><\/td>\n<td width=\"139\"><\/td>\n<\/tr>\n<\/tbody>\n<\/table>\n<p>Anexo: <a href=\"http:\/\/www.santaritadopassaquatro.sp.gov.br\/portal\/wp-content\/uploads\/2021\/02\/Cronograma-de-atribuicao-2021-1.pdf\">Cronograma de atribuicao 2021<\/a><\/p>\n","protected":false},"excerpt":{"rendered":"<p>ATRIBUI\u00c7\u00c3O DE AULAS SALAS\/ DISCIPLINA AULAS PER\u00cdODO EMEF Educa\u00e7\u00e3o F\u00edsica Em substitui\u00e7\u00e3o ao Prof. Luciano D&#8217;avilla Pereira 16 aulas +<\/p>\n","protected":false},"author":1,"featured_media":0,"comment_status":"closed","ping_status":"open","sticky":false,"template":"","format":"standard","meta":{"footnotes":""},"categories":[33],"tags":[],"class_list":["post-4354","post","type-post","status-publish","format-standard","hentry","category-atribuicao-de-aulas"],"_links":{"self":[{"href":"https:\/\/www.santaritadopassaquatro.sp.gov.br\/portal\/wp-json\/wp\/v2\/posts\/4354","targetHints":{"allow":["GET"]}}],"collection":[{"href":"https:\/\/www.santaritadopassaquatro.sp.gov.br\/portal\/wp-json\/wp\/v2\/posts"}],"about":[{"href":"https:\/\/www.santaritadopassaquatro.sp.gov.br\/portal\/wp-json\/wp\/v2\/types\/post"}],"author":[{"embeddable":true,"href":"https:\/\/www.santaritadopassaquatro.sp.gov.br\/portal\/wp-json\/wp\/v2\/users\/1"}],"replies":[{"embeddable":true,"href":"https:\/\/www.santaritadopassaquatro.sp.gov.br\/portal\/wp-json\/wp\/v2\/comments?post=4354"}],"version-history":[{"count":1,"href":"https:\/\/www.santaritadopassaquatro.sp.gov.br\/portal\/wp-json\/wp\/v2\/posts\/4354\/revisions"}],"predecessor-version":[{"id":4356,"href":"https:\/\/www.santaritadopassaquatro.sp.gov.br\/portal\/wp-json\/wp\/v2\/posts\/4354\/revisions\/4356"}],"wp:attachment":[{"href":"https:\/\/www.santaritadopassaquatro.sp.gov.br\/portal\/wp-json\/wp\/v2\/media?parent=4354"}],"wp:term":[{"taxonomy":"category","embeddable":true,"href":"https:\/\/www.santaritadopassaquatro.sp.gov.br\/portal\/wp-json\/wp\/v2\/categories?post=4354"},{"taxonomy":"post_tag","embeddable":true,"href":"https:\/\/www.santaritadopassaquatro.sp.gov.br\/portal\/wp-json\/wp\/v2\/tags?post=4354"}],"curies":[{"name":"wp","href":"https:\/\/api.w.org\/{rel}","templated":true}]}}