{"id":4359,"date":"2021-02-09T13:10:06","date_gmt":"2021-02-09T16:10:06","guid":{"rendered":"http:\/\/www.santaritadopassaquatro.sp.gov.br\/portal\/?p=4359"},"modified":"2021-06-28T20:56:08","modified_gmt":"2021-06-28T23:56:08","slug":"3a-chamada-para-matricula-2021","status":"publish","type":"post","link":"https:\/\/www.santaritadopassaquatro.sp.gov.br\/portal\/3a-chamada-para-matricula-2021\/","title":{"rendered":"3\u00aa CHAMADA PARA MATR\u00cdCULA 2021"},"content":{"rendered":"<p><strong>RESOLU\u00c7\u00c3O DEM 02\/2019 \u2013 \u201cLISTA \u00daNICA\u201d CRECHES MUNICIPAIS<\/strong><\/p>\n<p><strong>\u00a0<\/strong><\/p>\n<p><strong><u>3\u00aa CHAMADA PARA MATR\u00cdCULA 2021 \u2013<\/u><\/strong><\/p>\n<p><strong><u>\u00a0<\/u><\/strong><\/p>\n<p><strong>\u00a0<\/strong><\/p>\n<p><strong>\u00a0\u00a0\u00a0\u00a0\u00a0\u00a0\u00a0\u00a0\u00a0\u00a0\u00a0 <\/strong>Os respons\u00e1veis pelas crian\u00e7as contempladas pelas vagas, dever\u00e3o comparecer ao <strong><u>Departamento de Educa\u00e7\u00e3o<\/u><\/strong>, conforme dia e hor\u00e1rio abaixo, para serem direcionados para as Unidades de Creches.<\/p>\n<p>&nbsp;<\/p>\n<p>O atendimento funcionar\u00e1 da seguinte maneira:<\/p>\n<p><strong>\u00a0\u00a0\u00a0\u00a0\u00a0\u00a0\u00a0\u00a0\u00a0\u00a0\u00a0 \u00a0<\/strong><\/p>\n<p><strong>\u00a0\u00a0\u00a0\u00a0\u00a0\u00a0\u00a0\u00a0\u00a0\u00a0 <\/strong><\/p>\n<p><strong>\u00a0\u00a0\u00a0\u00a0\u00a0 MATERNAL I- (nascidos 01\/04\/2018 \u00a0\u00e0 31\/03\/2019) <\/strong><\/p>\n<p><strong>\u00a0<\/strong><\/p>\n<p><strong>\u00a0\u00a0\u00a0\u00a0 BER\u00c7ARIO II- nascidos de 01\/04\/2019 \u00e0 31\/03\/2020 <\/strong><\/p>\n<p><strong>\u00a0<\/strong><\/p>\n<p><strong>\u00a0<\/strong><\/p>\n<p><strong>\u00a0\u00a0\u00a0\u00a0\u00a0\u00a0\u00a0\u00a0\u00a0\u00a0\u00a0 <\/strong>Ser\u00e1 entregue uma <strong><u>senha conforme a ordem de cadastro na lista de chamada<\/u><\/strong>, desde que o respons\u00e1vel chegue no hor\u00e1rio estipulado. Caso compare\u00e7a ap\u00f3s o hor\u00e1rio marcado, a escolha da vaga ocorrer\u00e1 no final do hor\u00e1rio para o qual foi chamado.<\/p>\n<p>Na ocasi\u00e3o, dever\u00e3o estar munidos da <strong>certid\u00e3o de nascimento da crian\u00e7a e documento de identidade dos pais\/respons\u00e1veis com foto.<\/strong><\/p>\n<p>Ap\u00f3s o direcionamento da vaga no Departamento de Educa\u00e7\u00e3o os respons\u00e1veis ter\u00e3o um prazo de <strong><u>10 (dez) dias para efetiva\u00e7\u00e3o da matr\u00edcula na creche.<\/u><\/strong><\/p>\n<p>A n\u00e3o efetiva\u00e7\u00e3o da matr\u00edcula no prazo estipulado ser\u00e1 considerada manifesta\u00e7\u00e3o de desinteresse e o nome da crian\u00e7a ser\u00e1 retirado da <strong>Lista \u00danica<\/strong>.<\/p>\n<p>Os respons\u00e1veis dos contemplados pelas vagas, que n\u00e3o tiverem mais interesse pela mesma, dever\u00e3o comparecer a este Departamento para assinar o <strong>TERMO DE DESIST\u00caNCIA<\/strong>.<\/p>\n<p>&nbsp;<\/p>\n<p>PROTOCOLOS DEVIDO AO COVID-19 \u2013 Uso de m\u00e1scara<\/p>\n<p>Somente uma pessoa da fam\u00edlia<\/p>\n<p>Seguir rigorosamente o hor\u00e1rio marcado, n\u00e3o chegar com anteced\u00eancia, pois iremos seguir \u00a0a ordem da lista \u00fanica.<\/p>\n<p>&nbsp;<\/p>\n<p>&nbsp;<\/p>\n<p>Departamento de Educa\u00e7\u00e3o \u2013 Av. Severino Meirelles, n\u00ba 1.230 \u2013 Centro \u2013 Tel: 35828540<\/p>\n<p>&nbsp;<\/p>\n<p>&nbsp;<\/p>\n<p>&nbsp;<\/p>\n<table width=\"0\">\n<tbody>\n<tr>\n<td width=\"67\"><strong>\u00a0<\/strong><\/td>\n<td colspan=\"4\" width=\"509\"><strong>MATERNAL I- nascidos de 01\/04\/2018 \u00e0 31\/03\/2019<\/strong><\/td>\n<td width=\"100\"><\/td>\n<td width=\"56\"><\/td>\n<\/tr>\n<tr>\n<td width=\"67\"><strong>data solicita\u00e7\u00e3o da vaga<\/strong><\/td>\n<td width=\"25\"><strong>\u00a0<\/strong><\/td>\n<td width=\"236\"><strong>Crian\u00e7a<\/strong><\/td>\n<td width=\"72\"><strong>data nasc.<\/strong><\/td>\n<td width=\"176\"><strong>Respons\u00e1vel<\/strong><\/td>\n<td width=\"100\"><strong>comparecer em<\/strong><\/td>\n<td width=\"56\"><strong>Hor\u00e1rio<\/strong><\/td>\n<\/tr>\n<tr>\n<td width=\"67\"><strong>24\/04\/2019<\/strong><\/td>\n<td width=\"25\"><strong>1<\/strong><\/td>\n<td width=\"236\"><strong>Estela Valentina M. Fioretti<\/strong><strong>(2\u00ba decl\u00ednio)<\/strong><\/td>\n<td width=\"72\"><strong>21\/11\/2018<\/strong><\/td>\n<td width=\"176\"><strong>Victoria Maria Ata\u00edde de Morais<\/strong><\/td>\n<td width=\"100\">10\/02\/2021<\/td>\n<td width=\"56\">07:00<\/td>\n<\/tr>\n<tr>\n<td width=\"67\"><strong>20\/05\/2019<\/strong><\/td>\n<td width=\"25\"><strong>2<\/strong><\/td>\n<td width=\"236\"><strong>Jo\u00e3o Alexandre M. Galan<\/strong><strong>(2\u00ba declinio)<\/strong><\/td>\n<td width=\"72\"><strong>10\/05\/2018<\/strong><\/td>\n<td width=\"176\"><strong>Bruna Rafaela Marques<\/strong><\/td>\n<td width=\"100\">10\/02\/2021<\/td>\n<td width=\"56\">07:10<\/td>\n<\/tr>\n<tr>\n<td width=\"67\"><strong>05\/06\/2019<\/strong><\/td>\n<td width=\"25\"><strong>3<\/strong><\/td>\n<td width=\"236\"><strong>Theo Lafemina Celso <\/strong><strong>(1\u00ba decl\u00ednio)<\/strong><\/td>\n<td width=\"72\"><strong>01\/07\/2018<\/strong><\/td>\n<td width=\"176\"><strong>Karoline Lafemina<\/strong><\/td>\n<td width=\"100\">10\/02\/2021<\/td>\n<td width=\"56\">07:20<\/td>\n<\/tr>\n<tr>\n<td width=\"67\"><strong>10\/06\/2019<\/strong><\/td>\n<td width=\"25\"><strong>4<\/strong><\/td>\n<td width=\"236\"><strong>Daniel Rosa de Azevedo<\/strong><strong>(1\u00ba decl\u00ednio)<\/strong><\/td>\n<td width=\"72\"><strong>10\/07\/2018<\/strong><\/td>\n<td width=\"176\"><strong>Luana Cristina Pedro Rosa<\/strong><\/td>\n<td width=\"100\">10\/02\/2021<\/td>\n<td width=\"56\">07:30<\/td>\n<\/tr>\n<tr>\n<td width=\"67\"><strong>02\/07\/2019<\/strong><\/td>\n<td width=\"25\"><strong>5<\/strong><\/td>\n<td width=\"236\"><strong>Isaque Vinicius Ferreira Paisinho<\/strong><strong>(1\u00ba decl\u00ednio)<\/strong><\/td>\n<td width=\"72\"><strong>16\/09\/2018<\/strong><\/td>\n<td width=\"176\"><strong>Estefani Vitoria Pulmocena Ferreira<\/strong><\/td>\n<td width=\"100\">10\/02\/2021<\/td>\n<td width=\"56\">07:40<\/td>\n<\/tr>\n<tr>\n<td width=\"67\"><strong>10\/07\/2019<\/strong><\/td>\n<td width=\"25\"><strong>6<\/strong><\/td>\n<td width=\"236\"><strong>Alana Carollina de Souza Lima<\/strong><strong>(1\u00ba decl\u00ednio)<\/strong><\/td>\n<td width=\"72\"><strong>12\/09\/2018<\/strong><\/td>\n<td width=\"176\"><strong>Livia Cristina dos santos Souza<\/strong><\/td>\n<td width=\"100\">10\/02\/2021<\/td>\n<td width=\"56\">07:50<\/td>\n<\/tr>\n<tr>\n<td width=\"67\"><strong>09\/08\/2019<\/strong><\/td>\n<td width=\"25\"><strong>7<\/strong><\/td>\n<td width=\"236\"><strong>Sofia Helena Martins Bastos<\/strong><strong>(1\u00ba decl\u00ednio)<\/strong><\/td>\n<td width=\"72\"><strong>27\/11\/2018<\/strong><\/td>\n<td width=\"176\"><strong>Bruna Martins Bastos<\/strong><\/td>\n<td width=\"100\">10\/02\/2021<\/td>\n<td width=\"56\">08:00<\/td>\n<\/tr>\n<tr>\n<td width=\"67\"><strong>03\/09\/2019<\/strong><\/td>\n<td width=\"25\"><strong>8<\/strong><\/td>\n<td width=\"236\"><strong>Chiara Melinda Chaves<\/strong><strong>(1\u00ba decl\u00ednio)<\/strong><\/td>\n<td width=\"72\"><strong>29\/11\/2018<\/strong><\/td>\n<td width=\"176\"><strong>Michaela Fernanda aparecido<\/strong><\/td>\n<td width=\"100\">10\/02\/2021<\/td>\n<td width=\"56\">08:10<\/td>\n<\/tr>\n<tr>\n<td width=\"67\"><strong>10\/10\/2019<\/strong><\/td>\n<td width=\"25\"><strong>9<\/strong><\/td>\n<td width=\"236\"><strong>Laura Hellena Sim\u00e3o Cabral<\/strong><\/td>\n<td width=\"72\"><strong>03\/03\/2019<\/strong><\/td>\n<td width=\"176\"><strong>Carolina Gabriela Sim\u00e3o<\/strong><\/td>\n<td width=\"100\">10\/02\/2021<\/td>\n<td width=\"56\">08:20<\/td>\n<\/tr>\n<tr>\n<td width=\"67\"><strong>22\/10\/2019<\/strong><\/td>\n<td width=\"25\"><strong>10<\/strong><\/td>\n<td width=\"236\"><strong>Maria Flor Campos Mossaniga<\/strong><\/td>\n<td width=\"72\"><strong>30\/08\/2018<\/strong><\/td>\n<td width=\"176\"><strong>Roberta Gon\u00e7alves Campos Ricci<\/strong><\/td>\n<td width=\"100\">10\/02\/2021<\/td>\n<td width=\"56\">08:30<\/td>\n<\/tr>\n<tr>\n<td width=\"67\"><strong>23\/10\/2019<\/strong><\/td>\n<td width=\"25\"><strong>11<\/strong><\/td>\n<td width=\"236\"><strong>Helena Vila\u00e7a Briedis<\/strong><\/td>\n<td width=\"72\"><strong>12\/05\/2018<\/strong><\/td>\n<td width=\"176\"><strong>Thaisa Rodrigues Vila\u00e7a Carreirinha<\/strong><\/td>\n<td width=\"100\">10\/02\/2021<\/td>\n<td width=\"56\">08:40<\/td>\n<\/tr>\n<tr>\n<td width=\"67\"><strong>06\/11\/2019<\/strong><\/td>\n<td width=\"25\"><strong>12<\/strong><\/td>\n<td width=\"236\"><strong>David Eduardo Otaviano Marinho<\/strong><\/td>\n<td width=\"72\"><strong>02\/01\/2019<\/strong><\/td>\n<td width=\"176\"><strong>Joice Maria Otaviano Marinho<\/strong><\/td>\n<td width=\"100\">10\/02\/2021<\/td>\n<td width=\"56\">08:50<\/td>\n<\/tr>\n<tr>\n<td width=\"67\"><strong>07\/11\/2019<\/strong><\/td>\n<td width=\"25\"><strong>13<\/strong><\/td>\n<td width=\"236\"><strong>Lorenzo de Bastos Narciso<\/strong><\/td>\n<td width=\"72\"><strong>10\/12\/2018<\/strong><\/td>\n<td width=\"176\"><strong>Fabiana de Bastos Narciso<\/strong><\/td>\n<td width=\"100\">10\/02\/2021<\/td>\n<td width=\"56\">09:00<\/td>\n<\/tr>\n<tr>\n<td width=\"67\"><strong>11\/11\/2019<\/strong><\/td>\n<td width=\"25\"><strong>14<\/strong><\/td>\n<td width=\"236\"><strong>Anahi Maria Rodrigues de Souza<\/strong><\/td>\n<td width=\"72\"><strong>15\/03\/2019<\/strong><\/td>\n<td width=\"176\"><strong>Maria Fernanda Rodrigues S. Bueno<\/strong><\/td>\n<td width=\"100\">10\/02\/2021<\/td>\n<td width=\"56\">09:10<\/td>\n<\/tr>\n<tr>\n<td width=\"67\"><strong>22\/11\/2019<\/strong><\/td>\n<td width=\"25\"><strong>15<\/strong><\/td>\n<td width=\"236\"><strong>Juliano Rodrigues dos Santos<\/strong><\/td>\n<td width=\"72\"><strong>30\/01\/2019<\/strong><\/td>\n<td width=\"176\"><strong>Eleny Nogueira dos Santos<\/strong><\/td>\n<td width=\"100\">10\/02\/2021<\/td>\n<td width=\"56\">09:20<\/td>\n<\/tr>\n<tr>\n<td width=\"67\"><strong>29\/11\/2019<\/strong><\/td>\n<td width=\"25\"><strong>16<\/strong><\/td>\n<td width=\"236\"><strong>Filipe Henrique Rodrigues Costa<\/strong><\/td>\n<td width=\"72\"><strong>27\/09\/2018<\/strong><\/td>\n<td width=\"176\"><strong>Paula Aparecida Henrique R. Costa<\/strong><\/td>\n<td width=\"100\">10\/02\/2021<\/td>\n<td width=\"56\">09:30<\/td>\n<\/tr>\n<tr>\n<td width=\"67\"><strong>03\/12\/2019<\/strong><\/td>\n<td width=\"25\"><strong>17<\/strong><\/td>\n<td width=\"236\"><strong>Miguel Augusto Rosa Domingos<\/strong><\/td>\n<td width=\"72\"><strong>26\/11\/2018<\/strong><\/td>\n<td width=\"176\"><strong>Graziele Prado Rosa<\/strong><\/td>\n<td width=\"100\">10\/02\/2021<\/td>\n<td width=\"56\">09:40<\/td>\n<\/tr>\n<tr>\n<td width=\"67\"><strong>04\/12\/2019<\/strong><\/td>\n<td width=\"25\"><strong>18<\/strong><\/td>\n<td width=\"236\"><strong>Maria Cec\u00edlia Baptista Rosa de Souza<\/strong><\/td>\n<td width=\"72\"><strong>06\/04\/2018<\/strong><\/td>\n<td width=\"176\"><strong>Debora B. S. Rosa de Souza<\/strong><\/td>\n<td width=\"100\">10\/02\/2021<\/td>\n<td width=\"56\">09:50<\/td>\n<\/tr>\n<tr>\n<td width=\"67\"><strong>06\/01\/2020<\/strong><\/td>\n<td width=\"25\"><strong>19<\/strong><\/td>\n<td width=\"236\"><strong>Helena Vieira de Sousa<\/strong><\/td>\n<td width=\"72\"><strong>12\/09\/2018<\/strong><\/td>\n<td width=\"176\"><strong>Nat\u00e1lia Maria Santos V. de Sousa<\/strong><\/td>\n<td width=\"100\">10\/02\/2021<\/td>\n<td width=\"56\">10:00<\/td>\n<\/tr>\n<tr>\n<td width=\"67\"><strong>07\/01\/2020<\/strong><\/td>\n<td width=\"25\"><strong>20<\/strong><\/td>\n<td width=\"236\"><strong>Lu\u00edsa Codogno<\/strong><\/td>\n<td width=\"72\"><strong>21\/11\/2018<\/strong><\/td>\n<td width=\"176\"><strong>Ingrid Suelen de Oliveira Codogno<\/strong><\/td>\n<td width=\"100\">10\/02\/2021<\/td>\n<td width=\"56\">10:10<\/td>\n<\/tr>\n<tr>\n<td width=\"67\"><strong>15\/01\/2020<\/strong><\/td>\n<td width=\"25\"><strong>21<\/strong><\/td>\n<td width=\"236\"><strong>Miguel Henrique Rosa<\/strong><\/td>\n<td width=\"72\"><strong>24\/03\/2019<\/strong><\/td>\n<td width=\"176\"><strong>Yasmin Luana de Cassia Ferreira<\/strong><\/td>\n<td width=\"100\">10\/02\/2021<\/td>\n<td width=\"56\">10:20<\/td>\n<\/tr>\n<tr>\n<td width=\"67\"><strong>16\/01\/2020<\/strong><\/td>\n<td width=\"25\"><strong>22<\/strong><\/td>\n<td width=\"236\"><strong>Rodrigo Canalli Junior<\/strong><\/td>\n<td width=\"72\"><strong>23\/08\/2018<\/strong><\/td>\n<td width=\"176\"><strong>Leryane Bergamasco<\/strong><\/td>\n<td width=\"100\">10\/02\/2021<\/td>\n<td width=\"56\">10:30<\/td>\n<\/tr>\n<tr>\n<td width=\"67\"><strong>21\/01\/2020<\/strong><\/td>\n<td width=\"25\"><strong>23<\/strong><\/td>\n<td width=\"236\"><strong>Miguel Jannini Cazoni<\/strong><\/td>\n<td width=\"72\"><strong>19\/04\/2018<\/strong><\/td>\n<td width=\"176\"><strong>Vivian Moreira Jannini<\/strong><\/td>\n<td width=\"100\">10\/02\/2021<\/td>\n<td width=\"56\">10:40<\/td>\n<\/tr>\n<tr>\n<td width=\"67\"><strong>22\/01\/2020<\/strong><\/td>\n<td width=\"25\"><strong>24<\/strong><\/td>\n<td width=\"236\"><strong>Bernardo Neris dos Santos<\/strong><\/td>\n<td width=\"72\"><strong>22\/06\/2018<\/strong><\/td>\n<td width=\"176\"><strong>Ana Lucia Neris dos Santos<\/strong><\/td>\n<td width=\"100\">10\/02\/2021<\/td>\n<td width=\"56\">13:00<\/td>\n<\/tr>\n<tr>\n<td width=\"67\"><strong>29\/01\/2020<\/strong><\/td>\n<td width=\"25\"><strong>25<\/strong><\/td>\n<td width=\"236\"><strong>Cellena C\u00e9lia Ferreira de Souza<\/strong><\/td>\n<td width=\"72\"><strong>01\/10\/2018<\/strong><\/td>\n<td width=\"176\"><strong>Cristiane Cardozo Ferreira<\/strong><\/td>\n<td width=\"100\">10\/02\/2021<\/td>\n<td width=\"56\">13:10<\/td>\n<\/tr>\n<tr>\n<td width=\"67\"><strong>06\/02\/2020<\/strong><\/td>\n<td width=\"25\"><strong>26<\/strong><\/td>\n<td width=\"236\"><strong>Sophia Alves Posser<\/strong><\/td>\n<td width=\"72\"><strong>10\/05\/2018<\/strong><\/td>\n<td width=\"176\"><strong>Let\u00edcia de C\u00e1ssia Alves<\/strong><\/td>\n<td width=\"100\">10\/02\/2021<\/td>\n<td width=\"56\">13:20<\/td>\n<\/tr>\n<tr>\n<td width=\"67\"><strong>14\/02\/2020<\/strong><\/td>\n<td width=\"25\"><strong>27<\/strong><\/td>\n<td width=\"236\"><strong>Mayke Alexandre Cassiano<\/strong><\/td>\n<td width=\"72\"><strong>13\/08\/2018<\/strong><\/td>\n<td width=\"176\"><strong>Julia Ap. Cassiano da Silva<\/strong><\/td>\n<td width=\"100\">10\/02\/2021<\/td>\n<td width=\"56\">13:30<\/td>\n<\/tr>\n<tr>\n<td width=\"67\"><strong>20\/02\/2020<\/strong><\/td>\n<td width=\"25\"><strong>28<\/strong><\/td>\n<td width=\"236\"><strong>Sofia Destefano Francisco<\/strong><\/td>\n<td width=\"72\"><strong>28\/08\/2018<\/strong><\/td>\n<td width=\"176\"><strong>Rejane Mara D. Francisco<\/strong><\/td>\n<td width=\"100\">10\/02\/2021<\/td>\n<td width=\"56\">13:40<\/td>\n<\/tr>\n<tr>\n<td width=\"67\"><strong>27\/02\/2020<\/strong><\/td>\n<td width=\"25\"><strong>29<\/strong><\/td>\n<td width=\"236\"><strong>Augusto Figueiredo Catai<\/strong><\/td>\n<td width=\"72\"><strong>09\/04\/2018<\/strong><\/td>\n<td width=\"176\"><strong>Ligia Cordeiro do Valle F. Catai<\/strong><\/td>\n<td width=\"100\">10\/02\/2021<\/td>\n<td width=\"56\">13:50<\/td>\n<\/tr>\n<tr>\n<td width=\"67\"><strong>02\/03\/2020<\/strong><\/td>\n<td width=\"25\"><strong>30<\/strong><\/td>\n<td width=\"236\"><strong>Enzo Gabriel lamas Filiputti<\/strong><\/td>\n<td width=\"72\"><strong>24\/09\/2018<\/strong><\/td>\n<td width=\"176\"><strong>Tha\u00eds de C\u00e1ssia Lamas<\/strong><\/td>\n<td width=\"100\">10\/02\/2021<\/td>\n<td width=\"56\">14:00<\/td>\n<\/tr>\n<tr>\n<td width=\"67\"><strong>03\/03\/2020<\/strong><\/td>\n<td width=\"25\"><strong>31<\/strong><\/td>\n<td width=\"236\"><strong>Roberto Evangelista Padua Diniz<\/strong><\/td>\n<td width=\"72\"><strong>07\/03\/2019<\/strong><\/td>\n<td width=\"176\"><strong>Let\u00edcia Oliveira dos Santos<\/strong><\/td>\n<td width=\"100\">10\/02\/2021<\/td>\n<td width=\"56\">14:10<\/td>\n<\/tr>\n<tr>\n<td width=\"67\"><strong>04\/03\/2020<\/strong><\/td>\n<td width=\"25\"><strong>32<\/strong><\/td>\n<td width=\"236\"><strong>Maria Eduarda Prado Porteiro<\/strong><\/td>\n<td width=\"72\"><strong>02\/05\/2018<\/strong><\/td>\n<td width=\"176\"><strong>Maria Fernanda F. S. Prado<\/strong><\/td>\n<td width=\"100\">10\/02\/2021<\/td>\n<td width=\"56\">14:20<\/td>\n<\/tr>\n<tr>\n<td width=\"67\"><strong>17\/03\/2020<\/strong><\/td>\n<td width=\"25\"><strong>33<\/strong><\/td>\n<td width=\"236\"><strong>Davi Henrique Rodrigues da Silva<\/strong><\/td>\n<td width=\"72\"><strong>14\/08\/2018<\/strong><\/td>\n<td width=\"176\"><strong>Tais Cristina Rodrigues<\/strong><\/td>\n<td width=\"100\">11\/02\/2021<\/td>\n<td width=\"56\">14:30<\/td>\n<\/tr>\n<tr>\n<td width=\"67\"><strong>19\/03\/2020<\/strong><\/td>\n<td width=\"25\"><strong>34<\/strong><\/td>\n<td width=\"236\"><strong>Mirella Batista dos Santos Rosa<\/strong><\/td>\n<td width=\"72\"><strong>16\/04\/2018<\/strong><\/td>\n<td width=\"176\"><strong>Rebeca Batista S. Silva<\/strong><\/td>\n<td width=\"100\">12\/02\/2021<\/td>\n<td width=\"56\">14:40<\/td>\n<\/tr>\n<tr>\n<td width=\"67\"><strong>03\/11\/2020<\/strong><\/td>\n<td width=\"25\"><strong>35<\/strong><\/td>\n<td width=\"236\"><strong>Manuela dos Reis Maciel<\/strong><\/td>\n<td width=\"72\"><strong>28\/11\/2018<\/strong><\/td>\n<td width=\"176\"><strong>Andreza Ap. dos Reis Maciel<\/strong><\/td>\n<td width=\"100\">13\/02\/2021<\/td>\n<td width=\"56\">14:50<\/td>\n<\/tr>\n<\/tbody>\n<\/table>\n<p>&nbsp;<\/p>\n<p>&nbsp;<\/p>\n<p>&nbsp;<\/p>\n<p>&nbsp;<\/p>\n<p>&nbsp;<\/p>\n<table width=\"0\">\n<tbody>\n<tr>\n<td width=\"67\"><\/td>\n<td colspan=\"4\" width=\"509\"><strong>BER\u00c7ARIO II- nascidos de 01\/04\/2019 \u00e0 31\/03\/2020<\/strong><\/td>\n<td width=\"100\"><\/td>\n<td width=\"56\"><\/td>\n<\/tr>\n<tr>\n<td width=\"67\"><strong>data solicita\u00e7\u00e3o da vaga<\/strong><\/td>\n<td width=\"25\"><strong>\u00a0<\/strong><\/td>\n<td width=\"236\"><strong>Crian\u00e7a<\/strong><\/td>\n<td width=\"72\"><strong>data nasc.<\/strong><\/td>\n<td width=\"176\"><strong>Respons\u00e1vel<\/strong><\/td>\n<td width=\"100\"><\/td>\n<td width=\"56\"><\/td>\n<\/tr>\n<tr>\n<td width=\"67\"><strong>06\/01\/2020<\/strong><\/td>\n<td width=\"25\"><strong>1<\/strong><\/td>\n<td width=\"236\"><strong>Heloisa Escobar Campos Valente<\/strong><strong>(2\u00ba decl\u00ednio)<\/strong><\/td>\n<td width=\"72\"><strong>06\/05\/2019<\/strong><\/td>\n<td width=\"176\"><strong>Marina de Escobar F. Campos<\/strong><\/td>\n<td width=\"100\"><strong>comparecer em<\/strong><\/td>\n<td width=\"56\"><strong>Hor\u00e1rio<\/strong><\/td>\n<\/tr>\n<tr>\n<td width=\"67\"><strong>31\/01\/2020<\/strong><\/td>\n<td width=\"25\"><strong>2<\/strong><\/td>\n<td width=\"236\"><strong>Cauan Henrique L. Brentan <\/strong><strong>(2\u00ba decl\u00ednio)<\/strong><\/td>\n<td width=\"72\"><strong>15\/10\/2019<\/strong><\/td>\n<td width=\"176\"><strong>Iara Soares Ribeiro de Lima<\/strong><\/td>\n<td width=\"100\">11\/02\/2021<\/td>\n<td width=\"56\">07:30<\/td>\n<\/tr>\n<tr>\n<td width=\"67\"><strong>12\/02\/2020<\/strong><\/td>\n<td width=\"25\"><strong>3<\/strong><\/td>\n<td width=\"236\"><strong>Helena Almeida Abilel <\/strong><strong>(1\u00ba decl\u00ednio)<\/strong><\/td>\n<td width=\"72\"><strong>23\/01\/2020<\/strong><\/td>\n<td width=\"176\"><strong>Vanessa D. Almeida Z. Abilel<\/strong><\/td>\n<td width=\"100\">11\/02\/2021<\/td>\n<td width=\"56\">07:40<\/td>\n<\/tr>\n<tr>\n<td width=\"67\"><strong>03\/03\/2020<\/strong><\/td>\n<td width=\"25\"><strong>4<\/strong><\/td>\n<td width=\"236\"><strong>Samuel Vin\u00edcius Sidney Ribeiro<\/strong><\/td>\n<td width=\"72\"><strong>06\/07\/2019<\/strong><\/td>\n<td width=\"176\"><strong>Isadora Sidney Severino<\/strong><\/td>\n<td width=\"100\">11\/02\/2021<\/td>\n<td width=\"56\">07:50<\/td>\n<\/tr>\n<tr>\n<td width=\"67\"><strong>09\/03\/2020<\/strong><\/td>\n<td width=\"25\"><strong>5<\/strong><\/td>\n<td width=\"236\"><strong>Sophia Gabrielly Rocha Spanavella<\/strong><\/td>\n<td width=\"72\"><strong>03\/05\/2019<\/strong><\/td>\n<td width=\"176\"><strong>Dara Roberta Sacramento Spanavella<\/strong><\/td>\n<td width=\"100\">11\/02\/2021<\/td>\n<td width=\"56\">08:00<\/td>\n<\/tr>\n<tr>\n<td width=\"67\"><strong>09\/03\/2020<\/strong><\/td>\n<td width=\"25\"><strong>6<\/strong><\/td>\n<td width=\"236\"><strong>Heloisa Gabriela de Souza<\/strong><\/td>\n<td width=\"72\"><strong>01\/04\/2019<\/strong><\/td>\n<td width=\"176\"><strong>Lais Batista de Souza<\/strong><\/td>\n<td width=\"100\">11\/02\/2021<\/td>\n<td width=\"56\">08:10<\/td>\n<\/tr>\n<tr>\n<td width=\"67\"><strong>09\/03\/2020<\/strong><\/td>\n<td width=\"25\"><strong>7<\/strong><\/td>\n<td width=\"236\"><strong>Lorena de F\u00e1tima Aparecida Meller<\/strong><\/td>\n<td width=\"72\"><strong>24\/04\/2019<\/strong><\/td>\n<td width=\"176\"><strong>Tamiris Aparecida Barbosa<\/strong><\/td>\n<td width=\"100\">11\/02\/2021<\/td>\n<td width=\"56\">08:20<\/td>\n<\/tr>\n<tr>\n<td width=\"67\"><strong>10\/03\/2020<\/strong><\/td>\n<td width=\"25\"><strong>8<\/strong><\/td>\n<td width=\"236\"><strong>Allana Vict\u00f3ria Rosa de Azevedo<\/strong><\/td>\n<td width=\"72\"><strong>12\/07\/2019<\/strong><\/td>\n<td width=\"176\"><strong>Luana Cristina Pedro Rosa<\/strong><\/td>\n<td width=\"100\">11\/02\/2021<\/td>\n<td width=\"56\">08:30<\/td>\n<\/tr>\n<tr>\n<td width=\"67\"><strong>11\/03\/2020<\/strong><\/td>\n<td width=\"25\"><strong>9<\/strong><\/td>\n<td width=\"236\"><strong>Pietra Carriel Veloso Ant\u00e3o<\/strong><\/td>\n<td width=\"72\"><strong>07\/06\/2019<\/strong><\/td>\n<td width=\"176\"><strong>Marina Queiroz Carriel<\/strong><\/td>\n<td width=\"100\">11\/02\/2021<\/td>\n<td width=\"56\">08:40<\/td>\n<\/tr>\n<tr>\n<td width=\"67\"><strong>13\/03\/2020<\/strong><\/td>\n<td width=\"25\"><strong>10<\/strong><\/td>\n<td width=\"236\"><strong>Maria Eduarda do Ros\u00e1rio<\/strong><\/td>\n<td width=\"72\"><strong>06\/02\/2020<\/strong><\/td>\n<td width=\"176\"><strong>Mariana do Ros\u00e1rio<\/strong><\/td>\n<td width=\"100\">11\/02\/2021<\/td>\n<td width=\"56\">08:50<\/td>\n<\/tr>\n<tr>\n<td width=\"67\"><strong>16\/03\/2020<\/strong><\/td>\n<td width=\"25\"><strong>11<\/strong><\/td>\n<td width=\"236\"><strong>Emanoelly Vit\u00f3ria de Oliveira Martins<\/strong><\/td>\n<td width=\"72\"><strong>04\/03\/2020<\/strong><\/td>\n<td width=\"176\"><strong>Karian Fernanda O. Martins<\/strong><\/td>\n<td width=\"100\">11\/02\/2021<\/td>\n<td width=\"56\">09:00<\/td>\n<\/tr>\n<tr>\n<td width=\"67\"><strong>17\/03\/2020<\/strong><\/td>\n<td width=\"25\"><strong>12<\/strong><\/td>\n<td width=\"236\"><strong>Julia Diethemberg<\/strong><\/td>\n<td width=\"72\"><strong>19\/08\/2019<\/strong><\/td>\n<td width=\"176\"><strong>Ana Claudia G. Diethemberg<\/strong><\/td>\n<td width=\"100\">11\/02\/2021<\/td>\n<td width=\"56\">09:10<\/td>\n<\/tr>\n<tr>\n<td width=\"67\"><strong>18\/03\/2020<\/strong><\/td>\n<td width=\"25\"><strong>13<\/strong><\/td>\n<td width=\"236\"><strong>Ryan Rodrigues Medeiros<\/strong><\/td>\n<td width=\"72\"><strong>25\/10\/2019<\/strong><\/td>\n<td width=\"176\"><strong>Alexandra Ribeiro Rodrigues<\/strong><\/td>\n<td width=\"100\">11\/02\/2021<\/td>\n<td width=\"56\">09:20<\/td>\n<\/tr>\n<tr>\n<td width=\"67\"><strong>30\/03\/2020<\/strong><\/td>\n<td width=\"25\"><strong>14<\/strong><\/td>\n<td width=\"236\"><strong>Alice Vitoriano Rodrigues<\/strong><\/td>\n<td width=\"72\"><strong>02\/03\/2019<\/strong><\/td>\n<td width=\"176\"><strong>Rosangela Vitoriano da Silva<\/strong><\/td>\n<td width=\"100\">11\/02\/2021<\/td>\n<td width=\"56\">09:30<\/td>\n<\/tr>\n<tr>\n<td width=\"67\"><strong>03\/11\/2020<\/strong><\/td>\n<td width=\"25\"><strong>15<\/strong><\/td>\n<td width=\"236\"><strong>Rafaela Garcia Bentlin<\/strong><\/td>\n<td width=\"72\"><strong>10\/05\/2019<\/strong><\/td>\n<td width=\"176\"><strong>Tamara Garcia da Costa<\/strong><\/td>\n<td width=\"100\">11\/02\/2021<\/td>\n<td width=\"56\">09:40<\/td>\n<\/tr>\n<tr>\n<td width=\"67\"><strong>03\/11\/2020<\/strong><\/td>\n<td width=\"25\"><strong>16<\/strong><\/td>\n<td width=\"236\"><strong>Heloisa Gabriela de Souza<\/strong><\/td>\n<td width=\"72\"><strong>01\/04\/2019<\/strong><\/td>\n<td width=\"176\"><strong>La\u00eds Batista de Souza<\/strong><\/td>\n<td width=\"100\">11\/02\/2021<\/td>\n<td width=\"56\">09:50<\/td>\n<\/tr>\n<tr>\n<td width=\"67\"><strong>03\/11\/2020<\/strong><\/td>\n<td width=\"25\"><strong>17<\/strong><\/td>\n<td width=\"236\"><strong>Emanuelle Guerreiro Danielato<\/strong><\/td>\n<td width=\"72\"><strong>30\/04\/2019<\/strong><\/td>\n<td width=\"176\"><strong>Ana C\u00e9lia Guerreiro<\/strong><\/td>\n<td width=\"100\">11\/02\/2021<\/td>\n<td width=\"56\">10:00<\/td>\n<\/tr>\n<tr>\n<td width=\"67\"><strong>04\/11\/2020<\/strong><\/td>\n<td width=\"25\"><strong>18<\/strong><\/td>\n<td width=\"236\"><strong>Liz Amanuelly de Carvalho da Silva<\/strong><\/td>\n<td width=\"72\"><strong>17\/03\/2020<\/strong><\/td>\n<td width=\"176\"><strong>J\u00e9ssica Lochetti da Silva<\/strong><\/td>\n<td width=\"100\">11\/02\/2021<\/td>\n<td width=\"56\">10:10<\/td>\n<\/tr>\n<tr>\n<td width=\"67\"><strong>04\/11\/2020<\/strong><\/td>\n<td width=\"25\"><strong>19<\/strong><\/td>\n<td width=\"236\"><strong>Ian Samuel Felix Lopes<\/strong><\/td>\n<td width=\"72\"><strong>27\/03\/2020<\/strong><\/td>\n<td width=\"176\"><strong>Janailma Felix de Ara\u00fajo<\/strong><\/td>\n<td width=\"100\">11\/02\/2021<\/td>\n<td width=\"56\">10:20<\/td>\n<\/tr>\n<tr>\n<td width=\"67\"><strong>04\/11\/2020<\/strong><\/td>\n<td width=\"25\"><strong>20<\/strong><\/td>\n<td width=\"236\"><strong>Maria Hellena Celso Leoncio<\/strong><\/td>\n<td width=\"72\"><strong>28\/11\/2019<\/strong><\/td>\n<td width=\"176\"><strong>Renata Vitoria C. da Silva<\/strong><\/td>\n<td width=\"100\">11\/02\/2021<\/td>\n<td width=\"56\">10:30<\/td>\n<\/tr>\n<\/tbody>\n<\/table>\n<p>&nbsp;<\/p>\n<p>&nbsp;<\/p>\n<p>&nbsp;<\/p>\n<p>&nbsp;<\/p>\n<p>&nbsp;<\/p>\n<p>Santa Rita do Passa Quatro, 08\/02\/2021<\/p>\n","protected":false},"excerpt":{"rendered":"<p>RESOLU\u00c7\u00c3O DEM 02\/2019 \u2013 \u201cLISTA \u00daNICA\u201d CRECHES MUNICIPAIS \u00a0 3\u00aa CHAMADA PARA MATR\u00cdCULA 2021 \u2013 \u00a0 \u00a0 \u00a0\u00a0\u00a0\u00a0\u00a0\u00a0\u00a0\u00a0\u00a0\u00a0\u00a0 Os respons\u00e1veis<\/p>\n","protected":false},"author":1,"featured_media":0,"comment_status":"closed","ping_status":"open","sticky":false,"template":"","format":"standard","meta":{"footnotes":""},"categories":[28],"tags":[],"class_list":["post-4359","post","type-post","status-publish","format-standard","hentry","category-educacao"],"_links":{"self":[{"href":"https:\/\/www.santaritadopassaquatro.sp.gov.br\/portal\/wp-json\/wp\/v2\/posts\/4359","targetHints":{"allow":["GET"]}}],"collection":[{"href":"https:\/\/www.santaritadopassaquatro.sp.gov.br\/portal\/wp-json\/wp\/v2\/posts"}],"about":[{"href":"https:\/\/www.santaritadopassaquatro.sp.gov.br\/portal\/wp-json\/wp\/v2\/types\/post"}],"author":[{"embeddable":true,"href":"https:\/\/www.santaritadopassaquatro.sp.gov.br\/portal\/wp-json\/wp\/v2\/users\/1"}],"replies":[{"embeddable":true,"href":"https:\/\/www.santaritadopassaquatro.sp.gov.br\/portal\/wp-json\/wp\/v2\/comments?post=4359"}],"version-history":[{"count":1,"href":"https:\/\/www.santaritadopassaquatro.sp.gov.br\/portal\/wp-json\/wp\/v2\/posts\/4359\/revisions"}],"predecessor-version":[{"id":4360,"href":"https:\/\/www.santaritadopassaquatro.sp.gov.br\/portal\/wp-json\/wp\/v2\/posts\/4359\/revisions\/4360"}],"wp:attachment":[{"href":"https:\/\/www.santaritadopassaquatro.sp.gov.br\/portal\/wp-json\/wp\/v2\/media?parent=4359"}],"wp:term":[{"taxonomy":"category","embeddable":true,"href":"https:\/\/www.santaritadopassaquatro.sp.gov.br\/portal\/wp-json\/wp\/v2\/categories?post=4359"},{"taxonomy":"post_tag","embeddable":true,"href":"https:\/\/www.santaritadopassaquatro.sp.gov.br\/portal\/wp-json\/wp\/v2\/tags?post=4359"}],"curies":[{"name":"wp","href":"https:\/\/api.w.org\/{rel}","templated":true}]}}