{"id":4361,"date":"2021-02-09T13:09:03","date_gmt":"2021-02-09T16:09:03","guid":{"rendered":"http:\/\/www.santaritadopassaquatro.sp.gov.br\/portal\/?p=4361"},"modified":"2021-06-28T20:37:57","modified_gmt":"2021-06-28T23:37:57","slug":"atribuicao-de-aulas-22","status":"publish","type":"post","link":"https:\/\/www.santaritadopassaquatro.sp.gov.br\/portal\/atribuicao-de-aulas-22\/","title":{"rendered":"ATRIBUI\u00c7\u00c3O DE AULAS"},"content":{"rendered":"<p><strong>ATRIBUI\u00c7\u00c3O DE AULAS<\/strong><\/p>\n<p>&nbsp;<\/p>\n<table width=\"0\">\n<tbody>\n<tr>\n<td width=\"123\"><strong>SALAS\/<\/strong><\/p>\n<p><strong>DISCIPLINAS<\/strong><\/td>\n<td width=\"302\"><strong>\u00a0<\/strong><\/p>\n<p><strong>AULAS<\/strong><\/p>\n<p><strong>\u00a0<\/strong><\/td>\n<td width=\"108\"><strong>PERIODO<\/strong><\/td>\n<td width=\"174\"><strong>EMEF<\/strong><\/td>\n<\/tr>\n<tr>\n<td width=\"123\">&nbsp;<\/p>\n<p>&nbsp;<\/p>\n<p>&nbsp;<\/p>\n<p>EDUCA\u00c7\u00c3O F\u00cdSICA<\/td>\n<td width=\"302\">Em substitui\u00e7\u00e3o ao Prof. Luciano D\u2019Avilla Pereira<\/p>\n<p>&nbsp;<\/p>\n<p>16 h\/aulas + 8 HTPS \u2013 do 1\u00ba ao 4\u00baano<\/p>\n<p>04h\/aulas + 2 HTPs \u2013 1\u00ba ano \u201cA\u201d ; 1\u00ba ano \u201cB\u201d<\/p>\n<p>04 aulas \u2013 1\u00ba ano \u201cC\u201d ; 2\u00ba ano \u201cC\u201d<\/p>\n<p>02 aulas (livres) \u2013 2\u00ba ano \u201cB\u201d<\/p>\n<p>&nbsp;<\/td>\n<td width=\"108\">&nbsp;<\/p>\n<p>&nbsp;<\/p>\n<p>&nbsp;<\/p>\n<p>Manh\u00e3<\/p>\n<p>&nbsp;<\/p>\n<p>Manh\u00e3<\/p>\n<p>Tarde<\/p>\n<p>Manh\u00e3<\/td>\n<td width=\"174\">&nbsp;<\/p>\n<p>&nbsp;<\/p>\n<p>&nbsp;<\/p>\n<p>CAIC<\/p>\n<p>&nbsp;<\/p>\n<p>Francisco Ribeiro<\/p>\n<p>Francisco Ribeiro<\/p>\n<p>Francisco Ribeiro<\/td>\n<\/tr>\n<\/tbody>\n<\/table>\n<p>&nbsp;<\/p>\n<table width=\"0\">\n<tbody>\n<tr>\n<td width=\"123\"><strong>SALAS\/<\/strong><\/p>\n<p><strong>DISCIPLINAS<\/strong><\/td>\n<td width=\"302\"><strong>\u00a0<\/strong><\/p>\n<p><strong>AULAS<\/strong><\/p>\n<p><strong>\u00a0<\/strong><\/td>\n<td width=\"108\"><strong>PERIODO<\/strong><\/td>\n<td width=\"174\"><strong>EMEF<\/strong><\/td>\n<\/tr>\n<tr>\n<td width=\"123\">&nbsp;<\/p>\n<p>&nbsp;<\/p>\n<p>&nbsp;<\/p>\n<p>ARTE<\/p>\n<p>&nbsp;<\/p>\n<p>PROJETO<\/p>\n<p>&nbsp;<\/td>\n<td width=\"302\">Em substitui\u00e7\u00e3o a Prof\u00aa. Angela Maria O. Pereira<\/p>\n<p>&nbsp;<\/p>\n<p>20 h\/aulas + 10 HTPS \u2013 do 1\u00ba ao 5\u00baano<\/p>\n<p>&nbsp;<\/p>\n<p>Em substitui\u00e7\u00e3o \u00e0 Prof\u00aa Gisele Arantes<\/p>\n<p>10 aulas \u2013 Arte Recreativa<\/p>\n<p>&nbsp;<\/td>\n<td width=\"108\">&nbsp;<\/p>\n<p>&nbsp;<\/p>\n<p>&nbsp;<\/p>\n<p>Manh\u00e3<\/p>\n<p>&nbsp;<\/p>\n<p>&nbsp;<\/p>\n<p>Tarde<\/td>\n<td width=\"174\">&nbsp;<\/p>\n<p>&nbsp;<\/p>\n<p>&nbsp;<\/p>\n<p>CAIC<\/p>\n<p>&nbsp;<\/p>\n<p>&nbsp;<\/p>\n<p>Francisco Ribeiro<\/td>\n<\/tr>\n<\/tbody>\n<\/table>\n<p>&nbsp;<\/p>\n<table width=\"0\">\n<tbody>\n<tr>\n<td width=\"123\"><strong>SALAS\/<\/strong><\/p>\n<p><strong>DISCIPLINAS<\/strong><\/td>\n<td width=\"302\"><strong>\u00a0<\/strong><\/p>\n<p><strong>AULAS<\/strong><\/p>\n<p><strong>\u00a0<\/strong><\/td>\n<td width=\"108\"><strong>PERIODO<\/strong><\/td>\n<td width=\"174\"><strong>EMEF<\/strong><\/td>\n<\/tr>\n<tr>\n<td width=\"123\">&nbsp;<\/p>\n<p>&nbsp;<\/p>\n<p>&nbsp;<\/p>\n<p>ARTE<\/p>\n<p>&nbsp;<\/td>\n<td width=\"302\">Em substitui\u00e7\u00e3o a Prof\u00aa. Shaiene Aparecida dos Santos<\/p>\n<p>&nbsp;<\/p>\n<p>20 h\/aulas + 10 HTPS \u2013 do 1\u00ba ao 5\u00baano<\/p>\n<p>&nbsp;<\/td>\n<td width=\"108\">&nbsp;<\/p>\n<p>&nbsp;<\/p>\n<p>&nbsp;<\/p>\n<p>Tarde<\/p>\n<p>&nbsp;<\/td>\n<td width=\"174\">&nbsp;<\/p>\n<p>&nbsp;<\/p>\n<p>&nbsp;<\/p>\n<p>Madre Carmelita<\/p>\n<p>&nbsp;<\/td>\n<\/tr>\n<\/tbody>\n<\/table>\n<p>&nbsp;<\/p>\n<table width=\"0\">\n<tbody>\n<tr>\n<td width=\"123\"><strong>SALAS\/<\/strong><\/p>\n<p><strong>DISCIPLINAS<\/strong><\/td>\n<td width=\"302\"><strong>\u00a0<\/strong><\/p>\n<p><strong>AULAS<\/strong><\/p>\n<p><strong>\u00a0<\/strong><\/td>\n<td width=\"108\"><strong>PERIODO<\/strong><\/td>\n<td width=\"174\"><strong>EMEF<\/strong><\/td>\n<\/tr>\n<tr>\n<td width=\"123\">&nbsp;<\/p>\n<p>&nbsp;<\/p>\n<p>&nbsp;<\/p>\n<p>ARTE<\/p>\n<p>&nbsp;<\/p>\n<p>PROJETO<\/td>\n<td width=\"302\">Em virtude da exonera\u00e7\u00e3o da Prof\u00aa Juliana Shameshima<\/p>\n<p>&nbsp;<\/p>\n<p>20 h\/aulas + 10 HTPS \u2013 do 1\u00ba ao 5\u00baano<\/p>\n<p>&nbsp;<\/p>\n<p>09 aulas \u2013 Atividades Manuais<\/td>\n<td width=\"108\">&nbsp;<\/p>\n<p>&nbsp;<\/p>\n<p>&nbsp;<\/p>\n<p>Manh\u00e3<\/p>\n<p>&nbsp;<\/p>\n<p>Tarde<\/p>\n<p>&nbsp;<\/td>\n<td width=\"174\">&nbsp;<\/p>\n<p>&nbsp;<\/p>\n<p>&nbsp;<\/p>\n<p>Madre Carmelita<\/p>\n<p>&nbsp;<\/p>\n<p>Jo\u00e3o Baptista (Estrela)<\/p>\n<p>&nbsp;<\/td>\n<\/tr>\n<tr>\n<td width=\"123\"><strong>SALAS\/<\/strong><\/p>\n<p><strong>DISCIPLINAS<\/strong><\/td>\n<td width=\"302\"><strong>\u00a0<\/strong><\/p>\n<p><strong>AULAS<\/strong><\/p>\n<p><strong>\u00a0<\/strong><\/td>\n<td width=\"108\"><strong>PERIODO<\/strong><\/td>\n<td width=\"174\"><strong>EMEI\/CRECHE<\/strong><\/td>\n<\/tr>\n<tr>\n<td width=\"123\">&nbsp;<\/p>\n<p>&nbsp;<\/p>\n<p>&nbsp;<\/p>\n<p>ITINERANTE<\/p>\n<p>EMEI e Creche<\/p>\n<p>&nbsp;<\/p>\n<p>&nbsp;<\/td>\n<td width=\"302\">Em virtude da desist\u00eancia da Prof\u00aa Tamiris Lencione Nazar<\/p>\n<p>&nbsp;<\/p>\n<p>26 h\/aulas<\/p>\n<p>&nbsp;<\/td>\n<td width=\"108\">&nbsp;<\/p>\n<p>&nbsp;<\/p>\n<p>&nbsp;<\/p>\n<p>Manh\u00e3\/<\/p>\n<p>Tarde<\/p>\n<p>&nbsp;<\/p>\n<p>&nbsp;<\/td>\n<td width=\"174\">&nbsp;<\/p>\n<p>&nbsp;<\/p>\n<p>&nbsp;<\/p>\n<p>Galdina L. Segatto<\/p>\n<p>&nbsp;<\/p>\n<p>&nbsp;<\/td>\n<\/tr>\n<\/tbody>\n<\/table>\n<p>&nbsp;<\/p>\n","protected":false},"excerpt":{"rendered":"<p>ATRIBUI\u00c7\u00c3O DE AULAS &nbsp; SALAS\/ DISCIPLINAS \u00a0 AULAS \u00a0 PERIODO EMEF &nbsp; &nbsp; &nbsp; EDUCA\u00c7\u00c3O F\u00cdSICA Em substitui\u00e7\u00e3o ao Prof.<\/p>\n","protected":false},"author":1,"featured_media":0,"comment_status":"closed","ping_status":"open","sticky":false,"template":"","format":"standard","meta":{"footnotes":""},"categories":[33],"tags":[],"class_list":["post-4361","post","type-post","status-publish","format-standard","hentry","category-atribuicao-de-aulas"],"_links":{"self":[{"href":"https:\/\/www.santaritadopassaquatro.sp.gov.br\/portal\/wp-json\/wp\/v2\/posts\/4361","targetHints":{"allow":["GET"]}}],"collection":[{"href":"https:\/\/www.santaritadopassaquatro.sp.gov.br\/portal\/wp-json\/wp\/v2\/posts"}],"about":[{"href":"https:\/\/www.santaritadopassaquatro.sp.gov.br\/portal\/wp-json\/wp\/v2\/types\/post"}],"author":[{"embeddable":true,"href":"https:\/\/www.santaritadopassaquatro.sp.gov.br\/portal\/wp-json\/wp\/v2\/users\/1"}],"replies":[{"embeddable":true,"href":"https:\/\/www.santaritadopassaquatro.sp.gov.br\/portal\/wp-json\/wp\/v2\/comments?post=4361"}],"version-history":[{"count":1,"href":"https:\/\/www.santaritadopassaquatro.sp.gov.br\/portal\/wp-json\/wp\/v2\/posts\/4361\/revisions"}],"predecessor-version":[{"id":4362,"href":"https:\/\/www.santaritadopassaquatro.sp.gov.br\/portal\/wp-json\/wp\/v2\/posts\/4361\/revisions\/4362"}],"wp:attachment":[{"href":"https:\/\/www.santaritadopassaquatro.sp.gov.br\/portal\/wp-json\/wp\/v2\/media?parent=4361"}],"wp:term":[{"taxonomy":"category","embeddable":true,"href":"https:\/\/www.santaritadopassaquatro.sp.gov.br\/portal\/wp-json\/wp\/v2\/categories?post=4361"},{"taxonomy":"post_tag","embeddable":true,"href":"https:\/\/www.santaritadopassaquatro.sp.gov.br\/portal\/wp-json\/wp\/v2\/tags?post=4361"}],"curies":[{"name":"wp","href":"https:\/\/api.w.org\/{rel}","templated":true}]}}