{"id":4363,"date":"2021-02-10T10:30:33","date_gmt":"2021-02-10T13:30:33","guid":{"rendered":"http:\/\/www.santaritadopassaquatro.sp.gov.br\/portal\/?p=4363"},"modified":"2021-06-28T20:55:58","modified_gmt":"2021-06-28T23:55:58","slug":"4a-chamada-para-matricula-2021","status":"publish","type":"post","link":"https:\/\/www.santaritadopassaquatro.sp.gov.br\/portal\/4a-chamada-para-matricula-2021\/","title":{"rendered":"4\u00aa CHAMADA PARA MATR\u00cdCULA 2021"},"content":{"rendered":"<p><strong>RESOLU\u00c7\u00c3O DEM 02\/2019 \u2013 \u201cLISTA \u00daNICA\u201d CRECHES MUNICIPAIS<\/strong><\/p>\n<p><strong>\u00a0<\/strong><\/p>\n<p><strong><u>4\u00aa CHAMADA PARA MATR\u00cdCULA 2021 \u2013<\/u><\/strong><\/p>\n<p><strong><u>\u00a0<\/u><\/strong><\/p>\n<p><strong>\u00a0<\/strong><\/p>\n<p><strong>\u00a0\u00a0\u00a0\u00a0\u00a0\u00a0\u00a0\u00a0\u00a0\u00a0\u00a0 <\/strong>Os respons\u00e1veis pelas crian\u00e7as contempladas pelas vagas, dever\u00e3o comparecer ao <strong><u>Departamento de Educa\u00e7\u00e3o<\/u><\/strong>, no dia 18\/02\/2021 no hor\u00e1rio abaixo, para serem direcionados para as Unidades de Creches.<\/p>\n<p>&nbsp;<\/p>\n<p>O atendimento funcionar\u00e1 da seguinte maneira:<\/p>\n<p><strong>\u00a0\u00a0\u00a0\u00a0\u00a0\u00a0\u00a0\u00a0\u00a0\u00a0\u00a0 <\/strong><strong>\u00a0\u00a0\u00a0\u00a0\u00a0\u00a0\u00a0\u00a0\u00a0\u00a0 <\/strong><\/p>\n<p><strong>\u00a0\u00a0\u00a0\u00a0 <\/strong><\/p>\n<p><strong>\u00a0\u00a0\u00a0\u00a0 BER\u00c7\u00c1RIO I- nascidos a partir de 01\/04\/2020-31\/03\/2021\u00a0 e todos os nascidos em 2021<\/strong><\/p>\n<p><strong>\u00a0<\/strong><\/p>\n<p><strong>MATERNAL II- nascidos de 01\/04\/2017 \u00e0 31\/03\/2018<\/strong><\/p>\n<p><strong>\u00a0<\/strong><\/p>\n<p><strong>\u00a0\u00a0\u00a0\u00a0\u00a0\u00a0\u00a0\u00a0\u00a0\u00a0\u00a0 <\/strong>Ser\u00e1 entregue uma <strong><u>senha conforme a ordem de cadastro na lista de chamada<\/u><\/strong>, desde que o respons\u00e1vel chegue no hor\u00e1rio estipulado. Caso compare\u00e7a ap\u00f3s o hor\u00e1rio marcado, a escolha da vaga ocorrer\u00e1 no final do hor\u00e1rio para o qual foi chamado.<\/p>\n<p>Na ocasi\u00e3o, dever\u00e3o estar munidos da <strong>certid\u00e3o de nascimento da crian\u00e7a e documento de identidade dos pais\/respons\u00e1veis com foto.<\/strong><\/p>\n<p>Ap\u00f3s o direcionamento da vaga no Departamento de Educa\u00e7\u00e3o os respons\u00e1veis ter\u00e3o um prazo de <strong><u>10 (dez) dias para efetiva\u00e7\u00e3o da matr\u00edcula na creche.<\/u><\/strong><\/p>\n<p>A n\u00e3o efetiva\u00e7\u00e3o da matr\u00edcula no prazo estipulado ser\u00e1 considerada manifesta\u00e7\u00e3o de desinteresse e o nome da crian\u00e7a ser\u00e1 retirado da <strong>Lista \u00danica<\/strong>.<\/p>\n<p>Os respons\u00e1veis dos contemplados pelas vagas, que n\u00e3o tiverem mais interesse pela mesma, dever\u00e3o comparecer a este Departamento para assinar o <strong>TERMO DE DESIST\u00caNCIA<\/strong>.<\/p>\n<p>&nbsp;<\/p>\n<p>PROTOCOLOS DEVIDO AO COVID-19 \u2013 Uso de m\u00e1scara<\/p>\n<p>Somente uma pessoa da fam\u00edlia<\/p>\n<p>Seguir rigorosamente o hor\u00e1rio marcado, n\u00e3o chegar com anteced\u00eancia, pois iremos seguir \u00a0a ordem da lista \u00fanica.<\/p>\n<p>&nbsp;<\/p>\n<p>&nbsp;<\/p>\n<p>Departamento de Educa\u00e7\u00e3o \u2013 Av. Severino Meirelles, n\u00ba 1.230 \u2013 Centro \u2013 Tel: 35828540<\/p>\n<p>&nbsp;<\/p>\n<table width=\"0\">\n<tbody>\n<tr>\n<td width=\"66\"><strong>\u00a0<\/strong><\/td>\n<td colspan=\"4\" width=\"500\"><strong>FILA \u00daNICA CRECHES 2021 &#8211; RESOLU\u00c7\u00c3O D.M.E 02\/2019<\/strong><\/td>\n<td width=\"99\"><\/td>\n<td width=\"64\"><\/td>\n<\/tr>\n<tr>\n<td width=\"66\"><strong>\u00a0<\/strong><\/td>\n<td colspan=\"4\" width=\"500\"><strong>BER\u00c7ARIO I &#8211; nascidos a partir de 01\/04\/2020-31\/03\/2021\u00a0 e todos os nascidos em 2021 <\/strong><\/td>\n<td width=\"99\"><\/td>\n<td width=\"64\"><\/td>\n<\/tr>\n<tr>\n<td width=\"66\"><strong>data solic. Vaga<\/strong><\/td>\n<td width=\"51\"><strong>posi\u00e7\u00e3o<\/strong><\/td>\n<td width=\"189\"><strong>nome da crian\u00e7a<\/strong><\/td>\n<td width=\"72\"><strong>data nascimento<\/strong><\/td>\n<td width=\"188\"><strong>nome da m\u00e3e<\/strong><\/td>\n<td width=\"99\"><strong>comparecimento<\/strong><\/td>\n<td width=\"64\"><strong>hor\u00e1rio<\/strong><\/td>\n<\/tr>\n<tr>\n<td width=\"66\"><strong>04\/11\/2020<\/strong><\/td>\n<td width=\"51\"><strong>1<\/strong><\/td>\n<td width=\"189\"><strong>Ben\u00edcio Lins Carnielli<\/strong><\/td>\n<td width=\"72\"><strong>20\/08\/2020<\/strong><\/td>\n<td width=\"188\"><strong>Evelin Tais Lins Carnielli<\/strong><\/td>\n<td width=\"99\">18\/02\/2021<\/td>\n<td width=\"64\">07:20<\/td>\n<\/tr>\n<tr>\n<td width=\"66\"><strong>18\/01\/2021<\/strong><\/td>\n<td width=\"51\"><strong>2<\/strong><\/td>\n<td width=\"189\"><strong>Karolayne Domingos da Silva<\/strong><\/td>\n<td width=\"72\"><strong>08\/12\/2020<\/strong><\/td>\n<td width=\"188\"><strong>Ana Carolina Hip\u00f3lito domingos<\/strong><\/td>\n<td width=\"99\">18\/02\/2021<\/td>\n<td width=\"64\">07:30<\/td>\n<\/tr>\n<tr>\n<td width=\"66\"><strong>19\/01\/2021<\/strong><\/td>\n<td width=\"51\"><strong>3<\/strong><\/td>\n<td width=\"189\"><strong>Liz Stefanuto Octaviano<\/strong><\/td>\n<td width=\"72\"><strong>03\/01\/2021<\/strong><\/td>\n<td width=\"188\"><strong>Daniela Cristina Stefanuto Octaviano<\/strong><\/td>\n<td width=\"99\">18\/02\/2021<\/td>\n<td width=\"64\">07:40<\/td>\n<\/tr>\n<tr>\n<td width=\"66\"><strong>20\/01\/2021<\/strong><\/td>\n<td width=\"51\"><strong>4<\/strong><\/td>\n<td width=\"189\"><strong>Davi Boneti Pastori<\/strong><\/td>\n<td width=\"72\"><strong>30\/11\/2020<\/strong><\/td>\n<td width=\"188\"><strong>Regiane de C\u00e1ssia Bonetti Pastori<\/strong><\/td>\n<td width=\"99\">18\/02\/2021<\/td>\n<td width=\"64\">07:50<\/td>\n<\/tr>\n<tr>\n<td width=\"66\"><strong>21\/01\/2021<\/strong><\/td>\n<td width=\"51\"><strong>5<\/strong><\/td>\n<td width=\"189\"><strong>Sarah Manuela da Silva<\/strong><\/td>\n<td width=\"72\"><strong>09\/05\/2020<\/strong><\/td>\n<td width=\"188\"><strong>Jacqueline Pedro da Silva<\/strong><\/td>\n<td width=\"99\">18\/02\/2021<\/td>\n<td width=\"64\">08:00<\/td>\n<\/tr>\n<tr>\n<td width=\"66\"><strong>22\/01\/201<\/strong><\/td>\n<td width=\"51\"><strong>6<\/strong><\/td>\n<td width=\"189\"><strong>Ana Lu\u00edza Ara\u00fajo Viotto<\/strong><\/td>\n<td width=\"72\"><strong>01\/08\/2020<\/strong><\/td>\n<td width=\"188\"><strong>Shirlene Nascimento Ara\u00fajo<\/strong><\/td>\n<td width=\"99\">18\/02\/2021<\/td>\n<td width=\"64\">08:10<\/td>\n<\/tr>\n<tr>\n<td width=\"66\"><strong>25\/01\/2021<\/strong><\/td>\n<td width=\"51\"><strong>7<\/strong><\/td>\n<td width=\"189\"><strong>Jo\u00e3o Miguel Mioto Vitoriano<\/strong><\/td>\n<td width=\"72\"><strong>24\/07\/2020<\/strong><\/td>\n<td width=\"188\"><strong>Ana Luisa Mioto Vitoriano<\/strong><\/td>\n<td width=\"99\">18\/02\/2021<\/td>\n<td width=\"64\">08:20<\/td>\n<\/tr>\n<tr>\n<td width=\"66\"><strong>26\/01\/2021<\/strong><\/td>\n<td width=\"51\"><strong>8<\/strong><\/td>\n<td width=\"189\"><strong>Levi Guilherme Correia Ribeiro<\/strong><\/td>\n<td width=\"72\"><strong>05\/06\/2020<\/strong><\/td>\n<td width=\"188\"><strong>Jaqueline Cristina C. da Silva<\/strong><\/td>\n<td width=\"99\">18\/02\/2021<\/td>\n<td width=\"64\">08:30<\/td>\n<\/tr>\n<tr>\n<td width=\"66\"><strong>26\/01\/2021<\/strong><\/td>\n<td width=\"51\"><strong>9<\/strong><\/td>\n<td width=\"189\"><strong>Apolo Moreira Pereira<\/strong><\/td>\n<td width=\"72\"><strong>26\/06\/2020<\/strong><\/td>\n<td width=\"188\"><strong>Silvanete Moreira Pereira<\/strong><\/td>\n<td width=\"99\">18\/02\/2021<\/td>\n<td width=\"64\">08:40<\/td>\n<\/tr>\n<tr>\n<td width=\"66\"><strong>27\/01\/2021<\/strong><\/td>\n<td width=\"51\"><strong>10<\/strong><\/td>\n<td width=\"189\"><strong>Mathias Eduardo Santiago Dalbelo<\/strong><\/td>\n<td width=\"72\"><strong>24\/04\/2020<\/strong><\/td>\n<td width=\"188\"><strong>Monicia Santiago Nunes<\/strong><\/td>\n<td width=\"99\">18\/02\/2021<\/td>\n<td width=\"64\">08:50<\/td>\n<\/tr>\n<tr>\n<td width=\"66\"><strong>02\/02\/2021<\/strong><\/td>\n<td width=\"51\"><strong>11<\/strong><\/td>\n<td width=\"189\"><strong>Emilly Danielle da Silva Pereira<\/strong><\/td>\n<td width=\"72\"><strong>14\/0\/2020<\/strong><\/td>\n<td width=\"188\"><strong>Elis\u00e2ngela Aline da Silva Pereira<\/strong><\/td>\n<td width=\"99\">18\/02\/2021<\/td>\n<td width=\"64\">09:00<\/td>\n<\/tr>\n<tr>\n<td width=\"66\"><strong>03\/02\/2021<\/strong><\/td>\n<td width=\"51\"><strong>12<\/strong><\/td>\n<td width=\"189\"><strong>Jo\u00e3o Paulo de Oliveira da Silva<\/strong><\/td>\n<td width=\"72\"><strong>22\/12\/2020<\/strong><\/td>\n<td width=\"188\"><strong>Carina Merenciano Monteiro de Oliveira<\/strong><\/td>\n<td width=\"99\">18\/02\/2021<\/td>\n<td width=\"64\">09:10<\/td>\n<\/tr>\n<tr>\n<td width=\"66\"><strong>05\/02\/2021<\/strong><\/td>\n<td width=\"51\"><strong>13<\/strong><\/td>\n<td width=\"189\"><strong>Willian guilherme Octaviano<\/strong><\/td>\n<td width=\"72\"><strong>11\/11\/2020<\/strong><\/td>\n<td width=\"188\"><strong>Yasmim Keice Cabral<\/strong><\/td>\n<td width=\"99\">18\/02\/2021<\/td>\n<td width=\"64\">09:20<\/td>\n<\/tr>\n<tr>\n<td width=\"66\"><strong>09\/02\/2021<\/strong><\/td>\n<td width=\"51\"><strong>14<\/strong><\/td>\n<td width=\"189\"><strong>Jo\u00e3o Antonio Pav\u00e2o de Lima<\/strong><\/td>\n<td width=\"72\"><strong>13\/10\/2020<\/strong><\/td>\n<td width=\"188\"><strong>Ana Rosa Pav\u00e2o<\/strong><\/td>\n<td width=\"99\">18\/02\/2021<\/td>\n<td width=\"64\">09:30<\/td>\n<\/tr>\n<tr>\n<td width=\"66\"><strong>\u00a0<\/strong><\/td>\n<td width=\"51\"><strong>\u00a0<\/strong><\/td>\n<td width=\"189\"><strong>\u00a0<\/strong><\/td>\n<td width=\"72\"><strong>\u00a0<\/strong><\/td>\n<td width=\"188\"><strong>\u00a0<\/strong><\/td>\n<td width=\"99\"><\/td>\n<td width=\"64\"><\/td>\n<\/tr>\n<tr>\n<td width=\"66\"><strong>\u00a0<\/strong><\/td>\n<td colspan=\"4\" width=\"500\"><strong>MATERNAL II &#8211; nascidos de 01\/04\/2017 \u00e0 31\/03\/2018<\/strong><\/td>\n<td width=\"99\"><\/td>\n<td width=\"64\"><\/td>\n<\/tr>\n<tr>\n<td width=\"66\"><strong>data solicita\u00e7\u00e3o da vaga<\/strong><\/td>\n<td width=\"51\"><strong>posi\u00e7\u00e3o<\/strong><\/td>\n<td width=\"189\"><strong>Crian\u00e7a<\/strong><\/td>\n<td width=\"72\"><strong>data nasc.<\/strong><\/td>\n<td width=\"188\"><strong>Respons\u00e1vel<\/strong><\/td>\n<td width=\"99\"><strong>comparecimento<\/strong><\/td>\n<td width=\"64\"><strong>hor\u00e1rio<\/strong><\/td>\n<\/tr>\n<tr>\n<td width=\"66\"><strong>18\/12\/2019<\/strong><\/td>\n<td width=\"51\"><strong>1<\/strong><\/td>\n<td width=\"189\"><strong>Ryan Gabriel Ferreira Spanavella(1\u00ba decl\u00ednio)<\/strong><\/td>\n<td width=\"72\"><strong>24\/08\/2017<\/strong><\/td>\n<td width=\"188\"><strong>Micheli F. dos Santos<\/strong><\/td>\n<td width=\"99\">18\/02\/2021<\/td>\n<td width=\"64\">09:30<\/td>\n<\/tr>\n<tr>\n<td width=\"66\"><strong>09\/03\/2020<\/strong><\/td>\n<td width=\"51\"><strong>2<\/strong><\/td>\n<td width=\"189\"><strong>Hemily Vit\u00f3ria Proc\u00f3pio Gon\u00e7alves<\/strong><\/td>\n<td width=\"72\"><strong>02\/03\/2017<\/strong><\/td>\n<td width=\"188\"><strong>Denise helena Ferrari Proc\u00f3pio<\/strong><\/td>\n<td width=\"99\">18\/02\/2021<\/td>\n<td width=\"64\">09:40<\/td>\n<\/tr>\n<tr>\n<td width=\"66\"><strong>11\/03\/2020<\/strong><\/td>\n<td width=\"51\"><strong>3<\/strong><\/td>\n<td width=\"189\"><strong>Carolina Mion Ara\u00fajo<\/strong><\/td>\n<td width=\"72\"><strong>23\/07\/2017<\/strong><\/td>\n<td width=\"188\"><strong>J\u00e9ssica Mion<\/strong><\/td>\n<td width=\"99\">18\/02\/2021<\/td>\n<td width=\"64\">09:50<\/td>\n<\/tr>\n<tr>\n<td width=\"66\"><strong>03\/11\/2020<\/strong><\/td>\n<td width=\"51\"><strong>4<\/strong><\/td>\n<td width=\"189\"><strong>Theo Carniato Canavarro Kunze<\/strong><\/td>\n<td width=\"72\"><strong>13\/04\/2017<\/strong><\/td>\n<td width=\"188\"><strong>Caroline Carniato Canavarro<\/strong><\/td>\n<td width=\"99\">18\/02\/2021<\/td>\n<td width=\"64\">10:00<\/td>\n<\/tr>\n<tr>\n<td width=\"66\"><strong>03\/11\/2020<\/strong><\/td>\n<td width=\"51\"><strong>5<\/strong><\/td>\n<td width=\"189\"><strong>Lucca Carniato Canavarro Kunze<\/strong><\/td>\n<td width=\"72\"><strong>13\/04\/2017<\/strong><\/td>\n<td width=\"188\"><strong>Caroline Carniato Canavarro<\/strong><\/td>\n<td width=\"99\">18\/02\/2021<\/td>\n<td width=\"64\">10:10<\/td>\n<\/tr>\n<tr>\n<td width=\"66\"><strong>03\/11\/2020<\/strong><\/td>\n<td width=\"51\"><strong>6<\/strong><\/td>\n<td width=\"189\"><strong>Fernanda Garcia Bentlin<\/strong><\/td>\n<td width=\"72\"><strong>06\/05\/2017<\/strong><\/td>\n<td width=\"188\"><strong>Tamara Garcia da Costa<\/strong><\/td>\n<td width=\"99\">18\/02\/2021<\/td>\n<td width=\"64\">10:20<\/td>\n<\/tr>\n<tr>\n<td width=\"66\"><strong>03\/11\/2020<\/strong><\/td>\n<td width=\"51\"><strong>7<\/strong><\/td>\n<td width=\"189\"><strong>Karen Esp\u00edndola Rocha de Godoi<\/strong><\/td>\n<td width=\"72\"><strong>31\/05\/2017<\/strong><\/td>\n<td width=\"188\"><strong>Ana Paula Esp\u00edndola R. de Godoi<\/strong><\/td>\n<td width=\"99\">18\/02\/2021<\/td>\n<td width=\"64\">10:30<\/td>\n<\/tr>\n<tr>\n<td width=\"66\"><strong>06\/11\/2020<\/strong><\/td>\n<td width=\"51\"><strong>8<\/strong><\/td>\n<td width=\"189\"><strong>Isaac Emanoel Alves Borges<\/strong><\/td>\n<td width=\"72\"><strong>19\/02\/2018<\/strong><\/td>\n<td width=\"188\"><strong>J\u00e9ssica Fernandes Alves Borges<\/strong><\/td>\n<td width=\"99\">18\/02\/2021<\/td>\n<td width=\"64\">10:40<\/td>\n<\/tr>\n<tr>\n<td width=\"66\"><strong>17\/11\/2020<\/strong><\/td>\n<td width=\"51\"><strong>9<\/strong><\/td>\n<td width=\"189\"><strong>Lu\u00edz Gabriell de Ara\u00fajo<\/strong><\/td>\n<td width=\"72\"><strong>30\/10\/2017<\/strong><\/td>\n<td width=\"188\"><strong>Tamiris de C\u00e1ssia de Ara\u00fajo<\/strong><\/td>\n<td width=\"99\">18\/02\/2021<\/td>\n<td width=\"64\">10:50<\/td>\n<\/tr>\n<tr>\n<td width=\"66\"><strong>02\/12\/2020<\/strong><\/td>\n<td width=\"51\"><strong>10<\/strong><\/td>\n<td width=\"189\"><strong>Guilherme Carvalho Bezerra<\/strong><\/td>\n<td width=\"72\"><strong>25\/05\/2017<\/strong><\/td>\n<td width=\"188\"><strong>Fernanda Alves C. Bezerra<\/strong><\/td>\n<td width=\"99\">18\/02\/2021<\/td>\n<td width=\"64\">13:00<\/td>\n<\/tr>\n<tr>\n<td width=\"66\"><strong>08\/12\/2020<\/strong><\/td>\n<td width=\"51\"><strong>11<\/strong><\/td>\n<td width=\"189\"><strong>Lucas Ramos Villela<\/strong><\/td>\n<td width=\"72\"><strong>18\/02\/2018<\/strong><\/td>\n<td width=\"188\"><strong>Tarimy Ramos Villela<\/strong><\/td>\n<td width=\"99\">18\/02\/2021<\/td>\n<td width=\"64\">13:10<\/td>\n<\/tr>\n<tr>\n<td width=\"66\"><strong>11\/12\/2020<\/strong><\/td>\n<td width=\"51\"><strong>12<\/strong><\/td>\n<td width=\"189\"><strong>Jo\u00e3o Francisco Bianchi Latorre<\/strong><\/td>\n<td width=\"72\"><strong>04\/05\/2017<\/strong><\/td>\n<td width=\"188\"><strong>Karla Cristina Bianchi Tavares<\/strong><\/td>\n<td width=\"99\">18\/02\/2021<\/td>\n<td width=\"64\">13:20<\/td>\n<\/tr>\n<tr>\n<td width=\"66\"><strong>14\/12\/2020<\/strong><\/td>\n<td width=\"51\"><strong>13<\/strong><\/td>\n<td width=\"189\"><strong>Maria Eduarda Canalli<\/strong><\/td>\n<td width=\"72\"><strong>27\/05\/2020<\/strong><\/td>\n<td width=\"188\"><strong>Rafaela de Lima Belis\u00e1rio Canalli<\/strong><\/td>\n<td width=\"99\">18\/02\/2021<\/td>\n<td width=\"64\">13:30<\/td>\n<\/tr>\n<tr>\n<td width=\"66\"><strong>22\/01\/2021<\/strong><\/td>\n<td width=\"51\"><strong>14<\/strong><\/td>\n<td width=\"189\"><strong>Ketly Vit\u00f3ria Muniz de Souza<\/strong><\/td>\n<td width=\"72\"><strong>03\/01\/2018<\/strong><\/td>\n<td width=\"188\"><strong>Cleusa Rita Cardoso de Souza<\/strong><\/td>\n<td width=\"99\">18\/02\/2021<\/td>\n<td width=\"64\">14:00<\/td>\n<\/tr>\n<tr>\n<td width=\"66\"><strong>01\/02\/2021<\/strong><\/td>\n<td width=\"51\"><strong>15<\/strong><\/td>\n<td width=\"189\"><strong>Davi Elias da Silva Pereira<\/strong><\/td>\n<td width=\"72\"><strong>22\/12\/2017<\/strong><\/td>\n<td width=\"188\"><strong>Elis\u00e2ngela Aline da Silva Pereira<\/strong><\/td>\n<td width=\"99\">18\/02\/2021<\/td>\n<td width=\"64\">14:10<\/td>\n<\/tr>\n<tr>\n<td width=\"66\"><strong>05\/02\/2021<\/strong><\/td>\n<td width=\"51\"><strong>16<\/strong><\/td>\n<td width=\"189\"><strong>Julia Prado Mattoso Boaventura<\/strong><\/td>\n<td width=\"72\"><strong>28\/06\/2017<\/strong><\/td>\n<td width=\"188\"><strong>Monica Martins da Silva prado<\/strong><\/td>\n<td width=\"99\">18\/02\/2021<\/td>\n<td width=\"64\">14:20<\/td>\n<\/tr>\n<tr>\n<td width=\"66\"><strong>08\/02\/2021<\/strong><\/td>\n<td width=\"51\"><strong>17<\/strong><\/td>\n<td width=\"189\"><strong>Nicollas Silva de Carvalho<\/strong><\/td>\n<td width=\"72\"><strong>24\/04\/2017<\/strong><\/td>\n<td width=\"188\"><strong>Vanessa Silva de Carvalho<\/strong><\/td>\n<td width=\"99\">18\/02\/2021<\/td>\n<td width=\"64\">14:30<\/td>\n<\/tr>\n<\/tbody>\n<\/table>\n<p>&nbsp;<\/p>\n<p>&nbsp;<\/p>\n<p>&nbsp;<\/p>\n<p>&nbsp;<\/p>\n<p>Santa Rita do Passa Quatro, 10\/02\/2021<\/p>\n","protected":false},"excerpt":{"rendered":"<p>RESOLU\u00c7\u00c3O DEM 02\/2019 \u2013 \u201cLISTA \u00daNICA\u201d CRECHES MUNICIPAIS \u00a0 4\u00aa CHAMADA PARA MATR\u00cdCULA 2021 \u2013 \u00a0 \u00a0 \u00a0\u00a0\u00a0\u00a0\u00a0\u00a0\u00a0\u00a0\u00a0\u00a0\u00a0 Os respons\u00e1veis<\/p>\n","protected":false},"author":1,"featured_media":0,"comment_status":"closed","ping_status":"open","sticky":false,"template":"","format":"standard","meta":{"footnotes":""},"categories":[28],"tags":[],"class_list":["post-4363","post","type-post","status-publish","format-standard","hentry","category-educacao"],"_links":{"self":[{"href":"https:\/\/www.santaritadopassaquatro.sp.gov.br\/portal\/wp-json\/wp\/v2\/posts\/4363","targetHints":{"allow":["GET"]}}],"collection":[{"href":"https:\/\/www.santaritadopassaquatro.sp.gov.br\/portal\/wp-json\/wp\/v2\/posts"}],"about":[{"href":"https:\/\/www.santaritadopassaquatro.sp.gov.br\/portal\/wp-json\/wp\/v2\/types\/post"}],"author":[{"embeddable":true,"href":"https:\/\/www.santaritadopassaquatro.sp.gov.br\/portal\/wp-json\/wp\/v2\/users\/1"}],"replies":[{"embeddable":true,"href":"https:\/\/www.santaritadopassaquatro.sp.gov.br\/portal\/wp-json\/wp\/v2\/comments?post=4363"}],"version-history":[{"count":1,"href":"https:\/\/www.santaritadopassaquatro.sp.gov.br\/portal\/wp-json\/wp\/v2\/posts\/4363\/revisions"}],"predecessor-version":[{"id":4364,"href":"https:\/\/www.santaritadopassaquatro.sp.gov.br\/portal\/wp-json\/wp\/v2\/posts\/4363\/revisions\/4364"}],"wp:attachment":[{"href":"https:\/\/www.santaritadopassaquatro.sp.gov.br\/portal\/wp-json\/wp\/v2\/media?parent=4363"}],"wp:term":[{"taxonomy":"category","embeddable":true,"href":"https:\/\/www.santaritadopassaquatro.sp.gov.br\/portal\/wp-json\/wp\/v2\/categories?post=4363"},{"taxonomy":"post_tag","embeddable":true,"href":"https:\/\/www.santaritadopassaquatro.sp.gov.br\/portal\/wp-json\/wp\/v2\/tags?post=4363"}],"curies":[{"name":"wp","href":"https:\/\/api.w.org\/{rel}","templated":true}]}}