{"id":4365,"date":"2021-02-12T12:17:32","date_gmt":"2021-02-12T15:17:32","guid":{"rendered":"http:\/\/www.santaritadopassaquatro.sp.gov.br\/portal\/?p=4365"},"modified":"2021-06-28T20:55:49","modified_gmt":"2021-06-28T23:55:49","slug":"5a-chamada-para-matricula-2021","status":"publish","type":"post","link":"https:\/\/www.santaritadopassaquatro.sp.gov.br\/portal\/5a-chamada-para-matricula-2021\/","title":{"rendered":"5\u00aa CHAMADA PARA MATR\u00cdCULA 2021"},"content":{"rendered":"<p><strong>RESOLU\u00c7\u00c3O DEM 02\/2019 \u2013 \u201cLISTA \u00daNICA\u201d CRECHES MUNICIPAIS<\/strong><\/p>\n<p><strong>\u00a0<\/strong><\/p>\n<p><strong><u>5\u00aa CHAMADA PARA MATR\u00cdCULA 2021 \u2013<\/u><\/strong><\/p>\n<p><strong><u>\u00a0<\/u><\/strong><\/p>\n<p><strong>\u00a0<\/strong><\/p>\n<p><strong>\u00a0\u00a0\u00a0\u00a0\u00a0\u00a0\u00a0\u00a0\u00a0\u00a0\u00a0 <\/strong>Os respons\u00e1veis pelas crian\u00e7as contempladas pelas vagas, dever\u00e3o comparecer ao <strong><u>Departamento de Educa\u00e7\u00e3o<\/u><\/strong>, nos dias 19\/02\/2021 e 22\/02\/2021 no hor\u00e1rio abaixo, para serem direcionados para as Unidades de Creches.<\/p>\n<p>&nbsp;<\/p>\n<p>O atendimento funcionar\u00e1 da seguinte maneira:<\/p>\n<p><strong>\u00a0\u00a0\u00a0\u00a0\u00a0\u00a0\u00a0\u00a0\u00a0\u00a0\u00a0 <\/strong><strong>\u00a0\u00a0\u00a0\u00a0\u00a0\u00a0\u00a0\u00a0\u00a0\u00a0 <\/strong><\/p>\n<p><strong>\u00a0\u00a0 \u00a0BER\u00c7\u00c1RIO I- nascidos a partir de 01\/04\/2020-31\/03\/2021\u00a0 e todos os nascidos em 2021<\/strong><\/p>\n<p><strong>\u00a0\u00a0\u00a0 BER\u00c7ARIO II- nascidos de 01\/04\/2019 \u00e0 31\/03\/2020<\/strong><\/p>\n<p><strong>\u00a0\u00a0\u00a0 MATERNAL I- nascidos de 01\/04\/2018 \u00e0 31\/03\/2019<\/strong><\/p>\n<p><strong>\u00a0<\/strong><\/p>\n<p><strong>\u00a0\u00a0\u00a0\u00a0\u00a0\u00a0\u00a0\u00a0\u00a0\u00a0\u00a0 <\/strong>Ser\u00e1 entregue uma <strong><u>senha conforme a ordem de cadastro na lista de chamada<\/u><\/strong>, desde que o respons\u00e1vel chegue no hor\u00e1rio estipulado. Caso compare\u00e7a ap\u00f3s o hor\u00e1rio marcado, a escolha da vaga ocorrer\u00e1 no final do hor\u00e1rio para o qual foi chamado.<\/p>\n<p>Na ocasi\u00e3o, dever\u00e3o estar munidos da <strong>certid\u00e3o de nascimento da crian\u00e7a e documento de identidade dos pais\/respons\u00e1veis com foto.<\/strong><\/p>\n<p>Ap\u00f3s o direcionamento da vaga no Departamento de Educa\u00e7\u00e3o os respons\u00e1veis ter\u00e3o um prazo de <strong><u>10 (dez) dias para efetiva\u00e7\u00e3o da matr\u00edcula na creche.<\/u><\/strong><\/p>\n<p>A n\u00e3o efetiva\u00e7\u00e3o da matr\u00edcula no prazo estipulado ser\u00e1 considerada manifesta\u00e7\u00e3o de desinteresse e o nome da crian\u00e7a ser\u00e1 retirado da <strong>Lista \u00danica<\/strong>.<\/p>\n<p>Os respons\u00e1veis dos contemplados pelas vagas, que n\u00e3o tiverem mais interesse pela mesma, dever\u00e3o comparecer a este Departamento para assinar o <strong>TERMO DE DESIST\u00caNCIA<\/strong>.<\/p>\n<p>&nbsp;<\/p>\n<p>PROTOCOLOS DEVIDO AO COVID-19 \u2013 Uso de m\u00e1scara<\/p>\n<p>Somente uma pessoa da fam\u00edlia<\/p>\n<p>Seguir rigorosamente o hor\u00e1rio marcado, n\u00e3o chegar com anteced\u00eancia, pois iremos seguir \u00a0a ordem da lista \u00fanica.<\/p>\n<p>&nbsp;<\/p>\n<p>&nbsp;<\/p>\n<p>Departamento de Educa\u00e7\u00e3o \u2013 Av. Severino Meirelles, n\u00ba 1.230 \u2013 Centro \u2013 Tel: 35828540<\/p>\n<p>&nbsp;<\/p>\n<table width=\"0\">\n<tbody>\n<tr>\n<td width=\"16\"><\/td>\n<td width=\"66\"><strong>\u00a0<\/strong><\/td>\n<td colspan=\"3\" width=\"487\"><strong>BER\u00c7ARIO I &#8211; nascidos a partir de 01\/04\/2020-31\/03\/2021\u00a0 e todos os nascidos em 2021 <\/strong><\/td>\n<td width=\"99\"><\/td>\n<td width=\"64\"><\/td>\n<\/tr>\n<tr>\n<td width=\"16\"><\/td>\n<td width=\"66\"><strong>data solic. Vaga<\/strong><\/td>\n<td width=\"51\"><strong>posi\u00e7\u00e3o<\/strong><\/td>\n<td width=\"223\"><strong>nome da crian\u00e7a<\/strong><\/td>\n<td width=\"213\"><strong>nome da m\u00e3e<\/strong><\/td>\n<td width=\"99\"><strong>comparecimento<\/strong><\/td>\n<td width=\"64\"><strong>hor\u00e1rio<\/strong><\/td>\n<\/tr>\n<tr>\n<td width=\"16\"><\/td>\n<td width=\"66\"><strong>04\/11\/2020<\/strong><\/td>\n<td width=\"51\"><strong>1<\/strong><\/td>\n<td width=\"223\"><strong>Ben\u00edcio Lins Carnielli<\/strong><\/td>\n<td width=\"213\"><strong>Evelin Tais Lins Carnielli<\/strong><\/td>\n<td width=\"99\">19\/02\/2021<\/td>\n<td width=\"64\">07:10<\/td>\n<\/tr>\n<tr>\n<td width=\"16\"><\/td>\n<td width=\"66\"><strong>18\/01\/2021<\/strong><\/td>\n<td width=\"51\"><strong>2<\/strong><\/td>\n<td width=\"223\"><strong>Karolayne Domingos da Silva<\/strong><\/td>\n<td width=\"213\"><strong>Ana Carolina Hip\u00f3lito domingos<\/strong><\/td>\n<td width=\"99\">19\/02\/2021<\/td>\n<td width=\"64\">07:20<\/td>\n<\/tr>\n<tr>\n<td width=\"16\"><\/td>\n<td width=\"66\"><strong>19\/01\/2021<\/strong><\/td>\n<td width=\"51\"><strong>3<\/strong><\/td>\n<td width=\"223\"><strong>Liz Stefanuto Octaviano<\/strong><\/td>\n<td width=\"213\"><strong>Daniela Cristina Stefanuto Octaviano<\/strong><\/td>\n<td width=\"99\">19\/02\/2021<\/td>\n<td width=\"64\">07:30<\/td>\n<\/tr>\n<tr>\n<td width=\"16\"><\/td>\n<td width=\"66\"><strong>20\/01\/2021<\/strong><\/td>\n<td width=\"51\"><strong>4<\/strong><\/td>\n<td width=\"223\"><strong>Davi Boneti Pastori<\/strong><\/td>\n<td width=\"213\"><strong>Regiane de C\u00e1ssia Bonetti Pastori<\/strong><\/td>\n<td width=\"99\">19\/02\/2021<\/td>\n<td width=\"64\">07:40<\/td>\n<\/tr>\n<tr>\n<td width=\"16\"><\/td>\n<td width=\"66\"><strong>21\/01\/2021<\/strong><\/td>\n<td width=\"51\"><strong>5<\/strong><\/td>\n<td width=\"223\"><strong>Sarah Manuela da Silva<\/strong><\/td>\n<td width=\"213\"><strong>Jacqueline Pedro da Silva<\/strong><\/td>\n<td width=\"99\">19\/02\/2021<\/td>\n<td width=\"64\">07:50<\/td>\n<\/tr>\n<tr>\n<td width=\"16\"><\/td>\n<td width=\"66\"><strong>22\/01\/201<\/strong><\/td>\n<td width=\"51\"><strong>6<\/strong><\/td>\n<td width=\"223\"><strong>Ana Lu\u00edza Ara\u00fajo Viotto<\/strong><\/td>\n<td width=\"213\"><strong>Shirlene Nascimento Ara\u00fajo<\/strong><\/td>\n<td width=\"99\">19\/02\/2021<\/td>\n<td width=\"64\">08:00<\/td>\n<\/tr>\n<tr>\n<td width=\"16\"><\/td>\n<td width=\"66\"><strong>25\/01\/2021<\/strong><\/td>\n<td width=\"51\"><strong>7<\/strong><\/td>\n<td width=\"223\"><strong>Jo\u00e3o Miguel Mioto Vitoriano<\/strong><\/td>\n<td width=\"213\"><strong>Ana Luisa Mioto Vitoriano<\/strong><\/td>\n<td width=\"99\">19\/02\/2021<\/td>\n<td width=\"64\">08:10<\/td>\n<\/tr>\n<tr>\n<td width=\"16\"><\/td>\n<td width=\"66\"><strong>26\/01\/2021<\/strong><\/td>\n<td width=\"51\"><strong>8<\/strong><\/td>\n<td width=\"223\"><strong>Levi Guilherme Correia Ribeiro<\/strong><\/td>\n<td width=\"213\"><strong>Jaqueline Cristina C. da Silva<\/strong><\/td>\n<td width=\"99\">19\/02\/2021<\/td>\n<td width=\"64\">08:20<\/td>\n<\/tr>\n<tr>\n<td width=\"16\"><\/td>\n<td width=\"66\"><strong>26\/01\/2021<\/strong><\/td>\n<td width=\"51\"><strong>9<\/strong><\/td>\n<td width=\"223\"><strong>Apolo Moreira Pereira<\/strong><\/td>\n<td width=\"213\"><strong>Silvanete Moreira Pereira<\/strong><\/td>\n<td width=\"99\">19\/02\/2021<\/td>\n<td width=\"64\">08:30<\/td>\n<\/tr>\n<tr>\n<td width=\"16\"><\/td>\n<td width=\"66\"><strong>27\/01\/2021<\/strong><\/td>\n<td width=\"51\"><strong>10<\/strong><\/td>\n<td width=\"223\"><strong>Mathias Eduardo Santiago Dalbelo<\/strong><\/td>\n<td width=\"213\"><strong>Monicia Santiago Nunes<\/strong><\/td>\n<td width=\"99\">19\/02\/2021<\/td>\n<td width=\"64\">08:40<\/td>\n<\/tr>\n<tr>\n<td width=\"16\"><\/td>\n<td width=\"66\"><strong>02\/02\/2021<\/strong><\/td>\n<td width=\"51\"><strong>11<\/strong><\/td>\n<td width=\"223\"><strong>Emilly Danielle da Silva Pereira<\/strong><\/td>\n<td width=\"213\"><strong>Elis\u00e2ngela Aline da Silva Pereira<\/strong><\/td>\n<td width=\"99\">19\/02\/2021<\/td>\n<td width=\"64\">08:50<\/td>\n<\/tr>\n<tr>\n<td width=\"16\"><\/td>\n<td width=\"66\"><strong>03\/02\/2021<\/strong><\/td>\n<td width=\"51\"><strong>12<\/strong><\/td>\n<td width=\"223\"><strong>Jo\u00e3o Paulo de Oliveira da Silva<\/strong><\/td>\n<td width=\"213\"><strong>Carina Merenciano Monteiro de Oliveira<\/strong><\/td>\n<td width=\"99\">19\/02\/2021<\/td>\n<td width=\"64\">09:00<\/td>\n<\/tr>\n<tr>\n<td width=\"16\"><\/td>\n<td width=\"66\"><strong>05\/02\/2021<\/strong><\/td>\n<td width=\"51\"><strong>13<\/strong><\/td>\n<td width=\"223\"><strong>Willian guilherme Octaviano<\/strong><\/td>\n<td width=\"213\"><strong>Yasmim Keice Cabral<\/strong><\/td>\n<td width=\"99\">19\/02\/2021<\/td>\n<td width=\"64\">09:10<\/td>\n<\/tr>\n<tr>\n<td width=\"16\"><\/td>\n<td width=\"66\"><strong>09\/02\/2021<\/strong><\/td>\n<td width=\"51\"><strong>14<\/strong><\/td>\n<td width=\"223\"><strong>Jo\u00e3o Antonio Pav\u00e2o de Lima<\/strong><\/td>\n<td width=\"213\"><strong>Ana Rosa Pav\u00e2o<\/strong><\/td>\n<td width=\"99\">19\/02\/2021<\/td>\n<td width=\"64\">09:20<\/td>\n<\/tr>\n<tr>\n<td width=\"16\"><\/td>\n<td width=\"66\"><strong>10\/02\/2021<\/strong><\/td>\n<td width=\"51\"><strong>15<\/strong><\/td>\n<td width=\"223\"><strong>Isabella Maria dos Santos Souza<\/strong><\/td>\n<td width=\"213\"><strong>Janusa dos Santos<\/strong><\/td>\n<td width=\"99\">19\/02\/2021<\/td>\n<td width=\"64\">09:30<\/td>\n<\/tr>\n<tr>\n<td width=\"16\"><\/td>\n<td width=\"66\"><strong>10\/02\/2021<\/strong><\/td>\n<td width=\"51\"><strong>16<\/strong><\/td>\n<td width=\"223\"><strong>Allice Alves Siqueira<\/strong><\/td>\n<td width=\"213\"><strong>Eliana Alves<\/strong><\/td>\n<td width=\"99\">19\/02\/2021<\/td>\n<td width=\"64\">09:40<\/td>\n<\/tr>\n<tr>\n<td width=\"16\"><\/td>\n<td width=\"66\"><strong>10\/02\/2021<\/strong><\/td>\n<td width=\"51\"><strong>17<\/strong><\/td>\n<td width=\"223\"><strong>Chloe Vila\u00e7a Giaretta Baptista<\/strong><\/td>\n<td width=\"213\"><strong>Thaisa Rodrigues Vila\u00e7a Carreirinha<\/strong><\/td>\n<td width=\"99\">19\/02\/2021<\/td>\n<td width=\"64\">09:50<\/td>\n<\/tr>\n<tr>\n<td width=\"16\"><\/td>\n<td width=\"66\"><strong>12\/02\/2021<\/strong><\/td>\n<td width=\"51\"><strong>18<\/strong><\/td>\n<td width=\"223\"><strong>Ailton Santos de Almeida J\u00fanior<\/strong><\/td>\n<td width=\"213\"><strong>V\u00e2nia Cristina Barros<\/strong><\/td>\n<td width=\"99\">19\/02\/2021<\/td>\n<td width=\"64\">10:00<\/td>\n<\/tr>\n<tr>\n<td width=\"16\"><\/td>\n<td width=\"66\"><strong>\u00a0<\/strong><\/td>\n<td width=\"51\"><strong>\u00a0<\/strong><\/td>\n<td width=\"223\"><strong>\u00a0<\/strong><\/td>\n<td width=\"213\"><strong>\u00a0<\/strong><\/td>\n<td width=\"99\"><\/td>\n<td width=\"64\"><\/td>\n<\/tr>\n<tr>\n<td width=\"16\"><\/td>\n<td width=\"66\"><strong>\u00a0<\/strong><\/td>\n<td colspan=\"3\" width=\"487\"><strong>BER\u00c7ARIO II- nascidos de 01\/04\/2019 \u00e0 31\/03\/2020<\/strong><\/td>\n<td width=\"99\"><\/td>\n<td width=\"64\"><\/td>\n<\/tr>\n<tr>\n<td width=\"16\"><strong>\u00a0<\/strong><\/td>\n<td width=\"66\"><strong>data solicita\u00e7\u00e3o da vaga<\/strong><\/td>\n<td width=\"51\"><strong>Posi\u00e7\u00e3o<\/strong><\/td>\n<td width=\"223\"><strong>Crian\u00e7a<\/strong><\/td>\n<td width=\"213\"><strong>Respons\u00e1vel<\/strong><\/td>\n<td width=\"99\"><strong>comparecimento<\/strong><\/td>\n<td width=\"64\"><strong>hor\u00e1rio<\/strong><\/td>\n<\/tr>\n<tr>\n<td width=\"16\"><\/td>\n<td width=\"66\"><strong>31\/01\/2020<\/strong><\/td>\n<td width=\"51\"><strong>1<\/strong><\/td>\n<td width=\"223\"><strong>Cauan Henrique L. Brentan <\/strong><strong>(2\u00ba decl\u00ednio)<\/strong><\/td>\n<td width=\"213\"><strong>Iara Soares Ribeiro de Lima<\/strong><\/td>\n<td width=\"99\">19\/02\/2021<\/td>\n<td width=\"64\">10:50<\/td>\n<\/tr>\n<tr>\n<td width=\"16\"><\/td>\n<td width=\"66\"><strong>03\/03\/2020<\/strong><\/td>\n<td width=\"51\"><strong>2<\/strong><\/td>\n<td width=\"223\"><strong>Samuel Vin\u00edcius Sidney Ribeiro<\/strong><\/td>\n<td width=\"213\"><strong>Isadora Sidney Severino<\/strong><\/td>\n<td width=\"99\">19\/02\/2021<\/td>\n<td width=\"64\">11:00<\/td>\n<\/tr>\n<tr>\n<td width=\"16\"><\/td>\n<td width=\"66\"><strong>09\/03\/2020<\/strong><\/td>\n<td width=\"51\"><strong>3<\/strong><\/td>\n<td width=\"223\"><strong>Sophia Gabrielly Rocha Spanavella<\/strong><\/td>\n<td width=\"213\"><strong>Dara Roberta Sacramento Spanavella<\/strong><\/td>\n<td width=\"99\">19\/02\/2021<\/td>\n<td width=\"64\">11:10<\/td>\n<\/tr>\n<tr>\n<td width=\"16\"><\/td>\n<td width=\"66\"><strong>09\/03\/2020<\/strong><\/td>\n<td width=\"51\"><strong>4<\/strong><\/td>\n<td width=\"223\"><strong>Lorena de F\u00e1tima Aparecida Meller<\/strong><\/td>\n<td width=\"213\"><strong>Tamiris Aparecida Barbosa<\/strong><\/td>\n<td width=\"99\">19\/02\/2021<\/td>\n<td width=\"64\">11:20<\/td>\n<\/tr>\n<tr>\n<td width=\"16\"><\/td>\n<td width=\"66\"><strong>16\/03\/2020<\/strong><\/td>\n<td width=\"51\"><strong>5<\/strong><\/td>\n<td width=\"223\"><strong>Emanoelly Vit\u00f3ria de Oliveira Martins<\/strong><\/td>\n<td width=\"213\"><strong>Karian Fernanda O. Martins<\/strong><\/td>\n<td width=\"99\">19\/02\/2021<\/td>\n<td width=\"64\">11:30<\/td>\n<\/tr>\n<tr>\n<td width=\"16\"><\/td>\n<td width=\"66\"><strong>03\/11\/2020<\/strong><\/td>\n<td width=\"51\"><strong>6<\/strong><\/td>\n<td width=\"223\"><strong>Rafaela Garcia Bentlin<\/strong><\/td>\n<td width=\"213\"><strong>Tamara Garcia da Costa<\/strong><\/td>\n<td width=\"99\">19\/02\/2021<\/td>\n<td width=\"64\">13:00<\/td>\n<\/tr>\n<tr>\n<td width=\"16\"><\/td>\n<td width=\"66\"><strong>04\/11\/2020<\/strong><\/td>\n<td width=\"51\"><strong>7<\/strong><\/td>\n<td width=\"223\"><strong>Ian Samuel Felix Lopes<\/strong><\/td>\n<td width=\"213\"><strong>Janailma Felix de Ara\u00fajo<\/strong><\/td>\n<td width=\"99\">19\/02\/2021<\/td>\n<td width=\"64\">13:10<\/td>\n<\/tr>\n<tr>\n<td width=\"16\"><\/td>\n<td width=\"66\"><strong>06\/11\/2020<\/strong><\/td>\n<td width=\"51\"><strong>8<\/strong><\/td>\n<td width=\"223\"><strong>Ben\u00edcio Lima Lopes<\/strong><\/td>\n<td width=\"213\"><strong>Christiane Lima Souza<\/strong><\/td>\n<td width=\"99\">19\/02\/2021<\/td>\n<td width=\"64\">13:20<\/td>\n<\/tr>\n<tr>\n<td width=\"16\"><\/td>\n<td width=\"66\"><strong>06\/11\/2020<\/strong><\/td>\n<td width=\"51\"><strong>9<\/strong><\/td>\n<td width=\"223\"><strong>Lorena Vit\u00f3ria Alves Borges<\/strong><\/td>\n<td width=\"213\"><strong>J\u00e9ssica Fernanda Alves Borges<\/strong><\/td>\n<td width=\"99\">19\/02\/2021<\/td>\n<td width=\"64\">13:30<\/td>\n<\/tr>\n<tr>\n<td width=\"16\"><\/td>\n<td width=\"66\"><strong>09\/11\/2020<\/strong><\/td>\n<td width=\"51\"><strong>10<\/strong><\/td>\n<td width=\"223\"><strong>Ben\u00edcio Candido da Silva<\/strong><\/td>\n<td width=\"213\"><strong>Solange Guarita Candida da Silva<\/strong><\/td>\n<td width=\"99\">19\/02\/2021<\/td>\n<td width=\"64\">13:40<\/td>\n<\/tr>\n<tr>\n<td width=\"16\"><\/td>\n<td width=\"66\"><strong>09\/11\/2020<\/strong><\/td>\n<td width=\"51\"><strong>11<\/strong><\/td>\n<td width=\"223\"><strong>Maria Eduarda Capeletto<\/strong><\/td>\n<td width=\"213\"><strong>Patricia Cristina F. Capeletto<\/strong><\/td>\n<td width=\"99\">19\/02\/2021<\/td>\n<td width=\"64\">13:50<\/td>\n<\/tr>\n<tr>\n<td width=\"16\"><\/td>\n<td width=\"66\"><strong>10\/11\/2020<\/strong><\/td>\n<td width=\"51\"><strong>12<\/strong><\/td>\n<td width=\"223\"><strong>Mariah Fernandes Mota<\/strong><\/td>\n<td width=\"213\"><strong>Michelle Carvalho Fernandes<\/strong><\/td>\n<td width=\"99\">19\/02\/2021<\/td>\n<td width=\"64\">14:00<\/td>\n<\/tr>\n<tr>\n<td width=\"16\"><\/td>\n<td width=\"66\"><strong>10\/11\/2020<\/strong><\/td>\n<td width=\"51\"><strong>13<\/strong><\/td>\n<td width=\"223\"><strong>Ana Liz Formoso<\/strong><\/td>\n<td width=\"213\"><strong>Yve Cilene Sobral Formoso<\/strong><\/td>\n<td width=\"99\">19\/02\/2021<\/td>\n<td width=\"64\">14:10<\/td>\n<\/tr>\n<tr>\n<td width=\"16\"><\/td>\n<td width=\"66\"><strong>11\/11\/2020<\/strong><\/td>\n<td width=\"51\"><strong>14<\/strong><\/td>\n<td width=\"223\"><strong>Thomas Lemes de Carvalho Suatti<\/strong><\/td>\n<td width=\"213\"><strong>Any Caroline L. C. Suatti<\/strong><\/td>\n<td width=\"99\">19\/02\/2021<\/td>\n<td width=\"64\">14:20<\/td>\n<\/tr>\n<tr>\n<td width=\"16\"><\/td>\n<td width=\"66\"><strong>12\/11\/2020<\/strong><\/td>\n<td width=\"51\"><strong>15<\/strong><\/td>\n<td width=\"223\"><strong>Maria Julia Valverde Vitoriano<\/strong><\/td>\n<td width=\"213\"><strong>Ana Batriz Valverde Asarias<\/strong><\/td>\n<td width=\"99\">19\/02\/2021<\/td>\n<td width=\"64\">14:30<\/td>\n<\/tr>\n<tr>\n<td width=\"16\"><\/td>\n<td width=\"66\"><strong>12\/11\/2020<\/strong><\/td>\n<td width=\"51\"><strong>16<\/strong><\/td>\n<td width=\"223\"><strong>Ra\u00edssa Bastos Nogueira Severino<\/strong><\/td>\n<td width=\"213\"><strong>Rita de F\u00e1tima Nogueira Oliveira<\/strong><\/td>\n<td width=\"99\">19\/02\/2021<\/td>\n<td width=\"64\">14:40<\/td>\n<\/tr>\n<tr>\n<td width=\"16\"><\/td>\n<td width=\"66\"><strong>16\/11\/2020<\/strong><\/td>\n<td width=\"51\"><strong>17<\/strong><\/td>\n<td width=\"223\"><strong>P\u00e9rola Marques da Rocha<\/strong><\/td>\n<td width=\"213\"><strong>B\u00e1rbara J. Marques da Rocha<\/strong><\/td>\n<td width=\"99\">19\/02\/2021<\/td>\n<td width=\"64\">14:50<\/td>\n<\/tr>\n<tr>\n<td width=\"16\"><\/td>\n<td width=\"66\"><strong>18\/11\/2020<\/strong><\/td>\n<td width=\"51\"><strong>18<\/strong><\/td>\n<td width=\"223\"><strong>Lucas Moino<\/strong><\/td>\n<td width=\"213\"><strong>Ananda Alves da Silva<\/strong><\/td>\n<td width=\"99\">19\/02\/2021<\/td>\n<td width=\"64\">15:00<\/td>\n<\/tr>\n<tr>\n<td width=\"16\"><\/td>\n<td width=\"66\"><strong>18\/11\/2020<\/strong><\/td>\n<td width=\"51\"><strong>19<\/strong><\/td>\n<td width=\"223\"><strong>Hiago Barbosa Muniz<\/strong><\/td>\n<td width=\"213\"><strong>Cleidiane B. Cardoso Muniz<\/strong><\/td>\n<td width=\"99\">19\/02\/2021<\/td>\n<td width=\"64\">15:10<\/td>\n<\/tr>\n<tr>\n<td width=\"16\"><\/td>\n<td width=\"66\"><strong>24\/11\/2020<\/strong><\/td>\n<td width=\"51\"><strong>20<\/strong><\/td>\n<td width=\"223\"><strong>Isis Rodrigues Martins<\/strong><\/td>\n<td width=\"213\"><strong>Nayara Rodrigues da Silva<\/strong><\/td>\n<td width=\"99\">19\/02\/2021<\/td>\n<td width=\"64\">15:20<\/td>\n<\/tr>\n<tr>\n<td width=\"16\"><\/td>\n<td width=\"66\"><strong>01\/12\/2020<\/strong><\/td>\n<td width=\"51\"><strong>21<\/strong><\/td>\n<td width=\"223\"><strong>Emilly Valentina Rodrigues Tuon<\/strong><\/td>\n<td width=\"213\"><strong>Jaqueline Rodrigues da Silva<\/strong><\/td>\n<td width=\"99\">19\/02\/2021<\/td>\n<td width=\"64\">15:30<\/td>\n<\/tr>\n<tr>\n<td width=\"16\"><\/td>\n<td width=\"66\"><strong>10\/12\/2020<\/strong><\/td>\n<td width=\"51\"><strong>22<\/strong><\/td>\n<td width=\"223\"><strong>Isabelle Sophia Ferreira<\/strong><\/td>\n<td width=\"213\"><strong>Kelly Grazieli Stivaletti Ferreira<\/strong><\/td>\n<td width=\"99\">19\/02\/2021<\/td>\n<td width=\"64\">15:40<\/td>\n<\/tr>\n<tr>\n<td width=\"16\"><\/td>\n<td width=\"66\"><strong>\u00a0<\/strong><\/td>\n<td width=\"51\"><strong>\u00a0<\/strong><\/td>\n<td width=\"223\"><strong>\u00a0<\/strong><\/td>\n<td width=\"213\"><strong>\u00a0<\/strong><\/td>\n<td width=\"99\"><\/td>\n<td width=\"64\"><\/td>\n<\/tr>\n<tr>\n<td width=\"16\"><\/td>\n<td width=\"66\"><strong>\u00a0<\/strong><\/td>\n<td colspan=\"3\" width=\"487\"><strong>MATERNAL I- nascidos de 01\/04\/2018 \u00e0 31\/03\/2019<\/strong><\/td>\n<td width=\"99\"><\/td>\n<td width=\"64\"><\/td>\n<\/tr>\n<tr>\n<td width=\"16\"><strong>\u00a0<\/strong><\/td>\n<td width=\"66\"><strong>data solicita\u00e7\u00e3o da vaga<\/strong><\/td>\n<td width=\"51\"><strong>Posi\u00e7\u00e3o<\/strong><\/td>\n<td width=\"223\"><strong>Crian\u00e7a<\/strong><\/td>\n<td width=\"213\"><strong>Respons\u00e1vel<\/strong><\/td>\n<td width=\"99\"><strong>comparecimento<\/strong><\/td>\n<td width=\"64\"><strong>hor\u00e1rio<\/strong><\/td>\n<\/tr>\n<tr>\n<td width=\"16\"><\/td>\n<td width=\"66\"><strong>24\/04\/2019<\/strong><\/td>\n<td width=\"51\"><strong>1<\/strong><\/td>\n<td width=\"223\"><strong>Estela Valentina M. Fioretti<\/strong><strong>(2\u00ba decl\u00ednio)<\/strong><\/td>\n<td width=\"213\"><strong>Victoria Maria ata\u00edde de Morais<\/strong><\/td>\n<td width=\"99\"><strong>22\/02\/2021<\/strong><\/td>\n<td width=\"64\">07:00<\/td>\n<\/tr>\n<tr>\n<td width=\"16\"><\/td>\n<td width=\"66\"><strong>10\/07\/2019<\/strong><\/td>\n<td width=\"51\"><strong>2<\/strong><\/td>\n<td width=\"223\"><strong>Alana Carollina de Souza Lima<\/strong><strong>(1\u00ba decl\u00ednio)<\/strong><\/td>\n<td width=\"213\"><strong>Livia Cristina dos santos Souza<\/strong><\/td>\n<td width=\"99\"><strong>22\/02\/2021<\/strong><\/td>\n<td width=\"64\">07:10<\/td>\n<\/tr>\n<tr>\n<td width=\"16\"><\/td>\n<td width=\"66\"><strong>09\/08\/2019<\/strong><\/td>\n<td width=\"51\"><strong>3<\/strong><\/td>\n<td width=\"223\"><strong>Sofia Helena Martins Bastos<\/strong><strong>(1\u00ba decl\u00ednio)<\/strong><\/td>\n<td width=\"213\"><strong>Bruna Martins Bastos<\/strong><\/td>\n<td width=\"99\"><strong>22\/02\/2021<\/strong><\/td>\n<td width=\"64\">07:20<\/td>\n<\/tr>\n<tr>\n<td width=\"16\"><\/td>\n<td width=\"66\"><strong>03\/09\/2019<\/strong><\/td>\n<td width=\"51\"><strong>4<\/strong><\/td>\n<td width=\"223\"><strong>Chiara Melinda Chaves<\/strong><strong>(1\u00ba decl\u00ednio)<\/strong><\/td>\n<td width=\"213\"><strong>Michaela Fernanda aparecido<\/strong><\/td>\n<td width=\"99\"><strong>22\/02\/2021<\/strong><\/td>\n<td width=\"64\">07:30<\/td>\n<\/tr>\n<tr>\n<td width=\"16\"><\/td>\n<td width=\"66\"><strong>10\/10\/2019<\/strong><\/td>\n<td width=\"51\"><strong>5<\/strong><\/td>\n<td width=\"223\"><strong>Laura Hellena Sim\u00e3o Cabral<\/strong><\/td>\n<td width=\"213\"><strong>Carolina Gabriela Sim\u00e3o<\/strong><\/td>\n<td width=\"99\"><strong>22\/02\/2021<\/strong><\/td>\n<td width=\"64\">07:40<\/td>\n<\/tr>\n<tr>\n<td width=\"16\"><\/td>\n<td width=\"66\"><strong>22\/11\/2019<\/strong><\/td>\n<td width=\"51\"><strong>6<\/strong><\/td>\n<td width=\"223\"><strong>Juliano Rodrigues dos Santos<\/strong><\/td>\n<td width=\"213\"><strong>Eleny Nogueira dos Santos<\/strong><\/td>\n<td width=\"99\"><strong>22\/02\/2021<\/strong><\/td>\n<td width=\"64\">07:50<\/td>\n<\/tr>\n<tr>\n<td width=\"16\"><\/td>\n<td width=\"66\"><strong>04\/12\/2019<\/strong><\/td>\n<td width=\"51\"><strong>7<\/strong><\/td>\n<td width=\"223\"><strong>Maria Cec\u00edlia Baptista Rosa de Souza<\/strong><\/td>\n<td width=\"213\"><strong>Debora B. S. Rosa de Souza<\/strong><\/td>\n<td width=\"99\"><strong>22\/02\/2021<\/strong><\/td>\n<td width=\"64\">08:00<\/td>\n<\/tr>\n<tr>\n<td width=\"16\"><\/td>\n<td width=\"66\"><strong>22\/01\/2020<\/strong><\/td>\n<td width=\"51\"><strong>8<\/strong><\/td>\n<td width=\"223\"><strong>Bernardo Neris dos Santos<\/strong><\/td>\n<td width=\"213\"><strong>Ana Lucia Neris dos Santos<\/strong><\/td>\n<td width=\"99\"><strong>22\/02\/2021<\/strong><\/td>\n<td width=\"64\">08:10<\/td>\n<\/tr>\n<tr>\n<td width=\"16\"><\/td>\n<td width=\"66\"><strong>29\/01\/2020<\/strong><\/td>\n<td width=\"51\"><strong>9<\/strong><\/td>\n<td width=\"223\"><strong>Cellena C\u00e9lia Ferreira de Souza<\/strong><\/td>\n<td width=\"213\"><strong>Cristiane Cardozo Ferreira<\/strong><\/td>\n<td width=\"99\"><strong>22\/02\/2021<\/strong><\/td>\n<td width=\"64\">08:20<\/td>\n<\/tr>\n<tr>\n<td width=\"16\"><\/td>\n<td width=\"66\"><strong>02\/03\/2020<\/strong><\/td>\n<td width=\"51\"><strong>10<\/strong><\/td>\n<td width=\"223\"><strong>Enzo Gabriel Lamas Filiputti<\/strong><\/td>\n<td width=\"213\"><strong>Tha\u00eds de C\u00e1ssia Lamas<\/strong><\/td>\n<td width=\"99\"><strong>22\/02\/2021<\/strong><\/td>\n<td width=\"64\">08:30<\/td>\n<\/tr>\n<tr>\n<td width=\"16\"><\/td>\n<td width=\"66\"><strong>03\/03\/2020<\/strong><\/td>\n<td width=\"51\"><strong>11<\/strong><\/td>\n<td width=\"223\"><strong>Roberto Evangelista Padua Diniz<\/strong><\/td>\n<td width=\"213\"><strong>Let\u00edcia Oliveira dos Santos<\/strong><\/td>\n<td width=\"99\"><strong>22\/02\/2021<\/strong><\/td>\n<td width=\"64\">08:40<\/td>\n<\/tr>\n<tr>\n<td width=\"16\"><\/td>\n<td width=\"66\"><strong>17\/03\/2020<\/strong><\/td>\n<td width=\"51\"><strong>12<\/strong><\/td>\n<td width=\"223\"><strong>Davi Henrique Rodrigues da Silva<\/strong><\/td>\n<td width=\"213\"><strong>Tais Cristina Rodrigues<\/strong><\/td>\n<td width=\"99\"><strong>22\/02\/2021<\/strong><\/td>\n<td width=\"64\">08:50<\/td>\n<\/tr>\n<tr>\n<td width=\"16\"><\/td>\n<td width=\"66\"><strong>03\/11\/2020<\/strong><\/td>\n<td width=\"51\"><strong>13<\/strong><\/td>\n<td width=\"223\"><strong>Augusto Figueiredo Catai<\/strong><\/td>\n<td width=\"213\"><strong>Ligia Cordeiro V. Figueiredo Catai<\/strong><\/td>\n<td width=\"99\"><strong>22\/02\/2021<\/strong><\/td>\n<td width=\"64\">09:00<\/td>\n<\/tr>\n<tr>\n<td width=\"16\"><\/td>\n<td width=\"66\"><strong>04\/11\/2020<\/strong><\/td>\n<td width=\"51\"><strong>14<\/strong><\/td>\n<td width=\"223\"><strong>Brenda Sophia dos Santos<\/strong><\/td>\n<td width=\"213\"><strong>Cristiane Bertoletti <\/strong><\/td>\n<td width=\"99\"><strong>22\/02\/2021<\/strong><\/td>\n<td width=\"64\">09:10<\/td>\n<\/tr>\n<tr>\n<td width=\"16\"><\/td>\n<td width=\"66\"><strong>04\/11\/2020<\/strong><\/td>\n<td width=\"51\"><strong>15<\/strong><\/td>\n<td width=\"223\"><strong>Lucas Chaves dos Santos<\/strong><\/td>\n<td width=\"213\"><strong>Izabella Rodrigues C. Santos<\/strong><\/td>\n<td width=\"99\"><strong>22\/02\/2021<\/strong><\/td>\n<td width=\"64\">09:20<\/td>\n<\/tr>\n<tr>\n<td width=\"16\"><\/td>\n<td width=\"66\"><strong>05\/11\/2020<\/strong><\/td>\n<td width=\"51\"><strong>16<\/strong><\/td>\n<td width=\"223\"><strong>Lu\u00edsa Arantes Beraldo<\/strong><\/td>\n<td width=\"213\"><strong>Gisele Arantes Beraldo<\/strong><\/td>\n<td width=\"99\"><strong>22\/02\/2021<\/strong><\/td>\n<td width=\"64\">09:30<\/td>\n<\/tr>\n<tr>\n<td width=\"16\"><\/td>\n<td width=\"66\"><strong>05\/11\/2020<\/strong><\/td>\n<td width=\"51\"><strong>17<\/strong><\/td>\n<td width=\"223\"><strong>Maria Clara Segala Toratti<\/strong><\/td>\n<td width=\"213\"><strong>Marisa M. S. Toratti<\/strong><\/td>\n<td width=\"99\"><strong>22\/02\/2021<\/strong><\/td>\n<td width=\"64\">09:40<\/td>\n<\/tr>\n<tr>\n<td width=\"16\"><\/td>\n<td width=\"66\"><strong>05\/11\/2020<\/strong><\/td>\n<td width=\"51\"><strong>18<\/strong><\/td>\n<td width=\"223\"><strong>Sarah Massoli Meneghetti<\/strong><\/td>\n<td width=\"213\"><strong>Marina Massoli Lopes<\/strong><\/td>\n<td width=\"99\"><strong>22\/02\/2021<\/strong><\/td>\n<td width=\"64\">09:50<\/td>\n<\/tr>\n<tr>\n<td width=\"16\"><\/td>\n<td width=\"66\"><strong>10\/11\/2020<\/strong><\/td>\n<td width=\"51\"><strong>19<\/strong><\/td>\n<td width=\"223\"><strong>Mateus Ferreira Santana<\/strong><\/td>\n<td width=\"213\"><strong>Erika Carla Ferreira<\/strong><\/td>\n<td width=\"99\"><strong>22\/02\/2021<\/strong><\/td>\n<td width=\"64\">10:00<\/td>\n<\/tr>\n<tr>\n<td width=\"16\"><\/td>\n<td width=\"66\"><strong>17\/11\/2020<\/strong><\/td>\n<td width=\"51\"><strong>20<\/strong><\/td>\n<td width=\"223\"><strong>Lorenzo Utinetti<\/strong><\/td>\n<td width=\"213\"><strong>Tatiana Ap. da Silva<\/strong><\/td>\n<td width=\"99\"><strong>22\/02\/2021<\/strong><\/td>\n<td width=\"64\">10:10<\/td>\n<\/tr>\n<tr>\n<td width=\"16\"><\/td>\n<td width=\"66\"><strong>27\/11\/2020<\/strong><\/td>\n<td width=\"51\"><strong>21<\/strong><\/td>\n<td width=\"223\"><strong>Pedro Octaviano Marchi<\/strong><\/td>\n<td width=\"213\"><strong>Ana Carolina Octaviano Marchi<\/strong><\/td>\n<td width=\"99\"><strong>22\/02\/2021<\/strong><\/td>\n<td width=\"64\">10:20<\/td>\n<\/tr>\n<tr>\n<td width=\"16\"><\/td>\n<td width=\"66\"><strong>02\/12\/2020<\/strong><\/td>\n<td width=\"51\"><strong>22<\/strong><\/td>\n<td width=\"223\"><strong>Maria Lu\u00edsa Trentin<\/strong><\/td>\n<td width=\"213\"><strong>Ana Claudia Correa Trentin<\/strong><\/td>\n<td width=\"99\"><strong>22\/02\/2021<\/strong><\/td>\n<td width=\"64\">10:30<\/td>\n<\/tr>\n<tr>\n<td width=\"16\"><\/td>\n<td width=\"66\"><strong>17\/12\/2020<\/strong><\/td>\n<td width=\"51\"><strong>23<\/strong><\/td>\n<td width=\"223\"><strong>Isaque Fernandes de Souza<\/strong><\/td>\n<td width=\"213\"><strong>Janaina Paula A. F. Souza<\/strong><\/td>\n<td width=\"99\"><strong>22\/02\/2021<\/strong><\/td>\n<td width=\"64\">10:40<\/td>\n<\/tr>\n<tr>\n<td width=\"16\"><\/td>\n<td width=\"66\"><strong>15\/01\/2021<\/strong><\/td>\n<td width=\"51\"><strong>24<\/strong><\/td>\n<td width=\"223\"><strong>Lara Marangoni Ara\u00fajo<\/strong><\/td>\n<td width=\"213\"><strong>Luma Marangoni Cardoso<\/strong><\/td>\n<td width=\"99\"><strong>22\/02\/2021<\/strong><\/td>\n<td width=\"64\">10:50<\/td>\n<\/tr>\n<tr>\n<td width=\"16\"><\/td>\n<td width=\"66\"><strong>22\/01\/2021<\/strong><\/td>\n<td width=\"51\"><strong>25<\/strong><\/td>\n<td width=\"223\"><strong>Cec\u00edlia Oliveira da Silva Laureano<\/strong><\/td>\n<td width=\"213\"><strong>Ana Paula de Oliveira<\/strong><\/td>\n<td width=\"99\"><strong>22\/02\/2021<\/strong><\/td>\n<td width=\"64\">11:00<\/td>\n<\/tr>\n<\/tbody>\n<\/table>\n<p>&nbsp;<\/p>\n<p>&nbsp;<\/p>\n<p>&nbsp;<\/p>\n<p>&nbsp;<\/p>\n<p>Santa Rita do Passa Quatro, 12\/02\/2021<\/p>\n","protected":false},"excerpt":{"rendered":"<p>RESOLU\u00c7\u00c3O DEM 02\/2019 \u2013 \u201cLISTA \u00daNICA\u201d CRECHES MUNICIPAIS \u00a0 5\u00aa CHAMADA PARA MATR\u00cdCULA 2021 \u2013 \u00a0 \u00a0 \u00a0\u00a0\u00a0\u00a0\u00a0\u00a0\u00a0\u00a0\u00a0\u00a0\u00a0 Os respons\u00e1veis<\/p>\n","protected":false},"author":1,"featured_media":0,"comment_status":"closed","ping_status":"open","sticky":false,"template":"","format":"standard","meta":{"footnotes":""},"categories":[48,28],"tags":[],"class_list":["post-4365","post","type-post","status-publish","format-standard","hentry","category-featured","category-educacao"],"_links":{"self":[{"href":"https:\/\/www.santaritadopassaquatro.sp.gov.br\/portal\/wp-json\/wp\/v2\/posts\/4365","targetHints":{"allow":["GET"]}}],"collection":[{"href":"https:\/\/www.santaritadopassaquatro.sp.gov.br\/portal\/wp-json\/wp\/v2\/posts"}],"about":[{"href":"https:\/\/www.santaritadopassaquatro.sp.gov.br\/portal\/wp-json\/wp\/v2\/types\/post"}],"author":[{"embeddable":true,"href":"https:\/\/www.santaritadopassaquatro.sp.gov.br\/portal\/wp-json\/wp\/v2\/users\/1"}],"replies":[{"embeddable":true,"href":"https:\/\/www.santaritadopassaquatro.sp.gov.br\/portal\/wp-json\/wp\/v2\/comments?post=4365"}],"version-history":[{"count":1,"href":"https:\/\/www.santaritadopassaquatro.sp.gov.br\/portal\/wp-json\/wp\/v2\/posts\/4365\/revisions"}],"predecessor-version":[{"id":4366,"href":"https:\/\/www.santaritadopassaquatro.sp.gov.br\/portal\/wp-json\/wp\/v2\/posts\/4365\/revisions\/4366"}],"wp:attachment":[{"href":"https:\/\/www.santaritadopassaquatro.sp.gov.br\/portal\/wp-json\/wp\/v2\/media?parent=4365"}],"wp:term":[{"taxonomy":"category","embeddable":true,"href":"https:\/\/www.santaritadopassaquatro.sp.gov.br\/portal\/wp-json\/wp\/v2\/categories?post=4365"},{"taxonomy":"post_tag","embeddable":true,"href":"https:\/\/www.santaritadopassaquatro.sp.gov.br\/portal\/wp-json\/wp\/v2\/tags?post=4365"}],"curies":[{"name":"wp","href":"https:\/\/api.w.org\/{rel}","templated":true}]}}