{"id":4367,"date":"2021-02-12T12:20:27","date_gmt":"2021-02-12T15:20:27","guid":{"rendered":"http:\/\/www.santaritadopassaquatro.sp.gov.br\/portal\/?p=4367"},"modified":"2021-06-28T20:54:09","modified_gmt":"2021-06-28T23:54:09","slug":"fila-unica-creches-2021-resolucao-d-m-e-022019-2","status":"publish","type":"post","link":"https:\/\/www.santaritadopassaquatro.sp.gov.br\/portal\/fila-unica-creches-2021-resolucao-d-m-e-022019-2\/","title":{"rendered":"FILA \u00daNICA CRECHES 2021 &#8211; RESOLU\u00c7\u00c3O D.M.E 02\/2019"},"content":{"rendered":"<table class=\"NormalTable\" style=\"width: 709px;\">\n<tbody>\n<tr>\n<td style=\"width: 699px;\"><span class=\"fontstyle0\">BER\u00c7ARIO I &#8211; nascidos a partir de 01\/04\/2020-31\/03\/2021 e todos os nascidos em 2021<\/span><\/td>\n<\/tr>\n<\/tbody>\n<\/table>\n<ul>\n<li><a href=\"http:\/\/www.santaritadopassaquatro.sp.gov.br\/portal\/wp-content\/uploads\/2021\/02\/lista-de-espera-2021-oficial-apos-3-chamada.pdf\" target=\"_blank\" rel=\"noopener\">Lista de espera 2021 oficial ap\u00f3s 3 chamada<\/a><\/li>\n<\/ul>\n","protected":false},"excerpt":{"rendered":"<p>BER\u00c7ARIO I &#8211; nascidos a partir de 01\/04\/2020-31\/03\/2021 e todos os nascidos em 2021 Lista de espera 2021 oficial ap\u00f3s<\/p>\n","protected":false},"author":1,"featured_media":0,"comment_status":"closed","ping_status":"open","sticky":false,"template":"","format":"standard","meta":{"footnotes":""},"categories":[28],"tags":[],"class_list":["post-4367","post","type-post","status-publish","format-standard","hentry","category-educacao"],"_links":{"self":[{"href":"https:\/\/www.santaritadopassaquatro.sp.gov.br\/portal\/wp-json\/wp\/v2\/posts\/4367","targetHints":{"allow":["GET"]}}],"collection":[{"href":"https:\/\/www.santaritadopassaquatro.sp.gov.br\/portal\/wp-json\/wp\/v2\/posts"}],"about":[{"href":"https:\/\/www.santaritadopassaquatro.sp.gov.br\/portal\/wp-json\/wp\/v2\/types\/post"}],"author":[{"embeddable":true,"href":"https:\/\/www.santaritadopassaquatro.sp.gov.br\/portal\/wp-json\/wp\/v2\/users\/1"}],"replies":[{"embeddable":true,"href":"https:\/\/www.santaritadopassaquatro.sp.gov.br\/portal\/wp-json\/wp\/v2\/comments?post=4367"}],"version-history":[{"count":1,"href":"https:\/\/www.santaritadopassaquatro.sp.gov.br\/portal\/wp-json\/wp\/v2\/posts\/4367\/revisions"}],"predecessor-version":[{"id":4369,"href":"https:\/\/www.santaritadopassaquatro.sp.gov.br\/portal\/wp-json\/wp\/v2\/posts\/4367\/revisions\/4369"}],"wp:attachment":[{"href":"https:\/\/www.santaritadopassaquatro.sp.gov.br\/portal\/wp-json\/wp\/v2\/media?parent=4367"}],"wp:term":[{"taxonomy":"category","embeddable":true,"href":"https:\/\/www.santaritadopassaquatro.sp.gov.br\/portal\/wp-json\/wp\/v2\/categories?post=4367"},{"taxonomy":"post_tag","embeddable":true,"href":"https:\/\/www.santaritadopassaquatro.sp.gov.br\/portal\/wp-json\/wp\/v2\/tags?post=4367"}],"curies":[{"name":"wp","href":"https:\/\/api.w.org\/{rel}","templated":true}]}}