{"id":439,"date":"2019-01-25T11:17:51","date_gmt":"2019-01-25T13:17:51","guid":{"rendered":"http:\/\/www.santaritadopassaquatro.sp.gov.br\/portal\/?p=439"},"modified":"2019-01-25T11:17:51","modified_gmt":"2019-01-25T13:17:51","slug":"capacitacao-cursos-do-fundo-social-de-solidariedade-formam-mais-seis-turmas-em-dezembro","status":"publish","type":"post","link":"https:\/\/www.santaritadopassaquatro.sp.gov.br\/portal\/capacitacao-cursos-do-fundo-social-de-solidariedade-formam-mais-seis-turmas-em-dezembro\/","title":{"rendered":"CAPACITA\u00c7\u00c3O &#8211;\u00a0Cursos do Fundo Social de Solidariedade formam mais seis turmas em dezembro"},"content":{"rendered":"<p><strong><em>Alunos receberam certificados em programa executado pela Prefeitura em parcerias com Fussesp e Senai <\/em><\/strong><\/p>\n<figure id=\"attachment_440\" aria-describedby=\"caption-attachment-440\" style=\"width: 351px\" class=\"wp-caption alignleft\"><img decoding=\"async\" class=\"wp-image-440 \" src=\"http:\/\/www.santaritadopassaquatro.sp.gov.br\/portal\/wp-content\/uploads\/2019\/01\/Formatura_Fundo_Social_2019_w-300x200.jpg\" alt=\"\" width=\"351\" height=\"234\" srcset=\"https:\/\/www.santaritadopassaquatro.sp.gov.br\/portal\/wp-content\/uploads\/2019\/01\/Formatura_Fundo_Social_2019_w-300x200.jpg 300w, https:\/\/www.santaritadopassaquatro.sp.gov.br\/portal\/wp-content\/uploads\/2019\/01\/Formatura_Fundo_Social_2019_w-768x512.jpg 768w, https:\/\/www.santaritadopassaquatro.sp.gov.br\/portal\/wp-content\/uploads\/2019\/01\/Formatura_Fundo_Social_2019_w-1024x683.jpg 1024w\" sizes=\"(max-width: 351px) 100vw, 351px\" \/><figcaption id=\"caption-attachment-440\" class=\"wp-caption-text\"><span style=\"color: #999999;\"><em><strong>Autoridades, professores e formandos dos cursos promovidos no Centro Profissionalizante ap\u00f3s a formatura em dezembro (Rafael Octaviano\/Divulga\u00e7\u00e3o)<\/strong><\/em><\/span><\/figcaption><\/figure>\n<p><em>[Santa Rita do Passa Quatro &#8211; 9\/1\/19] &#8211;<\/em> Em cerim\u00f4nia promovida no \u00faltimo dia 27 de dezembro de 2018, quarta-feira, o Fundo Social de Solidariedade do Munic\u00edpio de Santa Rita do Passa Quatro formou mais um grupo de profissionais, capacitados gra\u00e7as a parcerias entre Prefeitura Municipal, Fussesp (Fundo Social de Solidariedade do Estado de S\u00e3o Paulo) e Senai-SP.<\/p>\n<p>O evento aconteceu no Centro Cultural Mario Covas, onde foram entregues os certificados de conclus\u00e3o para formandos dos cursos de Assentador de Pisos e Azulejos,\u00a0 Corte e Costura Modelagem, Corte e Costura Industrial, Padaria Artesanal, Trabalhos Manuais e Eletricista Instalador, este \u00faltimo certificado pelo Senai.<\/p>\n<p>Os Cursos ministrados no Centro Profissionalizante Professora M\u00e1rcia de Souza Menegassi (antigo pr\u00e9dio do Sesi) e 85 pessoas conclu\u00edram e receberam seus certificados.<\/p>\n<p>Estiveram presentes na cerim\u00f4nia o prefeito Leandro Luciano dos Santos, a vice-prefeita Maria Rita Mondin de Oliveira, a presidente do Fundo Social de Solidariedade do munic\u00edpio, Sra. Vera Luciano dos Santos, a diretora do Departamento Municipal de Assist\u00eancia e Desenvolvimento Social, Iara Regina Lorencetti Crotti, a coordenadora do FSS C\u00e9lia de F\u00e1tima Casagrande Claro de Oliveira, o Gestor do Programa Bolsa Fam\u00edlia Henrique Pazine, e o vereadores Lucas Comin Loureiro, al\u00e9m dos professores Francisco Danielato, Denise Ap. Maria Pelegrin, Patr\u00edcia da Silva Pereira Lima Gon\u00e7alves, Sebastiana Otaviano e Jos\u00e9 Augusto Zorzi.<\/p>\n<p>Em seus discursos, a presidente do Fundo Social de Solidariedade, prefeito e vice-prefeita agradeceram o empenho de todos na realiza\u00e7\u00e3o dos cursos e parabenizaram os formandos pela conquista. Em seguida os formandos, uma a um, receberam seus certificados.<\/p>\n<p>Os cursos acontecem com objetivo de possibilitar o reconhecimento do trabalho e da forma\u00e7\u00e3o como direito de cidadania e desenvolver conhecimentos sobre o mundo profissional e compet\u00eancias espec\u00edficas b\u00e1sicas, al\u00e9m de contribuir para a inser\u00e7\u00e3o, reinser\u00e7\u00e3o e perman\u00eancia no mercado.<\/p>\n<p>&nbsp;<\/p>\n<p>&nbsp;<\/p>\n","protected":false},"excerpt":{"rendered":"<p>Alunos receberam certificados em programa executado pela Prefeitura em parcerias com Fussesp e Senai [Santa Rita do Passa Quatro &#8211;<\/p>\n","protected":false},"author":1,"featured_media":0,"comment_status":"open","ping_status":"open","sticky":false,"template":"","format":"standard","meta":{"footnotes":""},"categories":[43],"tags":[],"class_list":["post-439","post","type-post","status-publish","format-standard","hentry","category-assistenciasocial"],"_links":{"self":[{"href":"https:\/\/www.santaritadopassaquatro.sp.gov.br\/portal\/wp-json\/wp\/v2\/posts\/439","targetHints":{"allow":["GET"]}}],"collection":[{"href":"https:\/\/www.santaritadopassaquatro.sp.gov.br\/portal\/wp-json\/wp\/v2\/posts"}],"about":[{"href":"https:\/\/www.santaritadopassaquatro.sp.gov.br\/portal\/wp-json\/wp\/v2\/types\/post"}],"author":[{"embeddable":true,"href":"https:\/\/www.santaritadopassaquatro.sp.gov.br\/portal\/wp-json\/wp\/v2\/users\/1"}],"replies":[{"embeddable":true,"href":"https:\/\/www.santaritadopassaquatro.sp.gov.br\/portal\/wp-json\/wp\/v2\/comments?post=439"}],"version-history":[{"count":0,"href":"https:\/\/www.santaritadopassaquatro.sp.gov.br\/portal\/wp-json\/wp\/v2\/posts\/439\/revisions"}],"wp:attachment":[{"href":"https:\/\/www.santaritadopassaquatro.sp.gov.br\/portal\/wp-json\/wp\/v2\/media?parent=439"}],"wp:term":[{"taxonomy":"category","embeddable":true,"href":"https:\/\/www.santaritadopassaquatro.sp.gov.br\/portal\/wp-json\/wp\/v2\/categories?post=439"},{"taxonomy":"post_tag","embeddable":true,"href":"https:\/\/www.santaritadopassaquatro.sp.gov.br\/portal\/wp-json\/wp\/v2\/tags?post=439"}],"curies":[{"name":"wp","href":"https:\/\/api.w.org\/{rel}","templated":true}]}}