{"id":445,"date":"2019-01-25T11:30:45","date_gmt":"2019-01-25T13:30:45","guid":{"rendered":"http:\/\/www.santaritadopassaquatro.sp.gov.br\/portal\/?p=445"},"modified":"2019-01-25T11:30:45","modified_gmt":"2019-01-25T13:30:45","slug":"departamento-de-cultura-e-turismo-define-calendario-de-eventos-para-2019","status":"publish","type":"post","link":"https:\/\/www.santaritadopassaquatro.sp.gov.br\/portal\/departamento-de-cultura-e-turismo-define-calendario-de-eventos-para-2019\/","title":{"rendered":"Departamento de Cultura e Turismo define calend\u00e1rio de eventos para 2019"},"content":{"rendered":"<p><strong><em>Principais eventos, como Festa Italiana, anivers\u00e1rio da cidade e Festival Zequinha de Abreu j\u00e1 est\u00e3o sendo planejados<\/em><\/strong><\/p>\n<figure id=\"attachment_447\" aria-describedby=\"caption-attachment-447\" style=\"width: 300px\" class=\"wp-caption alignleft\"><img decoding=\"async\" class=\"wp-image-447 size-medium\" src=\"http:\/\/www.santaritadopassaquatro.sp.gov.br\/portal\/wp-content\/uploads\/2019\/01\/calendario_cultura_festival_zequinha_abreu_w-300x200.jpg\" alt=\"\" width=\"300\" height=\"200\" srcset=\"https:\/\/www.santaritadopassaquatro.sp.gov.br\/portal\/wp-content\/uploads\/2019\/01\/calendario_cultura_festival_zequinha_abreu_w-300x200.jpg 300w, https:\/\/www.santaritadopassaquatro.sp.gov.br\/portal\/wp-content\/uploads\/2019\/01\/calendario_cultura_festival_zequinha_abreu_w.jpg 600w\" sizes=\"(max-width: 300px) 100vw, 300px\" \/><figcaption id=\"caption-attachment-447\" class=\"wp-caption-text\"><span style=\"color: #999999;\"><strong><em>Festival Zequinha de Abreu, em 2018, evento que consta no calend\u00e1rio cultural deste ano (Arquivo\/AssCom\/Divulga\u00e7\u00e3o)<\/em><\/strong><\/span><\/figcaption><\/figure>\n<p><em>[Sta. Rita do P. Quatro &#8211; SP &#8211; 9\/1\/19]<\/em> &#8211; O ano 2018 foi bastante movimentado nos setores de cultura e turismo em Santa Rita do Passa Quatro e a Prefeitura Municipal definiu o calend\u00e1rio para este ano, com a programa\u00e7\u00e3o cultural, visando o planejamento dos principais eventos, com Festival de Tradi\u00e7\u00f5es Italianas, comemora\u00e7\u00f5es do anivers\u00e1rio da cidade e Festival Zequinha de Abreu, por exemplo. Al\u00e9m dos eventos tradicionais, o calend\u00e1rio tamb\u00e9m traz novidades e promo\u00e7\u00f5es que n\u00e3o s\u00e3o necessariamente promovidas pela prefeitura ou que recebem apoio, visando n\u00e3o haver choque de datas.<\/p>\n<p>A primeira grande festa do ano \u00e9 o Santacarnafolia 2019, o carnaval popular e gratuito, provido pelo Departamento Municipal de Cultura e Turismo. A folia deste ano acontece de 2 a 5 de mar\u00e7o, e em Santa Rita, mais uma vez, ir\u00e1 ocupar a Pra\u00e7a Mario Mattoso (Esta\u00e7\u00e3o), nos moldes do ano passado, quando at\u00e9 um frald\u00e1rio foi colocado a disposi\u00e7\u00e3o da mam\u00e3es para maior conforto durante a festa.<\/p>\n<p>Circuito Cultural Paulista, exibi\u00e7\u00f5es de filmes do programa Pontos MIS e Circuito Sesc de Artes est\u00e3o programados para abril, movimentando praticamente o m\u00eas todo. Maio, m\u00eas que Santa Rita aniversaria, ir\u00e1 receber tamb\u00e9m filmes do Pontos MIS, Exposi\u00e7\u00e3o Nacional de Orqu\u00eddeas, encontros de Ferreomodelismo e de Cl\u00e1ssicos e Antigos, shows e o tradicional desfile, al\u00e9m de toda programa\u00e7\u00e3o religiosa dedicada \u00e0 Padroeira Santa Rita de C\u00e1ssia.<\/p>\n<p>Na programa\u00e7\u00e3o de junho consta evento do Circuito Cultural Paulista, parceria com a Secretaria de Estado da Cultura, atrav\u00e9s da Associa\u00e7\u00e3o Paulista dos Amigos da Arte (APAA), e uma semana dedicada exclusivamente a exibi\u00e7\u00e3o de filmes do caipira mais famoso do Brasil, com a Semana Mazzaropi.<\/p>\n<p>Em julho acontece o evento mais esperado do ano, tanto pela popula\u00e7\u00e3o, como tamb\u00e9m pelo p\u00fablico da regi\u00e3o. O Festival de Tradi\u00e7\u00f5es Italianas acontece nos dias 6, 7 e 8, antecedendo o Feriado de 9 de julho, assim como aconteceu no ano passando, garantindo grande p\u00fablico para a festa. Outro evento cultural do m\u00eas de f\u00e9rias, ser\u00e1 o Esta\u00e7\u00e3o Rock, que este ano chega a sua quarta edi\u00e7\u00e3o. Circuito Cultural Paulista e Pontos MIS ser\u00e3o as atra\u00e7\u00f5es de agosto.<\/p>\n<p>O destaque de setembro \u00e9, evidentemente, o Festival Zequinha de Abreu, promovido h\u00e1 mais de meio s\u00e9culo como homenagem ao compositor santa-ritense cuja obra atravessou fronteiras em todo o mundo. Mais uma vez, a exemplo de 2019, o festival ter\u00e1 atra\u00e7\u00f5es durante todo o m\u00eas, aos s\u00e1bados, e na semana de anivers\u00e1rio \u2013 comemorado no dia 19\/9 &#8212; do homenageado, com programa\u00e7\u00e3o especial, incluindo shows musicais, concurso e desfile de bandas.<\/p>\n<p>Em outubro, o Circuito Cultural Paulista traz mais uma atra\u00e7\u00e3o e o m\u00eas tamb\u00e9m ir\u00e1 abrigar uma semana inteira dedicada ao teatro. Novembro tem a \u00faltima atra\u00e7\u00e3o do ano do Circuito Cultural Paulista e a Semana do M\u00fasico e Medalha Octavio Bueno de Camargo, homenageando artistas que colaboram com a cultural local. E o ano termina com mais uma edi\u00e7\u00e3o do Natal Iluminado, com atra\u00e7\u00f5es di\u00e1rias de 6 a 22 de dezembro.<\/p>\n<p>O calend\u00e1rio tamb\u00e9m prev\u00ea a\u00e7\u00f5es de fomento ao turismo e esportivas. Com isso, a expectativa \u00e9 de que 2019 seja tamb\u00e9m um ano repleto de cultural na Est\u00e2ncia.<\/p>\n<p>&nbsp;<\/p>\n<p>&nbsp;<\/p>\n<p>&nbsp;<\/p>\n","protected":false},"excerpt":{"rendered":"<p>Principais eventos, como Festa Italiana, anivers\u00e1rio da cidade e Festival Zequinha de Abreu j\u00e1 est\u00e3o sendo planejados [Sta. Rita do<\/p>\n","protected":false},"author":1,"featured_media":0,"comment_status":"open","ping_status":"open","sticky":false,"template":"","format":"standard","meta":{"footnotes":""},"categories":[46],"tags":[],"class_list":["post-445","post","type-post","status-publish","format-standard","hentry","category-cultura"],"_links":{"self":[{"href":"https:\/\/www.santaritadopassaquatro.sp.gov.br\/portal\/wp-json\/wp\/v2\/posts\/445","targetHints":{"allow":["GET"]}}],"collection":[{"href":"https:\/\/www.santaritadopassaquatro.sp.gov.br\/portal\/wp-json\/wp\/v2\/posts"}],"about":[{"href":"https:\/\/www.santaritadopassaquatro.sp.gov.br\/portal\/wp-json\/wp\/v2\/types\/post"}],"author":[{"embeddable":true,"href":"https:\/\/www.santaritadopassaquatro.sp.gov.br\/portal\/wp-json\/wp\/v2\/users\/1"}],"replies":[{"embeddable":true,"href":"https:\/\/www.santaritadopassaquatro.sp.gov.br\/portal\/wp-json\/wp\/v2\/comments?post=445"}],"version-history":[{"count":0,"href":"https:\/\/www.santaritadopassaquatro.sp.gov.br\/portal\/wp-json\/wp\/v2\/posts\/445\/revisions"}],"wp:attachment":[{"href":"https:\/\/www.santaritadopassaquatro.sp.gov.br\/portal\/wp-json\/wp\/v2\/media?parent=445"}],"wp:term":[{"taxonomy":"category","embeddable":true,"href":"https:\/\/www.santaritadopassaquatro.sp.gov.br\/portal\/wp-json\/wp\/v2\/categories?post=445"},{"taxonomy":"post_tag","embeddable":true,"href":"https:\/\/www.santaritadopassaquatro.sp.gov.br\/portal\/wp-json\/wp\/v2\/tags?post=445"}],"curies":[{"name":"wp","href":"https:\/\/api.w.org\/{rel}","templated":true}]}}