{"id":4477,"date":"2021-02-18T15:35:03","date_gmt":"2021-02-18T18:35:03","guid":{"rendered":"http:\/\/www.santaritadopassaquatro.sp.gov.br\/portal\/?p=4477"},"modified":"2021-04-27T15:36:17","modified_gmt":"2021-04-27T18:36:17","slug":"plantio-de-mudas-conjunto-habitacional-arnaldo-dos-santos","status":"publish","type":"post","link":"https:\/\/www.santaritadopassaquatro.sp.gov.br\/portal\/plantio-de-mudas-conjunto-habitacional-arnaldo-dos-santos\/","title":{"rendered":"Plantio de Mudas Conjunto Habitacional Arnaldo dos Santos"},"content":{"rendered":"<p>Ontem dia 17\/02, os assessores do departamento de meio ambiente Potiguara de Oliveira Lara e Maria Fernanda Bonetti, o prefeito Marcelo Sim\u00e3o e o jardineiro C\u00e9lio Vanin Rombaldo, estiveram na rotat\u00f3ria do Conjunto Habitacional \u201cArnaldo dos Santos\u201d, para o plantio de mudas para arboriza\u00e7\u00e3o da mesma. As mudas plantadas foram: 1 cedro, 1 jabuticabeira, 2 amoreiras, 1 caj\u00e1-manga, 2 aceroleiras, 3 pitangueiras, 120 pingos de ouro e 40 cr\u00f3tons, num total de 170 mudas. Um bonito local que ser\u00e1 ponto de refer\u00eancia e trar\u00e1 maior qualidade de vida a popula\u00e7\u00e3o.<\/p>\n<p><img decoding=\"async\" class=\"alignnone size-medium wp-image-4479 aligncenter\" src=\"http:\/\/www.santaritadopassaquatro.sp.gov.br\/portal\/wp-content\/uploads\/2021\/04\/151752920_116033703797155_5133618753448824853_n-300x169.jpg\" alt=\"\" width=\"300\" height=\"169\" srcset=\"https:\/\/www.santaritadopassaquatro.sp.gov.br\/portal\/wp-content\/uploads\/2021\/04\/151752920_116033703797155_5133618753448824853_n-300x169.jpg 300w, https:\/\/www.santaritadopassaquatro.sp.gov.br\/portal\/wp-content\/uploads\/2021\/04\/151752920_116033703797155_5133618753448824853_n-768x432.jpg 768w, https:\/\/www.santaritadopassaquatro.sp.gov.br\/portal\/wp-content\/uploads\/2021\/04\/151752920_116033703797155_5133618753448824853_n-1024x576.jpg 1024w, https:\/\/www.santaritadopassaquatro.sp.gov.br\/portal\/wp-content\/uploads\/2021\/04\/151752920_116033703797155_5133618753448824853_n.jpg 1040w\" sizes=\"(max-width: 300px) 100vw, 300px\" \/><\/p>\n<p><img decoding=\"async\" class=\"alignnone size-medium wp-image-4480 aligncenter\" src=\"http:\/\/www.santaritadopassaquatro.sp.gov.br\/portal\/wp-content\/uploads\/2021\/04\/151266297_116033733797152_569291692390347938_n-300x169.jpg\" alt=\"\" width=\"300\" height=\"169\" srcset=\"https:\/\/www.santaritadopassaquatro.sp.gov.br\/portal\/wp-content\/uploads\/2021\/04\/151266297_116033733797152_569291692390347938_n-300x169.jpg 300w, https:\/\/www.santaritadopassaquatro.sp.gov.br\/portal\/wp-content\/uploads\/2021\/04\/151266297_116033733797152_569291692390347938_n-768x432.jpg 768w, https:\/\/www.santaritadopassaquatro.sp.gov.br\/portal\/wp-content\/uploads\/2021\/04\/151266297_116033733797152_569291692390347938_n-1024x576.jpg 1024w, https:\/\/www.santaritadopassaquatro.sp.gov.br\/portal\/wp-content\/uploads\/2021\/04\/151266297_116033733797152_569291692390347938_n.jpg 1040w\" sizes=\"(max-width: 300px) 100vw, 300px\" \/><\/p>\n","protected":false},"excerpt":{"rendered":"<p>Ontem dia 17\/02, os assessores do departamento de meio ambiente Potiguara de Oliveira Lara e Maria Fernanda Bonetti, o prefeito<\/p>\n","protected":false},"author":1,"featured_media":4478,"comment_status":"closed","ping_status":"open","sticky":false,"template":"","format":"standard","meta":{"footnotes":""},"categories":[53],"tags":[],"class_list":["post-4477","post","type-post","status-publish","format-standard","has-post-thumbnail","hentry","category-meio-ambiente"],"_links":{"self":[{"href":"https:\/\/www.santaritadopassaquatro.sp.gov.br\/portal\/wp-json\/wp\/v2\/posts\/4477","targetHints":{"allow":["GET"]}}],"collection":[{"href":"https:\/\/www.santaritadopassaquatro.sp.gov.br\/portal\/wp-json\/wp\/v2\/posts"}],"about":[{"href":"https:\/\/www.santaritadopassaquatro.sp.gov.br\/portal\/wp-json\/wp\/v2\/types\/post"}],"author":[{"embeddable":true,"href":"https:\/\/www.santaritadopassaquatro.sp.gov.br\/portal\/wp-json\/wp\/v2\/users\/1"}],"replies":[{"embeddable":true,"href":"https:\/\/www.santaritadopassaquatro.sp.gov.br\/portal\/wp-json\/wp\/v2\/comments?post=4477"}],"version-history":[{"count":1,"href":"https:\/\/www.santaritadopassaquatro.sp.gov.br\/portal\/wp-json\/wp\/v2\/posts\/4477\/revisions"}],"predecessor-version":[{"id":4481,"href":"https:\/\/www.santaritadopassaquatro.sp.gov.br\/portal\/wp-json\/wp\/v2\/posts\/4477\/revisions\/4481"}],"wp:featuredmedia":[{"embeddable":true,"href":"https:\/\/www.santaritadopassaquatro.sp.gov.br\/portal\/wp-json\/wp\/v2\/media\/4478"}],"wp:attachment":[{"href":"https:\/\/www.santaritadopassaquatro.sp.gov.br\/portal\/wp-json\/wp\/v2\/media?parent=4477"}],"wp:term":[{"taxonomy":"category","embeddable":true,"href":"https:\/\/www.santaritadopassaquatro.sp.gov.br\/portal\/wp-json\/wp\/v2\/categories?post=4477"},{"taxonomy":"post_tag","embeddable":true,"href":"https:\/\/www.santaritadopassaquatro.sp.gov.br\/portal\/wp-json\/wp\/v2\/tags?post=4477"}],"curies":[{"name":"wp","href":"https:\/\/api.w.org\/{rel}","templated":true}]}}