{"id":449,"date":"2019-01-25T13:45:45","date_gmt":"2019-01-25T15:45:45","guid":{"rendered":"http:\/\/www.santaritadopassaquatro.sp.gov.br\/portal\/?p=449"},"modified":"2019-01-25T13:45:45","modified_gmt":"2019-01-25T15:45:45","slug":"com-diretoria-da-aprecesp-prefeito-se-reune-com-novo-secretario-de-turismo","status":"publish","type":"post","link":"https:\/\/www.santaritadopassaquatro.sp.gov.br\/portal\/com-diretoria-da-aprecesp-prefeito-se-reune-com-novo-secretario-de-turismo\/","title":{"rendered":"Com diretoria da Aprecesp, prefeito se re\u00fane com novo secret\u00e1rio de Turismo"},"content":{"rendered":"<p><strong><em>Este foi o \u00faltimo compromisso de Leandro Luciano dos Santos como vice-presidente da entidade; Secret\u00e1rio Vin\u00edcius Lummertz tenm vasto curr\u00edculo na \u00e1rea <\/em><\/strong><\/p>\n<p><strong>\u00a0<\/strong><\/p>\n<figure id=\"attachment_450\" aria-describedby=\"caption-attachment-450\" style=\"width: 300px\" class=\"wp-caption alignleft\"><img decoding=\"async\" class=\"wp-image-450 size-medium\" src=\"http:\/\/www.santaritadopassaquatro.sp.gov.br\/portal\/wp-content\/uploads\/2019\/01\/prefeito_aprecesp_secretario_turismo_w-300x200.jpg\" alt=\"\" width=\"300\" height=\"200\" srcset=\"https:\/\/www.santaritadopassaquatro.sp.gov.br\/portal\/wp-content\/uploads\/2019\/01\/prefeito_aprecesp_secretario_turismo_w-300x200.jpg 300w, https:\/\/www.santaritadopassaquatro.sp.gov.br\/portal\/wp-content\/uploads\/2019\/01\/prefeito_aprecesp_secretario_turismo_w.jpg 600w\" sizes=\"(max-width: 300px) 100vw, 300px\" \/><figcaption id=\"caption-attachment-450\" class=\"wp-caption-text\"><span style=\"color: #999999;\"><em><strong>O prefeito santa-ritense e o atual presidente da Apresecep, Marco Aur\u00e9lio, como novo secret\u00e1rio de Turismo do Estado de S\u00e3o Paulo (Divulga\u00e7\u00e3o)<\/strong><\/em><\/span><\/figcaption><\/figure>\n<p><em>[Sta. Rita do P. Quatro &#8211; SP &#8211; 9\/1\/19] &#8211;<\/em> Em seu \u00faltimo compromisso como vice-presidente da Aprecesp (Associa\u00e7\u00e3o das Prefeituras das Cidades Est\u00e2ncia do Estado de S\u00e3o Paulo), o prefeito de Santa Rita do Passa Quatro, Leandro Luciano dos Santos, foi recebido na Secretaria de Estado de Turismo do Estado de S\u00e3o Paulo, na tarde da \u00faltima quarta-feira (9\/1).<\/p>\n<p>Na ocasi\u00e3o o secret\u00e1rio estadual de Turismo, Vinicius Lummertz, recebeu a diretoria da Aprecesp, em seu gabinete. No encontro, o secret\u00e1rio ressaltou a import\u00e2ncia da integra\u00e7\u00e3o entre os munic\u00edpios, numa soma de trabalho com efetivo marketing de promo\u00e7\u00e3o dos destinos.<\/p>\n<p>\u201cTodas as a\u00e7\u00f5es das est\u00e2ncias devem ter como foco o incremento do fluxo de turistas, sem contar que uma regionaliza\u00e7\u00e3o organizada \u00e9 a melhor resposta para o desenvolvimento dos destinos\u201d, disse Lummertz.<\/p>\n<p>Onze est\u00e2ncias estiveram representadas na reuni\u00e3o e diversificados temas estiveram em pauta por parte dos prefeitos. Ao final, o secret\u00e1rio prop\u00f4s que as demandas das est\u00e2ncias fossem entregues \u00e0 Secretaria no prazo de uma semana para a devida an\u00e1lise.<\/p>\n<p>Al\u00e9m de Santa Rita, estiveram presentes tamb\u00e9m as est\u00e2ncias de Itanha\u00e9m, Ilhabela, Brotas, Holambra, Santa F\u00e9 do Sul, \u00c1guas de S\u00e3o Pedro, Morungaba, Cananeia, Socorro, e Santo Antonio do Pinhal.<\/p>\n<p>O encontro aconteceu uma semana antes da elei\u00e7\u00e3o na qual o prefeito santa-ritense concorre, em chapa \u00fanica, a presid\u00eancia da entidade que representa as 70 est\u00e2ncias paulistas.<\/p>\n<p>\u201cO novo secret\u00e1rio de Turismo, como sua vasta experi\u00eancia, traz uma nova filosofia para a setor, com interliga\u00e7\u00e3o dos munic\u00edpios de uma mesma regi\u00e3o e n\u00f3s j\u00e1 trilhamos este caminho com a cria\u00e7\u00e3o do Roteiro Tur\u00edstico \u201cHist\u00f3rias e Vales\u201d, do qual nossa Santa Rita j\u00e1 faz parte\u201d, disse o prefeito<\/p>\n<p><strong>\u00a0<\/strong><\/p>\n<p><strong>CONHE\u00c7A NOVO SECRET\u00c1RIO DE TURISMO<\/strong><\/p>\n<p>Vinicius Lummertz \u00e9 formado na Universidade Americana de Paris em Ci\u00eancias Pol\u00edticas, fez cursos de alta gest\u00e3o na Kennedy School da Harvard University e no IMD de Lausanne (Su\u00ed\u00e7a) e concluiu seu A-Level em Pol\u00edtica, Governo e Economia no D\u2019Overbroeck\u2019s College em Oxford. Foi ministro do Turismo, presidente da Embratur (2015\/2018) e secret\u00e1rio Nacional de Pol\u00edticas de Turismo do Minist\u00e9rio do Turismo (2012\/2015). Preside o Conselho Nacional de Turismo, do qual foi tamb\u00e9m secret\u00e1rio executivo. Foi secret\u00e1rio de Planejamento, Or\u00e7amento e Gest\u00e3o e secret\u00e1rio de Articula\u00e7\u00e3o Internacional.em Santa Catarina. Foi o criador e presidente da Empresa Estadual de PPPs e Concess\u00f5es de Santa Catarina, diretor t\u00e9cnico do Sebrae Nacional no Governo FHC e \u00e9 autor do livro \u201cBrasil: Pot\u00eancia Mundial do Turismo\u201d.<\/p>\n<p>&nbsp;<\/p>\n<p>&nbsp;<\/p>\n","protected":false},"excerpt":{"rendered":"<p>Este foi o \u00faltimo compromisso de Leandro Luciano dos Santos como vice-presidente da entidade; Secret\u00e1rio Vin\u00edcius Lummertz tenm vasto curr\u00edculo<\/p>\n","protected":false},"author":1,"featured_media":0,"comment_status":"open","ping_status":"open","sticky":false,"template":"","format":"standard","meta":{"footnotes":""},"categories":[60],"tags":[],"class_list":["post-449","post","type-post","status-publish","format-standard","hentry","category-turismo"],"_links":{"self":[{"href":"https:\/\/www.santaritadopassaquatro.sp.gov.br\/portal\/wp-json\/wp\/v2\/posts\/449","targetHints":{"allow":["GET"]}}],"collection":[{"href":"https:\/\/www.santaritadopassaquatro.sp.gov.br\/portal\/wp-json\/wp\/v2\/posts"}],"about":[{"href":"https:\/\/www.santaritadopassaquatro.sp.gov.br\/portal\/wp-json\/wp\/v2\/types\/post"}],"author":[{"embeddable":true,"href":"https:\/\/www.santaritadopassaquatro.sp.gov.br\/portal\/wp-json\/wp\/v2\/users\/1"}],"replies":[{"embeddable":true,"href":"https:\/\/www.santaritadopassaquatro.sp.gov.br\/portal\/wp-json\/wp\/v2\/comments?post=449"}],"version-history":[{"count":0,"href":"https:\/\/www.santaritadopassaquatro.sp.gov.br\/portal\/wp-json\/wp\/v2\/posts\/449\/revisions"}],"wp:attachment":[{"href":"https:\/\/www.santaritadopassaquatro.sp.gov.br\/portal\/wp-json\/wp\/v2\/media?parent=449"}],"wp:term":[{"taxonomy":"category","embeddable":true,"href":"https:\/\/www.santaritadopassaquatro.sp.gov.br\/portal\/wp-json\/wp\/v2\/categories?post=449"},{"taxonomy":"post_tag","embeddable":true,"href":"https:\/\/www.santaritadopassaquatro.sp.gov.br\/portal\/wp-json\/wp\/v2\/tags?post=449"}],"curies":[{"name":"wp","href":"https:\/\/api.w.org\/{rel}","templated":true}]}}