{"id":4509,"date":"2021-03-19T18:57:29","date_gmt":"2021-03-19T21:57:29","guid":{"rendered":"http:\/\/www.santaritadopassaquatro.sp.gov.br\/portal\/?p=4509"},"modified":"2021-04-27T18:58:14","modified_gmt":"2021-04-27T21:58:14","slug":"proibido-poda-drastica","status":"publish","type":"post","link":"https:\/\/www.santaritadopassaquatro.sp.gov.br\/portal\/proibido-poda-drastica\/","title":{"rendered":"Proibido poda dr\u00e1stica"},"content":{"rendered":"<p>O Departamento de Agricultura e Meio Ambiente (DAMA) vem por meio deste esclarecer que CONDENA veementemente as podas dr\u00e1sticas que v\u00eam sendo realizadas em nosso Munic\u00edpio. O DAMA est\u00e1 buscando alternativas para solucionar este problema, a fim de termos um ambiente mais agrad\u00e1vel, tanto do ponto de vista ambiental como est\u00e9tico, j\u00e1 que as \u00e1rvores trazem uma beleza natural onde est\u00e3o inseridas. Em caso de poda dr\u00e1stica observada pelo DAMA, ser\u00e1 feita a notifica\u00e7\u00e3o e enviada \u00e0 resid\u00eancia em que ocorreu a poda, e caso seja identificado o jardineiro respons\u00e1vel, este tamb\u00e9m ser\u00e1 notificado. Em caso de reincid\u00eancia, poder\u00e1 ser aplicada multa, de acordo com a Lei N\u00ba 2848, de 07 de outubro de 2009.<\/p>\n","protected":false},"excerpt":{"rendered":"<p>O Departamento de Agricultura e Meio Ambiente (DAMA) vem por meio deste esclarecer que CONDENA veementemente as podas dr\u00e1sticas que<\/p>\n","protected":false},"author":1,"featured_media":4510,"comment_status":"closed","ping_status":"open","sticky":false,"template":"","format":"standard","meta":{"footnotes":""},"categories":[53],"tags":[],"class_list":["post-4509","post","type-post","status-publish","format-standard","has-post-thumbnail","hentry","category-meio-ambiente"],"_links":{"self":[{"href":"https:\/\/www.santaritadopassaquatro.sp.gov.br\/portal\/wp-json\/wp\/v2\/posts\/4509","targetHints":{"allow":["GET"]}}],"collection":[{"href":"https:\/\/www.santaritadopassaquatro.sp.gov.br\/portal\/wp-json\/wp\/v2\/posts"}],"about":[{"href":"https:\/\/www.santaritadopassaquatro.sp.gov.br\/portal\/wp-json\/wp\/v2\/types\/post"}],"author":[{"embeddable":true,"href":"https:\/\/www.santaritadopassaquatro.sp.gov.br\/portal\/wp-json\/wp\/v2\/users\/1"}],"replies":[{"embeddable":true,"href":"https:\/\/www.santaritadopassaquatro.sp.gov.br\/portal\/wp-json\/wp\/v2\/comments?post=4509"}],"version-history":[{"count":1,"href":"https:\/\/www.santaritadopassaquatro.sp.gov.br\/portal\/wp-json\/wp\/v2\/posts\/4509\/revisions"}],"predecessor-version":[{"id":4511,"href":"https:\/\/www.santaritadopassaquatro.sp.gov.br\/portal\/wp-json\/wp\/v2\/posts\/4509\/revisions\/4511"}],"wp:featuredmedia":[{"embeddable":true,"href":"https:\/\/www.santaritadopassaquatro.sp.gov.br\/portal\/wp-json\/wp\/v2\/media\/4510"}],"wp:attachment":[{"href":"https:\/\/www.santaritadopassaquatro.sp.gov.br\/portal\/wp-json\/wp\/v2\/media?parent=4509"}],"wp:term":[{"taxonomy":"category","embeddable":true,"href":"https:\/\/www.santaritadopassaquatro.sp.gov.br\/portal\/wp-json\/wp\/v2\/categories?post=4509"},{"taxonomy":"post_tag","embeddable":true,"href":"https:\/\/www.santaritadopassaquatro.sp.gov.br\/portal\/wp-json\/wp\/v2\/tags?post=4509"}],"curies":[{"name":"wp","href":"https:\/\/api.w.org\/{rel}","templated":true}]}}