{"id":452,"date":"2019-01-25T13:48:06","date_gmt":"2019-01-25T15:48:06","guid":{"rendered":"http:\/\/www.santaritadopassaquatro.sp.gov.br\/portal\/?p=452"},"modified":"2019-01-25T13:48:06","modified_gmt":"2019-01-25T15:48:06","slug":"prefeito-de-santa-rita-sera-o-novo-presidente-da-aprecesp","status":"publish","type":"post","link":"https:\/\/www.santaritadopassaquatro.sp.gov.br\/portal\/prefeito-de-santa-rita-sera-o-novo-presidente-da-aprecesp\/","title":{"rendered":"Prefeito de Santa Rita ser\u00e1 o novo presidente da Aprecesp"},"content":{"rendered":"<p><strong><em>Em chapa \u00fanica, Leandro Luciano dos Santos concorre ao cargo na mesa da entidade que representa 70 est\u00e2ncias paulistas na pr\u00f3xima quarta-feira, em S\u00e3o Paulo<\/em><\/strong><\/p>\n<p><strong>\u00a0<\/strong><\/p>\n<figure id=\"attachment_453\" aria-describedby=\"caption-attachment-453\" style=\"width: 300px\" class=\"wp-caption alignleft\"><img decoding=\"async\" class=\"wp-image-453 size-medium\" src=\"http:\/\/www.santaritadopassaquatro.sp.gov.br\/portal\/wp-content\/uploads\/2019\/01\/prefeito_aprecesp_reuniao_presidente_w-300x200.jpg\" alt=\"\" width=\"300\" height=\"200\" srcset=\"https:\/\/www.santaritadopassaquatro.sp.gov.br\/portal\/wp-content\/uploads\/2019\/01\/prefeito_aprecesp_reuniao_presidente_w-300x200.jpg 300w, https:\/\/www.santaritadopassaquatro.sp.gov.br\/portal\/wp-content\/uploads\/2019\/01\/prefeito_aprecesp_reuniao_presidente_w.jpg 600w\" sizes=\"(max-width: 300px) 100vw, 300px\" \/><figcaption id=\"caption-attachment-453\" class=\"wp-caption-text\"><span style=\"color: #999999;\"><em><strong>Reuni\u00e3o entre o atual e o futuro presidente da Aprecesp, na sede da entidade em S\u00e3o Paulo (Divulga\u00e7\u00e3o) <\/strong><\/em><\/span><\/figcaption><\/figure>\n<p><em>[Sta. Rita do P. Quatro-SP &#8211; 9\/1\/19] &#8211;<\/em> Pela primeira vez na sua hist\u00f3ria, Santa Rita do Passa Quatro ter\u00e1 seu prefeito assumindo o cargo m\u00e1ximo em uma das entidades mais representativas no setor turismo nacional. Na pr\u00f3xima quarta-feira (16\/1) Leandro Luciano dos Santos dever\u00e1 ser eleito como presidente da nova Diretoria Executiva e da Aprecesp (Associa\u00e7\u00e3o das Prefeituras das Cidades Est\u00e2ncia do Estado de S\u00e3o Paulo).<\/p>\n<p>A elei\u00e7\u00e3o e posse acontecem na Assembleia Legislativa do Estado de S\u00e3o Paulo, no audit\u00f3rio Paulo Kabyashi, \u00e0 partir das 14 horas. A chapa, encabe\u00e7ada pelo prefeito santa-ritense chama-se \u201cTurismo: Novos Dias, Novos Tempos\u201d (confira a seguir todos os integrantes).<\/p>\n<p>Atualmente Leandro Luciano dos Santos ocupa a vice-presid\u00eancia da entidade que representa as 70 est\u00e2ncias paulistas, concluindo um ano de muitas atividades como na diretoria.<\/p>\n<p>Na \u00faltima quarta-feira (9\/1), o atual presidente e prefeito do munic\u00edpio de Itanha\u00e9m, Marco Aur\u00e9lio Gomes dos Santos, esteve reunido como prefeito santa-ritense, na sede da entidade, em S\u00e3o Paulo, para tratar da transi\u00e7\u00e3o. Marco Aur\u00e9lio sucessor de Fernando Fiori de Godoy, prefeito de Holambra, que ocupou a presid\u00eancia em 2017.<\/p>\n<p>A nova diretoria acontece em um bom momento para o turismo paulista, quando as est\u00e2ncias est\u00e3o ganhando mais destaque e import\u00e2ncia no desenvolvimento do setor no Estado de S\u00e3o Paulo.<\/p>\n<p>\u201cEstive reunido com o nosso presidente Marco Aur\u00e9lio, prefeito de Itanha\u00e9m, para acertar o planejamento do trabalho que j\u00e1 est\u00e1 sendo realizado na Aprecesp desde 2017, na gest\u00e3o do prefeito Fernando, de Holambra, e partir desta quarta-feira, assumindo a presid\u00eancia, dessa entidade t\u00e3o representativa, quando o assunto \u00e9 turismo\u201d, disse Leandro. \u201cAfinal, tanto na Aprecesp, como na nossa administra\u00e7\u00e3o municipal, temos a convic\u00e7\u00e3o de que o planejamento e as parcerias p\u00fablico-privadas, s\u00e3o o caminho para a gera\u00e7\u00e3o de emprego, renda e desenvolvimento\u201d, concluiu.<\/p>\n<p>&nbsp;<\/p>\n<p><strong>A ENTIDADE<\/strong><\/p>\n<p>A Aprecesp \u00e9 uma entidade privada e sem fins lucrativos e representa os interesses e atua pelo fomento tur\u00edstico dos 70 munic\u00edpios est\u00e2ncia do Estado, al\u00e9m de ter assento no Conselho Estadual de Turismo, na C\u00e2mara de Turismo da Federa\u00e7\u00e3o do Com\u00e9rcio e no COC \u2013 Conselho de Orienta\u00e7\u00e3o e Controle do DADETUR \u2013 Departamento de Apoio ao Desenvolvimento dos Munic\u00edpios Tur\u00edsticos da Secretaria Estadual de Turismo.<\/p>\n<p>&nbsp;<\/p>\n<p><strong>CONFIRA QUEM \u00c9 A CHAPA \u00daNICA \u201cTURISMO: NOVOS DIAS, NOVOS TEMPOS\u201d QUE CONCORRE A DIRETORIA EXECUTIVA DA APRECESP<\/strong><\/p>\n<ul>\n<li>Presidente: Leandro Luciano Dos Santos (prefeito de Santa Rita do Passa Quatro);<br \/>\n1\u00ba Vice-presidente: Gabriel dos Santos Oliveira Rosa (prefeito de Canan\u00e9ia);<\/li>\n<li>2\u00ba Vice-presidente: Marco Ant\u00f4nio de Oliveira (prefeito de Morungaba);<\/li>\n<li>1\u00ba Secret\u00e1rio: Edson Rodrigo de Oliveira Cunha (prefeito de Monte Alegre do Sul);<\/li>\n<li>2\u00ba Secret\u00e1rio: \u00a0Fernando Fiori de Godoi (prefeito de Holambra);<\/li>\n<li>3\u00ba Secret\u00e1rio: Andr\u00e9 Eduardo Bozola de Souza Pinto (prefeito de Socorro);<\/li>\n<li>1\u00ba Tesoureiro: Marco Aur\u00e9lio Gomes dos Santos (prefeito De Itanha\u00e9m);<\/li>\n<li>2\u00ba Tesoureiro: Frederico Guidoni Sacranello (prefeito de Campos do Jord\u00e3o);<\/li>\n<li>3\u00ba Tesoureiro: Ademir Maschio (prefeito de Santa F\u00e9 do Sul).<\/li>\n<\/ul>\n<p>&nbsp;<\/p>\n<p><strong>CONSELHO FISCAL: <\/strong>M\u00e1rcio Batista Ten\u00f3rio (Ilhabela), Leandro Correa (Brotas), Mauro Ap. Garcia Banhos (Joan\u00f3polis), Clodomiro Correio de Toledo Jr. (Santo Antonio do Pinhal), Alexandre de Siqueira Braga (S\u00e3o Jos\u00e9 do Barreiro), Edvard Colombo (Ibir\u00e1), s\u00e3o os titulares. Jesus Adib Abi Chedid (Bragan\u00e7a Paulista), Jo\u00e3o Mello (Ibi\u00fana) e Durval Ad\u00e9lio de Morais (Eldorado), os suplentes.<\/p>\n<p><strong>\u00a0<\/strong><\/p>\n<p><strong>\u00a0<\/strong><\/p>\n<p><em>\u00a0<\/em><\/p>\n<p>&nbsp;<\/p>\n<p>&nbsp;<\/p>\n","protected":false},"excerpt":{"rendered":"<p>Em chapa \u00fanica, Leandro Luciano dos Santos concorre ao cargo na mesa da entidade que representa 70 est\u00e2ncias paulistas na<\/p>\n","protected":false},"author":1,"featured_media":0,"comment_status":"open","ping_status":"open","sticky":false,"template":"","format":"standard","meta":{"footnotes":""},"categories":[60],"tags":[],"class_list":["post-452","post","type-post","status-publish","format-standard","hentry","category-turismo"],"_links":{"self":[{"href":"https:\/\/www.santaritadopassaquatro.sp.gov.br\/portal\/wp-json\/wp\/v2\/posts\/452","targetHints":{"allow":["GET"]}}],"collection":[{"href":"https:\/\/www.santaritadopassaquatro.sp.gov.br\/portal\/wp-json\/wp\/v2\/posts"}],"about":[{"href":"https:\/\/www.santaritadopassaquatro.sp.gov.br\/portal\/wp-json\/wp\/v2\/types\/post"}],"author":[{"embeddable":true,"href":"https:\/\/www.santaritadopassaquatro.sp.gov.br\/portal\/wp-json\/wp\/v2\/users\/1"}],"replies":[{"embeddable":true,"href":"https:\/\/www.santaritadopassaquatro.sp.gov.br\/portal\/wp-json\/wp\/v2\/comments?post=452"}],"version-history":[{"count":0,"href":"https:\/\/www.santaritadopassaquatro.sp.gov.br\/portal\/wp-json\/wp\/v2\/posts\/452\/revisions"}],"wp:attachment":[{"href":"https:\/\/www.santaritadopassaquatro.sp.gov.br\/portal\/wp-json\/wp\/v2\/media?parent=452"}],"wp:term":[{"taxonomy":"category","embeddable":true,"href":"https:\/\/www.santaritadopassaquatro.sp.gov.br\/portal\/wp-json\/wp\/v2\/categories?post=452"},{"taxonomy":"post_tag","embeddable":true,"href":"https:\/\/www.santaritadopassaquatro.sp.gov.br\/portal\/wp-json\/wp\/v2\/tags?post=452"}],"curies":[{"name":"wp","href":"https:\/\/api.w.org\/{rel}","templated":true}]}}