{"id":4579,"date":"2021-04-19T12:58:47","date_gmt":"2021-04-19T15:58:47","guid":{"rendered":"http:\/\/www.santaritadopassaquatro.sp.gov.br\/portal\/?p=4579"},"modified":"2021-04-30T12:59:53","modified_gmt":"2021-04-30T15:59:53","slug":"visita-tecnica-a-estacao-experimental","status":"publish","type":"post","link":"https:\/\/www.santaritadopassaquatro.sp.gov.br\/portal\/visita-tecnica-a-estacao-experimental\/","title":{"rendered":"Visita t\u00e9cnica \u00e0 Esta\u00e7\u00e3o Experimental"},"content":{"rendered":"<p>Na \u00faltima sexta-feira 16\/04, o Prefeito Municipal Marcelo Sim\u00e3o e o Diretor do Departamento de Agricultura e Meio Ambiente (DAMA) Germano Quaglio, fizeram uma visita t\u00e9cnica \u00e0 Esta\u00e7\u00e3o Experimental de Santa Rita do Passa Quatro &#8211; Funda\u00e7\u00e3o Florestal \/ SIMA &#8211; Secretaria de Infraestrutura e Meio Ambiente, com o intuito de alinhar ideias, para futuros projetos. Os mesmos foram recebidos pela Diretora das Unidades de Conserva\u00e7\u00e3o da Regi\u00e3o Metropolitana e Interior da Funda\u00e7\u00e3o Florestal &#8211; Lucila Manzatti; Bi\u00f3logos Respons\u00e1veis t\u00e9cnicos pela Esta\u00e7\u00e3o Experimental de Santa Rita do Passa Quatro &#8211; Andr\u00e9 Luis Teixeira De Lucca e Sonia Ap. Souza Evangelista e o Gerente Regional da Funda\u00e7\u00e3o Florestal &#8211; Josenei Gabriel Car\u00e1.<\/p>\n","protected":false},"excerpt":{"rendered":"<p>Na \u00faltima sexta-feira 16\/04, o Prefeito Municipal Marcelo Sim\u00e3o e o Diretor do Departamento de Agricultura e Meio Ambiente (DAMA)<\/p>\n","protected":false},"author":1,"featured_media":4580,"comment_status":"closed","ping_status":"open","sticky":false,"template":"","format":"standard","meta":{"footnotes":""},"categories":[48,53],"tags":[],"class_list":["post-4579","post","type-post","status-publish","format-standard","has-post-thumbnail","hentry","category-featured","category-meio-ambiente"],"_links":{"self":[{"href":"https:\/\/www.santaritadopassaquatro.sp.gov.br\/portal\/wp-json\/wp\/v2\/posts\/4579","targetHints":{"allow":["GET"]}}],"collection":[{"href":"https:\/\/www.santaritadopassaquatro.sp.gov.br\/portal\/wp-json\/wp\/v2\/posts"}],"about":[{"href":"https:\/\/www.santaritadopassaquatro.sp.gov.br\/portal\/wp-json\/wp\/v2\/types\/post"}],"author":[{"embeddable":true,"href":"https:\/\/www.santaritadopassaquatro.sp.gov.br\/portal\/wp-json\/wp\/v2\/users\/1"}],"replies":[{"embeddable":true,"href":"https:\/\/www.santaritadopassaquatro.sp.gov.br\/portal\/wp-json\/wp\/v2\/comments?post=4579"}],"version-history":[{"count":1,"href":"https:\/\/www.santaritadopassaquatro.sp.gov.br\/portal\/wp-json\/wp\/v2\/posts\/4579\/revisions"}],"predecessor-version":[{"id":4581,"href":"https:\/\/www.santaritadopassaquatro.sp.gov.br\/portal\/wp-json\/wp\/v2\/posts\/4579\/revisions\/4581"}],"wp:featuredmedia":[{"embeddable":true,"href":"https:\/\/www.santaritadopassaquatro.sp.gov.br\/portal\/wp-json\/wp\/v2\/media\/4580"}],"wp:attachment":[{"href":"https:\/\/www.santaritadopassaquatro.sp.gov.br\/portal\/wp-json\/wp\/v2\/media?parent=4579"}],"wp:term":[{"taxonomy":"category","embeddable":true,"href":"https:\/\/www.santaritadopassaquatro.sp.gov.br\/portal\/wp-json\/wp\/v2\/categories?post=4579"},{"taxonomy":"post_tag","embeddable":true,"href":"https:\/\/www.santaritadopassaquatro.sp.gov.br\/portal\/wp-json\/wp\/v2\/tags?post=4579"}],"curies":[{"name":"wp","href":"https:\/\/api.w.org\/{rel}","templated":true}]}}