{"id":4583,"date":"2021-05-03T18:55:16","date_gmt":"2021-05-03T21:55:16","guid":{"rendered":"http:\/\/www.santaritadopassaquatro.sp.gov.br\/portal\/?p=4583"},"modified":"2021-06-28T20:37:21","modified_gmt":"2021-06-28T23:37:21","slug":"atribuicao-de-aulas-25","status":"publish","type":"post","link":"https:\/\/www.santaritadopassaquatro.sp.gov.br\/portal\/atribuicao-de-aulas-25\/","title":{"rendered":"ATRIBUI\u00c7\u00c3O DE AULAS"},"content":{"rendered":"<p><strong>ATRIBUI\u00c7\u00c3O DE AULAS<\/strong><\/p>\n<table width=\"708\">\n<tbody>\n<tr>\n<td width=\"123\"><strong>SALAS\/<\/strong><\/p>\n<p><strong>DISCIPLINAS<\/strong><\/td>\n<td width=\"302\"><strong>\u00a0<\/strong><\/p>\n<p><strong>AULAS<\/strong><\/p>\n<p><strong>\u00a0<\/strong><\/td>\n<td width=\"113\"><strong>PERIODO<\/strong><\/p>\n<p><strong>\u00a0<\/strong><\/td>\n<td width=\"170\"><strong>EMEI<\/strong><\/td>\n<\/tr>\n<tr>\n<td width=\"123\">&nbsp;<\/p>\n<p>Projeto<\/p>\n<p>&nbsp;<\/p>\n<p>INGL\u00caS<\/td>\n<td width=\"302\">Em virtude da desist\u00eancia da Prof\u00aa B\u00e1rbara Viviane Jesus Souza Paulista<\/p>\n<p>20h\/aulas + 10HTPs<\/p>\n<p>&nbsp;<\/p>\n<p>Atendendo ao Edital Especial II, de 03\/05\/2021<\/p>\n<p>&nbsp;<\/td>\n<td width=\"113\">&nbsp;<\/p>\n<p>&nbsp;<\/p>\n<p>Tarde<\/p>\n<p>&nbsp;<\/td>\n<td width=\"170\">&nbsp;<\/p>\n<p>&nbsp;<\/p>\n<p>Jo\u00e3o Ribaldo<\/p>\n<p>&nbsp;<\/td>\n<\/tr>\n<\/tbody>\n<\/table>\n<p>&nbsp;<\/p>\n<p>&nbsp;<\/p>\n<p>&nbsp;<\/p>\n<table width=\"708\">\n<tbody>\n<tr>\n<td width=\"123\"><strong>SALAS\/<\/strong><\/p>\n<p><strong>DISCIPLINAS<\/strong><\/td>\n<td width=\"302\"><strong>\u00a0<\/strong><\/p>\n<p><strong>AULAS<\/strong><\/p>\n<p><strong>\u00a0<\/strong><\/td>\n<td width=\"113\"><strong>PERIODO<\/strong><\/p>\n<p><strong>\u00a0<\/strong><\/td>\n<td width=\"170\"><strong>EMEI<\/strong><\/td>\n<\/tr>\n<tr>\n<td width=\"123\">&nbsp;<\/p>\n<p>Projeto<\/p>\n<p>&nbsp;<\/p>\n<p>EDUCA\u00c7\u00c3O<\/p>\n<p>F\u00cdSICA<\/td>\n<td width=\"302\">Em virtude da desist\u00eancia do Prof. Hugo Fernando Glidiz.<\/p>\n<p>&nbsp;<\/p>\n<p>20h\/aulas + 10HTPs<\/p>\n<p>Ritmo e Movimentos<\/p>\n<p>&nbsp;<\/p>\n<p>Atendendo ao Edital Especial III, de 03\/05\/2021<\/p>\n<p>&nbsp;<\/td>\n<td width=\"113\">&nbsp;<\/p>\n<p>&nbsp;<\/p>\n<p>Tarde<\/p>\n<p>&nbsp;<\/td>\n<td width=\"170\">&nbsp;<\/p>\n<p>&nbsp;<\/p>\n<p>Jo\u00e3o Ribaldo<\/p>\n<p>&nbsp;<\/td>\n<\/tr>\n<\/tbody>\n<\/table>\n<p>&nbsp;<\/p>\n<p>&nbsp;<\/p>\n<p>&nbsp;<\/p>\n<table width=\"708\">\n<tbody>\n<tr>\n<td width=\"123\"><strong>SALAS\/<\/strong><\/p>\n<p><strong>DISCIPLINAS<\/strong><\/td>\n<td width=\"302\"><strong>\u00a0<\/strong><\/p>\n<p><strong>AULAS<\/strong><\/p>\n<p><strong>\u00a0<\/strong><\/td>\n<td width=\"113\"><strong>PERIODO<\/strong><\/p>\n<p><strong>\u00a0<\/strong><\/td>\n<td width=\"170\"><strong>EMEI<\/strong><\/td>\n<\/tr>\n<tr>\n<td width=\"123\">&nbsp;<\/p>\n<p>Projeto<\/td>\n<td width=\"302\">Em virtude da desist\u00eancia da Prof\u00aa Maiara Ap.\u00a0 Silva<\/p>\n<p>20h\/aulas + 10HTPs<\/p>\n<p>&nbsp;<\/p>\n<p>Atividades Interativas<\/td>\n<td width=\"113\">&nbsp;<\/p>\n<p>&nbsp;<\/p>\n<p>Tarde<\/p>\n<p>&nbsp;<\/td>\n<td width=\"170\">&nbsp;<\/p>\n<p>&nbsp;<\/p>\n<p>Jo\u00e3o Prud\u00eancio (Estrela)<\/p>\n<p>&nbsp;<\/td>\n<\/tr>\n<\/tbody>\n<\/table>\n<p>ANEXO: <a href=\"http:\/\/www.santaritadopassaquatro.sp.gov.br\/portal\/wp-content\/uploads\/2021\/05\/Cronograma-de-atribui\u00e7\u00e3o-2021.pdf\" target=\"_blank\" rel=\"noopener\">Cronograma de atribui\u00e7\u00e3o 2021<\/a><\/p>\n","protected":false},"excerpt":{"rendered":"<p>ATRIBUI\u00c7\u00c3O DE AULAS SALAS\/ DISCIPLINAS \u00a0 AULAS \u00a0 PERIODO \u00a0 EMEI &nbsp; Projeto &nbsp; INGL\u00caS Em virtude da desist\u00eancia da<\/p>\n","protected":false},"author":1,"featured_media":0,"comment_status":"closed","ping_status":"open","sticky":false,"template":"","format":"standard","meta":{"footnotes":""},"categories":[33],"tags":[],"class_list":["post-4583","post","type-post","status-publish","format-standard","hentry","category-atribuicao-de-aulas"],"_links":{"self":[{"href":"https:\/\/www.santaritadopassaquatro.sp.gov.br\/portal\/wp-json\/wp\/v2\/posts\/4583","targetHints":{"allow":["GET"]}}],"collection":[{"href":"https:\/\/www.santaritadopassaquatro.sp.gov.br\/portal\/wp-json\/wp\/v2\/posts"}],"about":[{"href":"https:\/\/www.santaritadopassaquatro.sp.gov.br\/portal\/wp-json\/wp\/v2\/types\/post"}],"author":[{"embeddable":true,"href":"https:\/\/www.santaritadopassaquatro.sp.gov.br\/portal\/wp-json\/wp\/v2\/users\/1"}],"replies":[{"embeddable":true,"href":"https:\/\/www.santaritadopassaquatro.sp.gov.br\/portal\/wp-json\/wp\/v2\/comments?post=4583"}],"version-history":[{"count":1,"href":"https:\/\/www.santaritadopassaquatro.sp.gov.br\/portal\/wp-json\/wp\/v2\/posts\/4583\/revisions"}],"predecessor-version":[{"id":4586,"href":"https:\/\/www.santaritadopassaquatro.sp.gov.br\/portal\/wp-json\/wp\/v2\/posts\/4583\/revisions\/4586"}],"wp:attachment":[{"href":"https:\/\/www.santaritadopassaquatro.sp.gov.br\/portal\/wp-json\/wp\/v2\/media?parent=4583"}],"wp:term":[{"taxonomy":"category","embeddable":true,"href":"https:\/\/www.santaritadopassaquatro.sp.gov.br\/portal\/wp-json\/wp\/v2\/categories?post=4583"},{"taxonomy":"post_tag","embeddable":true,"href":"https:\/\/www.santaritadopassaquatro.sp.gov.br\/portal\/wp-json\/wp\/v2\/tags?post=4583"}],"curies":[{"name":"wp","href":"https:\/\/api.w.org\/{rel}","templated":true}]}}