{"id":4587,"date":"2021-05-03T19:08:56","date_gmt":"2021-05-03T22:08:56","guid":{"rendered":"http:\/\/www.santaritadopassaquatro.sp.gov.br\/portal\/?p=4587"},"modified":"2021-05-03T19:08:56","modified_gmt":"2021-05-03T22:08:56","slug":"fundo-social-de-solidariedade","status":"publish","type":"post","link":"https:\/\/www.santaritadopassaquatro.sp.gov.br\/portal\/fundo-social-de-solidariedade\/","title":{"rendered":"Fundo Social de Solidariedade"},"content":{"rendered":"<p>O Fundo Social de Solidariedade de Santa Rita do Passa Quatro (SP) foi criado com objetivo de mobilizar a comunidade para atender \u00e0s necessidades da popula\u00e7\u00e3o mais carente e problemas sociais locais, hoje presidido pela atual primeira dama, Sr\u00aa Janeth Helen Bornhof. A D\u00e9cio Camargo distribuidora laboratorial, iniciou uma parceria com o Fundo Social para arrecada\u00e7\u00e3o de itens para manuten\u00e7\u00e3o, bem estar e sa\u00fade dessas fam\u00edlias, que foram afetadas diretamente pela ocorr\u00eancia da pandemia.<br \/>\nContamos com sua ajuda para fazer parte desta A\u00e7\u00e3o Solid\u00e1ria e com isso tentarmos reduzir a desigualdade social melhorando a qualidade de vida de todas as fam\u00edlias.<\/p>\n<p><img decoding=\"async\" class=\"alignnone size-large wp-image-4588 aligncenter\" src=\"http:\/\/www.santaritadopassaquatro.sp.gov.br\/portal\/wp-content\/uploads\/2021\/05\/4c63a648-da1b-43ca-aba0-75f30c77917b-1024x1024.jpg\" alt=\"\" width=\"800\" height=\"800\" srcset=\"https:\/\/www.santaritadopassaquatro.sp.gov.br\/portal\/wp-content\/uploads\/2021\/05\/4c63a648-da1b-43ca-aba0-75f30c77917b-1024x1024.jpg 1024w, https:\/\/www.santaritadopassaquatro.sp.gov.br\/portal\/wp-content\/uploads\/2021\/05\/4c63a648-da1b-43ca-aba0-75f30c77917b-150x150.jpg 150w, https:\/\/www.santaritadopassaquatro.sp.gov.br\/portal\/wp-content\/uploads\/2021\/05\/4c63a648-da1b-43ca-aba0-75f30c77917b-300x300.jpg 300w, https:\/\/www.santaritadopassaquatro.sp.gov.br\/portal\/wp-content\/uploads\/2021\/05\/4c63a648-da1b-43ca-aba0-75f30c77917b-768x768.jpg 768w, https:\/\/www.santaritadopassaquatro.sp.gov.br\/portal\/wp-content\/uploads\/2021\/05\/4c63a648-da1b-43ca-aba0-75f30c77917b.jpg 1080w\" sizes=\"(max-width: 800px) 100vw, 800px\" \/> <img decoding=\"async\" class=\"aligncenter size-large wp-image-4589\" src=\"http:\/\/www.santaritadopassaquatro.sp.gov.br\/portal\/wp-content\/uploads\/2021\/05\/8f327c2d-e270-4170-8bb4-b2525b4e9a9a-1024x1024.jpg\" alt=\"\" width=\"800\" height=\"800\" srcset=\"https:\/\/www.santaritadopassaquatro.sp.gov.br\/portal\/wp-content\/uploads\/2021\/05\/8f327c2d-e270-4170-8bb4-b2525b4e9a9a-1024x1024.jpg 1024w, https:\/\/www.santaritadopassaquatro.sp.gov.br\/portal\/wp-content\/uploads\/2021\/05\/8f327c2d-e270-4170-8bb4-b2525b4e9a9a-150x150.jpg 150w, https:\/\/www.santaritadopassaquatro.sp.gov.br\/portal\/wp-content\/uploads\/2021\/05\/8f327c2d-e270-4170-8bb4-b2525b4e9a9a-300x300.jpg 300w, https:\/\/www.santaritadopassaquatro.sp.gov.br\/portal\/wp-content\/uploads\/2021\/05\/8f327c2d-e270-4170-8bb4-b2525b4e9a9a-768x768.jpg 768w, https:\/\/www.santaritadopassaquatro.sp.gov.br\/portal\/wp-content\/uploads\/2021\/05\/8f327c2d-e270-4170-8bb4-b2525b4e9a9a.jpg 1080w\" sizes=\"(max-width: 800px) 100vw, 800px\" \/><\/p>\n","protected":false},"excerpt":{"rendered":"<p>O Fundo Social de Solidariedade de Santa Rita do Passa Quatro (SP) foi criado com objetivo de mobilizar a comunidade<\/p>\n","protected":false},"author":1,"featured_media":4588,"comment_status":"closed","ping_status":"open","sticky":false,"template":"","format":"standard","meta":{"footnotes":""},"categories":[43,48],"tags":[],"class_list":["post-4587","post","type-post","status-publish","format-standard","has-post-thumbnail","hentry","category-assistenciasocial","category-featured"],"_links":{"self":[{"href":"https:\/\/www.santaritadopassaquatro.sp.gov.br\/portal\/wp-json\/wp\/v2\/posts\/4587","targetHints":{"allow":["GET"]}}],"collection":[{"href":"https:\/\/www.santaritadopassaquatro.sp.gov.br\/portal\/wp-json\/wp\/v2\/posts"}],"about":[{"href":"https:\/\/www.santaritadopassaquatro.sp.gov.br\/portal\/wp-json\/wp\/v2\/types\/post"}],"author":[{"embeddable":true,"href":"https:\/\/www.santaritadopassaquatro.sp.gov.br\/portal\/wp-json\/wp\/v2\/users\/1"}],"replies":[{"embeddable":true,"href":"https:\/\/www.santaritadopassaquatro.sp.gov.br\/portal\/wp-json\/wp\/v2\/comments?post=4587"}],"version-history":[{"count":1,"href":"https:\/\/www.santaritadopassaquatro.sp.gov.br\/portal\/wp-json\/wp\/v2\/posts\/4587\/revisions"}],"predecessor-version":[{"id":4590,"href":"https:\/\/www.santaritadopassaquatro.sp.gov.br\/portal\/wp-json\/wp\/v2\/posts\/4587\/revisions\/4590"}],"wp:featuredmedia":[{"embeddable":true,"href":"https:\/\/www.santaritadopassaquatro.sp.gov.br\/portal\/wp-json\/wp\/v2\/media\/4588"}],"wp:attachment":[{"href":"https:\/\/www.santaritadopassaquatro.sp.gov.br\/portal\/wp-json\/wp\/v2\/media?parent=4587"}],"wp:term":[{"taxonomy":"category","embeddable":true,"href":"https:\/\/www.santaritadopassaquatro.sp.gov.br\/portal\/wp-json\/wp\/v2\/categories?post=4587"},{"taxonomy":"post_tag","embeddable":true,"href":"https:\/\/www.santaritadopassaquatro.sp.gov.br\/portal\/wp-json\/wp\/v2\/tags?post=4587"}],"curies":[{"name":"wp","href":"https:\/\/api.w.org\/{rel}","templated":true}]}}