{"id":4595,"date":"2021-05-11T12:36:13","date_gmt":"2021-05-11T15:36:13","guid":{"rendered":"http:\/\/www.santaritadopassaquatro.sp.gov.br\/portal\/?p=4595"},"modified":"2021-06-28T20:36:56","modified_gmt":"2021-06-28T23:36:56","slug":"atribuicao-de-aulas-26","status":"publish","type":"post","link":"https:\/\/www.santaritadopassaquatro.sp.gov.br\/portal\/atribuicao-de-aulas-26\/","title":{"rendered":"ATRIBUI\u00c7\u00c3O DE AULAS"},"content":{"rendered":"<p><strong>ATRIBUI\u00c7\u00c3O DE AULAS<\/strong><\/p>\n<table width=\"708\">\n<tbody>\n<tr>\n<td width=\"123\"><strong>SALAS\/<\/strong><\/p>\n<p><strong>DISCIPLINAS<\/strong><\/td>\n<td width=\"302\"><strong>\u00a0<\/strong><\/p>\n<p><strong>AULAS<\/strong><\/p>\n<p><strong>\u00a0<\/strong><\/td>\n<td width=\"113\"><strong>PERIODO<\/strong><\/p>\n<p><strong>\u00a0<\/strong><\/td>\n<td width=\"170\"><strong>EMEF<\/strong><\/td>\n<\/tr>\n<tr>\n<td width=\"123\">&nbsp;<\/p>\n<p>2\u00ba ano C<\/td>\n<td width=\"302\">Em virtude da Licen\u00e7a-sa\u00fade da Prof\u00aa Isabel Cristina Statuti, no per\u00edodo de 03\/05 a 31\/07\/2021<\/p>\n<p>&nbsp;<\/p>\n<p>20h\/aulas + 10HTPs<\/p>\n<p>&nbsp;<\/p>\n<p>&nbsp;<\/td>\n<td width=\"113\">&nbsp;<\/p>\n<p>&nbsp;<\/p>\n<p>Tarde<\/p>\n<p>&nbsp;<\/td>\n<td width=\"170\">&nbsp;<\/p>\n<p>&nbsp;<\/p>\n<p>Madre<\/p>\n<p>Carmelita<\/p>\n<p>&nbsp;<\/td>\n<\/tr>\n<\/tbody>\n<\/table>\n<p>&nbsp;<\/p>\n<p>&nbsp;<\/p>\n<p>&nbsp;<\/p>\n<table width=\"708\">\n<tbody>\n<tr>\n<td width=\"123\"><strong>SALAS\/<\/strong><\/p>\n<p><strong>DISCIPLINAS<\/strong><\/td>\n<td width=\"302\"><strong>\u00a0<\/strong><\/p>\n<p><strong>AULAS<\/strong><\/p>\n<p><strong>\u00a0<\/strong><\/td>\n<td width=\"113\"><strong>PERIODO<\/strong><\/p>\n<p><strong>\u00a0<\/strong><\/td>\n<td width=\"170\"><strong>EMEF<\/strong><\/td>\n<\/tr>\n<tr>\n<td width=\"123\">&nbsp;<\/p>\n<p>&nbsp;<\/p>\n<p>&nbsp;<\/p>\n<p>Inform\u00e1tica<\/td>\n<td width=\"302\">Em virtude da desist\u00eancia da Prof\u00aa Danila Lara Marchetti Pio Gracioso.<\/p>\n<p>\u00b7\u00a0\u00a0\u00a0\u00a0\u00a0\u00a0\u00a0\u00a0 09h\/aulas + 05HTPs<\/p>\n<p>&nbsp;<\/p>\n<p>\u00b7\u00a0\u00a0\u00a0\u00a0\u00a0\u00a0\u00a0\u00a0 10h\/aula<\/p>\n<p>\u00b7\u00a0\u00a0\u00a0\u00a0\u00a0\u00a0\u00a0\u00a0 06 h\/aula<\/p>\n<p>&nbsp;<\/p>\n<p>&nbsp;<\/td>\n<td width=\"113\">&nbsp;<\/p>\n<p>&nbsp;<\/p>\n<p>Manh\u00e3<\/p>\n<p>&nbsp;<\/p>\n<p>Manh\u00e3<\/p>\n<p>Tarde<\/td>\n<td width=\"170\">&nbsp;<\/p>\n<p>&nbsp;<\/p>\n<p>CAIC<\/p>\n<p>&nbsp;<\/p>\n<p>Jo\u00e3o Baptista (Estrela)<\/p>\n<p>&nbsp;<\/td>\n<\/tr>\n<\/tbody>\n<\/table>\n<p>&nbsp;<\/p>\n<p>&nbsp;<\/p>\n<p>&nbsp;<\/p>\n<table width=\"708\">\n<tbody>\n<tr>\n<td width=\"123\"><strong>SALAS\/<\/strong><\/p>\n<p><strong>DISCIPLINAS<\/strong><\/td>\n<td width=\"302\"><strong>\u00a0<\/strong><\/p>\n<p><strong>AULAS<\/strong><\/p>\n<p><strong>\u00a0<\/strong><\/td>\n<td width=\"113\"><strong>PERIODO<\/strong><\/p>\n<p><strong>\u00a0<\/strong><\/td>\n<td width=\"170\"><strong>EMEF<\/strong><\/td>\n<\/tr>\n<tr>\n<td width=\"123\">&nbsp;<\/p>\n<p>Arte<\/td>\n<td width=\"302\">Em virtude da desist\u00eancia da Prof\u00aa Ana Paula Daniela Lastoria.<\/p>\n<p>&nbsp;<\/p>\n<p>20h\/aula+ 10 HTPs<\/p>\n<p>&nbsp;<\/td>\n<td width=\"113\">&nbsp;<\/p>\n<p>Tarde<\/td>\n<td width=\"170\">&nbsp;<\/p>\n<p>Madre Carmelita<\/td>\n<\/tr>\n<\/tbody>\n<\/table>\n<p>&nbsp;<\/p>\n<p>Anexo: <a href=\"http:\/\/www.santaritadopassaquatro.sp.gov.br\/portal\/wp-content\/uploads\/2021\/05\/Cronograma-de-atribui\u00e7\u00e3o-2021-1.pdf\" target=\"_blank\" rel=\"noopener\">Cronograma de atribui\u00e7\u00e3o 2021<\/a><\/p>\n","protected":false},"excerpt":{"rendered":"<p>ATRIBUI\u00c7\u00c3O DE AULAS SALAS\/ DISCIPLINAS \u00a0 AULAS \u00a0 PERIODO \u00a0 EMEF &nbsp; 2\u00ba ano C Em virtude da Licen\u00e7a-sa\u00fade da<\/p>\n","protected":false},"author":1,"featured_media":0,"comment_status":"closed","ping_status":"open","sticky":false,"template":"","format":"standard","meta":{"footnotes":""},"categories":[33],"tags":[],"class_list":["post-4595","post","type-post","status-publish","format-standard","hentry","category-atribuicao-de-aulas"],"_links":{"self":[{"href":"https:\/\/www.santaritadopassaquatro.sp.gov.br\/portal\/wp-json\/wp\/v2\/posts\/4595","targetHints":{"allow":["GET"]}}],"collection":[{"href":"https:\/\/www.santaritadopassaquatro.sp.gov.br\/portal\/wp-json\/wp\/v2\/posts"}],"about":[{"href":"https:\/\/www.santaritadopassaquatro.sp.gov.br\/portal\/wp-json\/wp\/v2\/types\/post"}],"author":[{"embeddable":true,"href":"https:\/\/www.santaritadopassaquatro.sp.gov.br\/portal\/wp-json\/wp\/v2\/users\/1"}],"replies":[{"embeddable":true,"href":"https:\/\/www.santaritadopassaquatro.sp.gov.br\/portal\/wp-json\/wp\/v2\/comments?post=4595"}],"version-history":[{"count":1,"href":"https:\/\/www.santaritadopassaquatro.sp.gov.br\/portal\/wp-json\/wp\/v2\/posts\/4595\/revisions"}],"predecessor-version":[{"id":4597,"href":"https:\/\/www.santaritadopassaquatro.sp.gov.br\/portal\/wp-json\/wp\/v2\/posts\/4595\/revisions\/4597"}],"wp:attachment":[{"href":"https:\/\/www.santaritadopassaquatro.sp.gov.br\/portal\/wp-json\/wp\/v2\/media?parent=4595"}],"wp:term":[{"taxonomy":"category","embeddable":true,"href":"https:\/\/www.santaritadopassaquatro.sp.gov.br\/portal\/wp-json\/wp\/v2\/categories?post=4595"},{"taxonomy":"post_tag","embeddable":true,"href":"https:\/\/www.santaritadopassaquatro.sp.gov.br\/portal\/wp-json\/wp\/v2\/tags?post=4595"}],"curies":[{"name":"wp","href":"https:\/\/api.w.org\/{rel}","templated":true}]}}