{"id":4601,"date":"2021-05-11T12:42:00","date_gmt":"2021-05-11T15:42:00","guid":{"rendered":"http:\/\/www.santaritadopassaquatro.sp.gov.br\/portal\/?p=4601"},"modified":"2021-05-11T12:42:00","modified_gmt":"2021-05-11T15:42:00","slug":"queimadas-urbanas","status":"publish","type":"post","link":"https:\/\/www.santaritadopassaquatro.sp.gov.br\/portal\/queimadas-urbanas\/","title":{"rendered":"Queimadas Urbanas"},"content":{"rendered":"<p class=\"v1MsoNormal\">Estamos entrando no per\u00edodo de estiagem, de acordo com a Opera\u00e7\u00e3o Corta-Fogo do Estado de S\u00e3o Paulo, estamos na fase amarela (abril e maio), fase em que requer foco nas a\u00e7\u00f5es preventivas e de prepara\u00e7\u00e3o para enfrentar os inc\u00eandios florestais e urbanos. A queimada urbana \u00e9 crime ambiental, prevista em Lei Federal 9.605\/98 art. 54, e Lei Municipal n\u00ba 3.471\/2019, pois emite polui\u00e7\u00e3o na forma de fuma\u00e7a, causa risco de inc\u00eandio para as habita\u00e7\u00f5es locais, destr\u00f3i a vegeta\u00e7\u00e3o e pode causar a morte de animais que ocupem as redondezas. A inala\u00e7\u00e3o da fuma\u00e7a pode provocar infec\u00e7\u00e3o do sistema respirat\u00f3rio, asma e bronquite,\u00a0irrita\u00e7\u00e3o nos olhos, nariz e garganta,\u00a0tosse,\u00a0falta de ar,\u00a0vermelhid\u00e3o e alergia na pele,\u00a0conjuntivite,\u00a0dist\u00farbios cardiovasculares, dentre outros. Baseado nisso,\u00a0o Departamento de Agricultura e Meio Ambiente vem promovendo a\u00e7\u00f5es preventivas, preparativas atrav\u00e9s de parcerias, pois tem como objetivo proteger e manter o meio ambiente sadio e equilibrado, bem como evitar riscos para a vida humana, dos animais e plantas.<\/p>\n<p class=\"v1MsoNormal\">Segue abaixo as \u00faltimas ocorr\u00eancias de queimada urbana atendidas e controladas pelo PAM\/RINEM do munic\u00edpio de Santa Rita do Passa Quatro:<\/p>\n<p class=\"v1MsoNormal\"><b>\u00a0<\/b><\/p>\n<table class=\"v1MsoNormalTable\" border=\"0\" cellspacing=\"0\" cellpadding=\"0\">\n<tbody>\n<tr>\n<td valign=\"top\" width=\"111\">\n<p class=\"v1MsoListParagraphCxSpFirst\"><b>Data<\/b><\/p>\n<\/td>\n<td valign=\"top\" width=\"476\">\n<p class=\"v1MsoListParagraphCxSpLast\"><b>Local<\/b><\/p>\n<\/td>\n<\/tr>\n<tr>\n<td valign=\"top\" width=\"111\">\n<p class=\"v1MsoListParagraphCxSpFirst\"><b>25\/04\/2021<\/b><\/p>\n<\/td>\n<td valign=\"top\" width=\"476\">\n<p class=\"v1MsoListParagraphCxSpLast\">Rotat\u00f3ria do Horto Florestal<\/p>\n<\/td>\n<\/tr>\n<tr>\n<td valign=\"top\" width=\"111\">\n<p class=\"v1MsoListParagraphCxSpFirst\"><b>30\/04\/2021<\/b><\/p>\n<\/td>\n<td valign=\"top\" width=\"476\">\n<p class=\"v1MsoListParagraphCxSpLast\">Terreno pr\u00f3ximo \u00e0 Capela S\u00e3o Francisco<\/p>\n<\/td>\n<\/tr>\n<tr>\n<td valign=\"top\" width=\"111\">\n<p class=\"v1MsoListParagraphCxSpFirst\"><b>01\/05\/2021<\/b><\/p>\n<\/td>\n<td valign=\"top\" width=\"476\">\n<p class=\"v1MsoListParagraphCxSpLast\">Terreno no bairro Jardim Vila Real<\/p>\n<\/td>\n<\/tr>\n<tr>\n<td valign=\"top\" width=\"111\">\n<p class=\"v1MsoListParagraphCxSpFirst\"><b>01\/05\/2021<\/b><\/p>\n<\/td>\n<td valign=\"top\" width=\"476\">\n<p class=\"v1MsoListParagraphCxSpLast\">Terreno na Rua Domingos Teodoro de Souza &#8211; Bonanza<\/p>\n<\/td>\n<\/tr>\n<tr>\n<td valign=\"top\" width=\"111\">\n<p class=\"v1MsoListParagraphCxSpFirst\"><b>03\/05\/2021<\/b><\/p>\n<\/td>\n<td valign=\"top\" width=\"476\">\n<p class=\"v1MsoListParagraphCxSpLast\">Terreno na Rua Alcides do Nascimento<\/p>\n<\/td>\n<\/tr>\n<tr>\n<td valign=\"top\" width=\"111\">\n<p class=\"v1MsoListParagraphCxSpFirst\"><b>05\/05\/2021<\/b><\/p>\n<\/td>\n<td valign=\"top\" width=\"476\">\n<p class=\"v1MsoListParagraphCxSpLast\">Terreno no bairro Figueira Branca<\/p>\n<\/td>\n<\/tr>\n<tr>\n<td valign=\"top\" width=\"111\">\n<p class=\"v1MsoListParagraphCxSpFirst\"><b>06\/05\/2021<\/b><\/p>\n<\/td>\n<td valign=\"top\" width=\"476\">\n<p class=\"v1MsoListParagraphCxSpLast\">Zona Rural pr\u00f3xima ao Ib\u00f3 e Rei do Suco<\/p>\n<\/td>\n<\/tr>\n<tr>\n<td valign=\"top\" width=\"111\">\n<p class=\"v1MsoListParagraphCxSpFirst\"><b>06\/05\/2021<\/b><\/p>\n<\/td>\n<td valign=\"top\" width=\"476\">\n<p class=\"v1MsoListParagraphCxSpLast\">Zona Rural pr\u00f3xima ao Barro Preto<\/p>\n<\/td>\n<\/tr>\n<\/tbody>\n<\/table>\n<p class=\"v1MsoNormal\">\n<p class=\"v1MsoNormal\">A PMSRPQ pede encarecidamente que pessoas que testemunhem algu\u00e9m colocando fogo em terrenos e principalmente em matas, que denunciem ao Departamento de Agricultura e Meio Ambiente atrav\u00e9s dos telefones 3582-9007 e 3582-9004.<\/p>\n","protected":false},"excerpt":{"rendered":"<p>Estamos entrando no per\u00edodo de estiagem, de acordo com a Opera\u00e7\u00e3o Corta-Fogo do Estado de S\u00e3o Paulo, estamos na fase<\/p>\n","protected":false},"author":1,"featured_media":4602,"comment_status":"closed","ping_status":"open","sticky":false,"template":"","format":"standard","meta":{"footnotes":""},"categories":[48,53],"tags":[],"class_list":["post-4601","post","type-post","status-publish","format-standard","has-post-thumbnail","hentry","category-featured","category-meio-ambiente"],"_links":{"self":[{"href":"https:\/\/www.santaritadopassaquatro.sp.gov.br\/portal\/wp-json\/wp\/v2\/posts\/4601","targetHints":{"allow":["GET"]}}],"collection":[{"href":"https:\/\/www.santaritadopassaquatro.sp.gov.br\/portal\/wp-json\/wp\/v2\/posts"}],"about":[{"href":"https:\/\/www.santaritadopassaquatro.sp.gov.br\/portal\/wp-json\/wp\/v2\/types\/post"}],"author":[{"embeddable":true,"href":"https:\/\/www.santaritadopassaquatro.sp.gov.br\/portal\/wp-json\/wp\/v2\/users\/1"}],"replies":[{"embeddable":true,"href":"https:\/\/www.santaritadopassaquatro.sp.gov.br\/portal\/wp-json\/wp\/v2\/comments?post=4601"}],"version-history":[{"count":1,"href":"https:\/\/www.santaritadopassaquatro.sp.gov.br\/portal\/wp-json\/wp\/v2\/posts\/4601\/revisions"}],"predecessor-version":[{"id":4603,"href":"https:\/\/www.santaritadopassaquatro.sp.gov.br\/portal\/wp-json\/wp\/v2\/posts\/4601\/revisions\/4603"}],"wp:featuredmedia":[{"embeddable":true,"href":"https:\/\/www.santaritadopassaquatro.sp.gov.br\/portal\/wp-json\/wp\/v2\/media\/4602"}],"wp:attachment":[{"href":"https:\/\/www.santaritadopassaquatro.sp.gov.br\/portal\/wp-json\/wp\/v2\/media?parent=4601"}],"wp:term":[{"taxonomy":"category","embeddable":true,"href":"https:\/\/www.santaritadopassaquatro.sp.gov.br\/portal\/wp-json\/wp\/v2\/categories?post=4601"},{"taxonomy":"post_tag","embeddable":true,"href":"https:\/\/www.santaritadopassaquatro.sp.gov.br\/portal\/wp-json\/wp\/v2\/tags?post=4601"}],"curies":[{"name":"wp","href":"https:\/\/api.w.org\/{rel}","templated":true}]}}