{"id":4609,"date":"2021-04-23T12:48:39","date_gmt":"2021-04-23T15:48:39","guid":{"rendered":"http:\/\/www.santaritadopassaquatro.sp.gov.br\/portal\/?p=4609"},"modified":"2021-05-11T12:49:21","modified_gmt":"2021-05-11T15:49:21","slug":"reuniao-entre-departamento-de-agricultura-e-meio-ambiente-e-a-empresa-dgoias","status":"publish","type":"post","link":"https:\/\/www.santaritadopassaquatro.sp.gov.br\/portal\/reuniao-entre-departamento-de-agricultura-e-meio-ambiente-e-a-empresa-dgoias\/","title":{"rendered":"Reuni\u00e3o entre Departamento de Agricultura e Meio Ambiente e a empresa D\u2019Goi\u00e1s"},"content":{"rendered":"<p class=\"v1MsoNormal\"><b>\u201cParceria entre fomento, extens\u00e3o e pesquisa traz benef\u00edcios e solu\u00e7\u00f5es para produtores e empresa privada D\u2019Goi\u00e1s em Santa Rita do Passa Quatro\u201d<\/b><\/p>\n<p class=\"v1MsoNormal\"><b>\u00a0<\/b><\/p>\n<p class=\"v1MsoNormal\">No dia 23 de abril, o Diretor do Departamento de Agricultura e Meio Ambiente (DAMA), Germano Quaglio e a funcion\u00e1ria Ana Vict\u00f3ria Silvia, receberam o Diretor T\u00e9cnico de Divis\u00e3o da Coordenadoria de Desenvolvimento Rural Sustent\u00e1vel\/SAA (CDRS, antiga CATI), Carlos Henrique de Paula e Silva e a Pesquisadora do Centro de Horticultura do Instituto Agron\u00f4mico de Campinas (IAC)\/SAA, Dra. Sally Blat, em uma reuni\u00e3o juntamente com a dire\u00e7\u00e3o da empresa D\u2019Goi\u00e1s, senhores Victor Camilo e Rog\u00e9rio Jos\u00e9 Carnielli, para firmar parceria de projeto que visa resolver demandas e trazer ben\u00e9ficos \u00e0 empresa\u00a0 farinheira D\u00b4Goi\u00e1s e incentivar a produ\u00e7\u00e3o de mandioca pelos agricultores de nossa cidade. O projeto ser\u00e1 elaborado por pesquisadores do IAC (Dr. Jos\u00e9 Carlos Feltran e Dra. Sally Ferreira Blat) juntamente com o extensionista e diretor da CDRS Ribeir\u00e3o Preto, Eng. Agr. Carlos Henrique de Paula e Silva, os quais tamb\u00e9m auxiliar\u00e3o na condu\u00e7\u00e3o do projeto atrav\u00e9s da sele\u00e7\u00e3o de variedades e mudas, apoio tecnol\u00f3gico e direcionamento para o aumento da produtividade das futuras planta\u00e7\u00f5es de mandioca principalmente em Santa Rita do Passa Quatro e regi\u00e3o.<\/p>\n","protected":false},"excerpt":{"rendered":"<p>\u201cParceria entre fomento, extens\u00e3o e pesquisa traz benef\u00edcios e solu\u00e7\u00f5es para produtores e empresa privada D\u2019Goi\u00e1s em Santa Rita do<\/p>\n","protected":false},"author":1,"featured_media":4610,"comment_status":"closed","ping_status":"open","sticky":false,"template":"","format":"standard","meta":{"footnotes":""},"categories":[53],"tags":[],"class_list":["post-4609","post","type-post","status-publish","format-standard","has-post-thumbnail","hentry","category-meio-ambiente"],"_links":{"self":[{"href":"https:\/\/www.santaritadopassaquatro.sp.gov.br\/portal\/wp-json\/wp\/v2\/posts\/4609","targetHints":{"allow":["GET"]}}],"collection":[{"href":"https:\/\/www.santaritadopassaquatro.sp.gov.br\/portal\/wp-json\/wp\/v2\/posts"}],"about":[{"href":"https:\/\/www.santaritadopassaquatro.sp.gov.br\/portal\/wp-json\/wp\/v2\/types\/post"}],"author":[{"embeddable":true,"href":"https:\/\/www.santaritadopassaquatro.sp.gov.br\/portal\/wp-json\/wp\/v2\/users\/1"}],"replies":[{"embeddable":true,"href":"https:\/\/www.santaritadopassaquatro.sp.gov.br\/portal\/wp-json\/wp\/v2\/comments?post=4609"}],"version-history":[{"count":1,"href":"https:\/\/www.santaritadopassaquatro.sp.gov.br\/portal\/wp-json\/wp\/v2\/posts\/4609\/revisions"}],"predecessor-version":[{"id":4611,"href":"https:\/\/www.santaritadopassaquatro.sp.gov.br\/portal\/wp-json\/wp\/v2\/posts\/4609\/revisions\/4611"}],"wp:featuredmedia":[{"embeddable":true,"href":"https:\/\/www.santaritadopassaquatro.sp.gov.br\/portal\/wp-json\/wp\/v2\/media\/4610"}],"wp:attachment":[{"href":"https:\/\/www.santaritadopassaquatro.sp.gov.br\/portal\/wp-json\/wp\/v2\/media?parent=4609"}],"wp:term":[{"taxonomy":"category","embeddable":true,"href":"https:\/\/www.santaritadopassaquatro.sp.gov.br\/portal\/wp-json\/wp\/v2\/categories?post=4609"},{"taxonomy":"post_tag","embeddable":true,"href":"https:\/\/www.santaritadopassaquatro.sp.gov.br\/portal\/wp-json\/wp\/v2\/tags?post=4609"}],"curies":[{"name":"wp","href":"https:\/\/api.w.org\/{rel}","templated":true}]}}